{"id":48181,"date":"2025-12-04T16:35:29","date_gmt":"2025-12-04T19:35:29","guid":{"rendered":"https:\/\/newsinfoco.com.br\/inicio\/?p=48181"},"modified":"2025-12-04T16:37:08","modified_gmt":"2025-12-04T19:37:08","slug":"marina-silva-e-hospitalizada-em-brasilia-apos-dor-subita-na-lombar","status":"publish","type":"post","link":"https:\/\/newsinfoco.com.br\/inicio\/marina-silva-e-hospitalizada-em-brasilia-apos-dor-subita-na-lombar\/","title":{"rendered":"Marina Silva \u00e9 hospitalizada em Bras\u00edlia ap\u00f3s dor s\u00fabita na lombar"},"content":{"rendered":"<p class=\"pf0\"><span class=\"cf0\">A ministra do Meio Ambiente e Mudan\u00e7a do Clima, Marina Silva, precisou ser internada nesta quarta-feira (3), em Bras\u00edlia, ap\u00f3s sentir uma dor intensa na lombar enquanto cuidava de plantas em sua resid\u00eancia. E<\/span><span class=\"cf0\">xames realizados no hospital identificaram uma fratura leve na v\u00e9rtebra L4.<\/span><\/p>\n<p class=\"pf0\"><span class=\"cf0\">De acordo com o Minist\u00e9rio do Meio Ambiente, Marina recebeu medica\u00e7\u00e3o, n\u00e3o apresenta complica\u00e7\u00f5es e a previs\u00e3o \u00e9 de que tenha alta ainda hoje.<\/span><\/p><div class=\"newsi-conteudo_19\" id=\"newsi-2688265664\"><a href=\"https:\/\/www.instagram.com\/prefeituraalagoinhas?igsh=YzgzdDJ1bWR3aWI4\" aria-label=\"SAVE_20251006_221555\"><img loading=\"lazy\" decoding=\"async\" src=\"https:\/\/newsinfoco.com.br\/inicio\/wp-content\/uploads\/2025\/10\/SAVE_20251006_221555-rotated.jpg\" alt=\"\"  srcset=\"https:\/\/newsinfoco.com.br\/inicio\/wp-content\/uploads\/2025\/10\/SAVE_20251006_221555-rotated.jpg 1140w, https:\/\/newsinfoco.com.br\/inicio\/wp-content\/uploads\/2025\/10\/SAVE_20251006_221555-300x52.jpg 300w, https:\/\/newsinfoco.com.br\/inicio\/wp-content\/uploads\/2025\/10\/SAVE_20251006_221555-1024x177.jpg 1024w, https:\/\/newsinfoco.com.br\/inicio\/wp-content\/uploads\/2025\/10\/SAVE_20251006_221555-768x133.jpg 768w, https:\/\/newsinfoco.com.br\/inicio\/wp-content\/uploads\/2025\/10\/SAVE_20251006_221555-600x104.jpg 600w, https:\/\/newsinfoco.com.br\/inicio\/wp-content\/uploads\/2025\/10\/SAVE_20251006_221555-696x120.jpg 696w, https:\/\/newsinfoco.com.br\/inicio\/wp-content\/uploads\/2025\/10\/SAVE_20251006_221555-1068x185.jpg 1068w\" sizes=\"(max-width: 1140px) 100vw, 1140px\" width=\"1140\" height=\"197\"   \/><\/a><\/div>\n<p class=\"pf0\"><span class=\"cf0\">A ministra est\u00e1 de f\u00e9rias nesta semana e, conforme recomenda\u00e7\u00e3o m\u00e9dica, dever\u00e1 suspender compromissos presenciais nos pr\u00f3ximos dias, mantendo apenas atividades remotas at\u00e9 sua recupera\u00e7\u00e3o completa.<\/span><\/p>\n<p class=\"pf0\"><span class=\"cf0\">\u201cDe acordo com orienta\u00e7\u00f5es m\u00e9dicas, a ministra precisar\u00e1 se afastar das atividades presenciais nas pr\u00f3ximas semanas, mas poder\u00e1 seguir trabalhando de forma remota durante esse per\u00edodo\u201d, informou o Minist\u00e9rio do Meio Ambiente.<\/span><\/p>\n<div>\n<div>\n<div class=\"trv-player-container\">\n<div class=\"trv-wrapper\">\n<div id=\"br_video_player_83624eb56215a0e347dfea147751da9dc3c659f9\" class=\"trvd_video_player trvdfloater trv-right\">\n<div class=\"media-player\"><\/div>\n<div class=\"trv-autoskip-container\">\n<div class=\"trv-autoskip-background\">\n<div class=\"trv-autoskip-line-top\">\n<div>Bahia.Ba<\/div>\n<\/div>\n<div class=\"trv-autoskip-line-bottom\">\n<div><\/div>\n<\/div>\n<div class=\"trv-autoskip-line-left\">\n<div><\/div>\n<\/div>\n<\/div>\n<div class=\"autoskip-btn autoskip-btn-blue\"><\/div>\n<div class=\"autoskip-btn autoskip-btn-gray\"><\/div>\n<\/div>\n<div><\/div>\n<\/div>\n<\/div>\n<\/div>\n<\/div>\n<\/div>\n<div class='share-to-whatsapp-wrapper'><div class='share-on-whsp'>Share on: <\/div><a data-text='Marina Silva \u00e9 hospitalizada em Bras\u00edlia ap\u00f3s dor s\u00fabita na lombar' data-link='https:\/\/newsinfoco.com.br\/inicio\/marina-silva-e-hospitalizada-em-brasilia-apos-dor-subita-na-lombar\/' class='whatsapp-button whatsapp-share'>WhatsApp<\/a><div class='clear '><\/div><\/div>","protected":false},"excerpt":{"rendered":"<p>A ministra do Meio Ambiente e Mudan\u00e7a do Clima, Marina Silva, precisou ser internada nesta quarta-feira (3), em Bras\u00edlia, ap\u00f3s sentir uma dor intensa na lombar enquanto cuidava de plantas em sua resid\u00eancia. Exames realizados no hospital identificaram uma fratura leve na v\u00e9rtebra L4. De acordo com o Minist\u00e9rio do Meio Ambiente, Marina recebeu medica\u00e7\u00e3o, [&hellip;]<\/p>\n","protected":false},"author":1,"featured_media":48182,"comment_status":"closed","ping_status":"closed","sticky":false,"template":"","format":"standard","meta":{"om_disable_all_campaigns":false,"_exactmetrics_skip_tracking":false,"_exactmetrics_sitenote_active":false,"_exactmetrics_sitenote_note":"","_exactmetrics_sitenote_category":0,"footnotes":""},"categories":[21],"tags":[],"class_list":["post-48181","post","type-post","status-publish","format-standard","has-post-thumbnail","hentry","category-brasil"],"aioseo_notices":[],"_links":{"self":[{"href":"https:\/\/newsinfoco.com.br\/inicio\/wp-json\/wp\/v2\/posts\/48181","targetHints":{"allow":["GET"]}}],"collection":[{"href":"https:\/\/newsinfoco.com.br\/inicio\/wp-json\/wp\/v2\/posts"}],"about":[{"href":"https:\/\/newsinfoco.com.br\/inicio\/wp-json\/wp\/v2\/types\/post"}],"author":[{"embeddable":true,"href":"https:\/\/newsinfoco.com.br\/inicio\/wp-json\/wp\/v2\/users\/1"}],"replies":[{"embeddable":true,"href":"https:\/\/newsinfoco.com.br\/inicio\/wp-json\/wp\/v2\/comments?post=48181"}],"version-history":[{"count":1,"href":"https:\/\/newsinfoco.com.br\/inicio\/wp-json\/wp\/v2\/posts\/48181\/revisions"}],"predecessor-version":[{"id":48183,"href":"https:\/\/newsinfoco.com.br\/inicio\/wp-json\/wp\/v2\/posts\/48181\/revisions\/48183"}],"wp:featuredmedia":[{"embeddable":true,"href":"https:\/\/newsinfoco.com.br\/inicio\/wp-json\/wp\/v2\/media\/48182"}],"wp:attachment":[{"href":"https:\/\/newsinfoco.com.br\/inicio\/wp-json\/wp\/v2\/media?parent=48181"}],"wp:term":[{"taxonomy":"category","embeddable":true,"href":"https:\/\/newsinfoco.com.br\/inicio\/wp-json\/wp\/v2\/categories?post=48181"},{"taxonomy":"post_tag","embeddable":true,"href":"https:\/\/newsinfoco.com.br\/inicio\/wp-json\/wp\/v2\/tags?post=48181"}],"curies":[{"name":"wp","href":"https:\/\/api.w.org\/{rel}","templated":true}]}}