{"id":48184,"date":"2025-12-04T16:47:48","date_gmt":"2025-12-04T19:47:48","guid":{"rendered":"https:\/\/newsinfoco.com.br\/inicio\/?p=48184"},"modified":"2025-12-04T16:47:48","modified_gmt":"2025-12-04T19:47:48","slug":"paulo-azi-critica-gilmar-mendes-e-cobra-avanco-de-projeto-contra-monocraticas","status":"publish","type":"post","link":"https:\/\/newsinfoco.com.br\/inicio\/paulo-azi-critica-gilmar-mendes-e-cobra-avanco-de-projeto-contra-monocraticas\/","title":{"rendered":"Paulo Azi critica Gilmar Mendes e cobra avan\u00e7o de projeto contra monocr\u00e1ticas"},"content":{"rendered":"<p><main><\/p>\n<div class=\"container\">\n<div class=\"main-interno \">\n<div class=\"grid-base-int\">\n<div class=\"materia-conteudo\">\n<div class=\"materia\">\n<div class=\"conteudo_post\">\n<p>O deputado federal Paulo Azi (Uni\u00e3o Brasil) criticou nesta quinta-feira (4) a decis\u00e3o recente do ministro Gilmar Mendes, do Supremo Tribunal Federal (STF), que restringiu a possibilidade de cidad\u00e3os apresentarem pedidos de impeachment contra integrantes da Corte. Essa prerrogativa, segundo o ministro, caberia apenas \u00e0 Procuradoria-Geral da Rep\u00fablica (PGR).<\/p>\n<p>\u201cO ato n\u00e3o atinge apenas as prerrogativas do Senado Federal; vai muito al\u00e9m disso. Ao impedir que o verdadeiro senhor da democracia, o povo, possa propor a\u00e7\u00f5es contra seus integrantes por crime de responsabilidade, a decis\u00e3o atinge cl\u00e1usula p\u00e9trea da Constitui\u00e7\u00e3o que protege os direitos fundamentais do cidad\u00e3o\u201d, disse o deputado.<\/p>\n<div>\n<div>\n<div class=\"trv-player-container\">\n<div class=\"trv-wrapper\">\n<div id=\"br_video_player_81a6c3f83b69de637434ea147751da9dc3c659f9\" class=\"trvd_video_player trvdinstream\">\n<div class=\"media-player\">\n<div class=\"trv-video\">\n<div id=\"truvid_ima_container29090\" class=\"truvid_ima_container\">\n<div>\n<div><\/div>\n<\/div>\n<\/div>\n<\/div>\n<\/div>\n<\/div>\n<\/div>\n<\/div>\n<\/div>\n<\/div>\n<\/div>\n<\/div>\n<\/div>\n<\/div>\n<\/div>\n<\/div>\n<p><\/main><\/p>\n<div id=\"fb-root\" class=\" fb_reset\">\n<div id=\"fb-root\" class=\" fb_reset\">\n<div id=\"fb-root\" class=\" fb_reset\">\n<div id=\"fb-root\" class=\" fb_reset\">\n<div class=\"conteudo_post\">\n<p>O pol\u00edtico aind adefendeu que o Legislativo precisa reagir a esses \u2018excessos\u2019 e apontou como sa\u00edda a aprova\u00e7\u00e3o do PL 3.640\/2023, projeto j\u00e1 aprovado em car\u00e1ter conclusivo na Comiss\u00e3o de Constitui\u00e7\u00e3o e Justi\u00e7a e de Cidadania (CCJ) da C\u00e2mara e atualmente em tramita\u00e7\u00e3o no Senado.<\/p>\n<p>\u201c\u00c9 urgente coibir esses excessos, e um dos rem\u00e9dios para isso \u00e9 a aprecia\u00e7\u00e3o do PL 3640\/2023. O projeto, entre outras medidas de controle de constitucionalidade, limita a concess\u00e3o de decis\u00f5es monocr\u00e1ticas pelos ministros do STF, assim como aqueles que ter\u00e3o legitimidade para propor ADI ou ADPF \u00e0 Suprema Corte\u201d, destacou Azi.<\/p>\n<\/div>\n<div id=\"author-info\" class=\"ui items\">\n<div class=\"item\">\n<div class=\"conteudo_post\"><\/div>\n<div id=\"author-info\" class=\"ui items\">\n<div class=\"item\">\n<div id=\"author-info\" class=\"ui items\">\n<div class=\"item\">\n<div id=\"author-info\" class=\"ui items\">\n<div class=\"item\">\n<div id=\"author-info\" class=\"ui items\">\n<div class=\"item\">Bahia.Ba<\/div>\n<\/div>\n<\/div>\n<\/div>\n<\/div>\n<\/div>\n<\/div>\n<\/div>\n<\/div>\n<\/div>\n<\/div>\n<\/div>\n<\/div>\n<\/div>\n<div class='share-to-whatsapp-wrapper'><div class='share-on-whsp'>Share on: <\/div><a data-text='Paulo Azi critica Gilmar Mendes e cobra avan\u00e7o de projeto contra monocr\u00e1ticas' data-link='https:\/\/newsinfoco.com.br\/inicio\/paulo-azi-critica-gilmar-mendes-e-cobra-avanco-de-projeto-contra-monocraticas\/' class='whatsapp-button whatsapp-share'>WhatsApp<\/a><div class='clear '><\/div><\/div>","protected":false},"excerpt":{"rendered":"<p>O deputado federal Paulo Azi (Uni\u00e3o Brasil) criticou nesta quinta-feira (4) a decis\u00e3o recente do ministro Gilmar Mendes, do Supremo Tribunal Federal (STF), que restringiu a possibilidade de cidad\u00e3os apresentarem pedidos de impeachment contra integrantes da Corte. Essa prerrogativa, segundo o ministro, caberia apenas \u00e0 Procuradoria-Geral da Rep\u00fablica (PGR). \u201cO ato n\u00e3o atinge apenas as [&hellip;]<\/p>\n","protected":false},"author":1,"featured_media":48185,"comment_status":"closed","ping_status":"closed","sticky":false,"template":"","format":"standard","meta":{"om_disable_all_campaigns":false,"_exactmetrics_skip_tracking":false,"_exactmetrics_sitenote_active":false,"_exactmetrics_sitenote_note":"","_exactmetrics_sitenote_category":0,"footnotes":""},"categories":[19],"tags":[],"class_list":["post-48184","post","type-post","status-publish","format-standard","has-post-thumbnail","hentry","category-bahia"],"aioseo_notices":[],"_links":{"self":[{"href":"https:\/\/newsinfoco.com.br\/inicio\/wp-json\/wp\/v2\/posts\/48184","targetHints":{"allow":["GET"]}}],"collection":[{"href":"https:\/\/newsinfoco.com.br\/inicio\/wp-json\/wp\/v2\/posts"}],"about":[{"href":"https:\/\/newsinfoco.com.br\/inicio\/wp-json\/wp\/v2\/types\/post"}],"author":[{"embeddable":true,"href":"https:\/\/newsinfoco.com.br\/inicio\/wp-json\/wp\/v2\/users\/1"}],"replies":[{"embeddable":true,"href":"https:\/\/newsinfoco.com.br\/inicio\/wp-json\/wp\/v2\/comments?post=48184"}],"version-history":[{"count":1,"href":"https:\/\/newsinfoco.com.br\/inicio\/wp-json\/wp\/v2\/posts\/48184\/revisions"}],"predecessor-version":[{"id":48186,"href":"https:\/\/newsinfoco.com.br\/inicio\/wp-json\/wp\/v2\/posts\/48184\/revisions\/48186"}],"wp:featuredmedia":[{"embeddable":true,"href":"https:\/\/newsinfoco.com.br\/inicio\/wp-json\/wp\/v2\/media\/48185"}],"wp:attachment":[{"href":"https:\/\/newsinfoco.com.br\/inicio\/wp-json\/wp\/v2\/media?parent=48184"}],"wp:term":[{"taxonomy":"category","embeddable":true,"href":"https:\/\/newsinfoco.com.br\/inicio\/wp-json\/wp\/v2\/categories?post=48184"},{"taxonomy":"post_tag","embeddable":true,"href":"https:\/\/newsinfoco.com.br\/inicio\/wp-json\/wp\/v2\/tags?post=48184"}],"curies":[{"name":"wp","href":"https:\/\/api.w.org\/{rel}","templated":true}]}}