{"id":48187,"date":"2025-12-04T16:55:11","date_gmt":"2025-12-04T19:55:11","guid":{"rendered":"https:\/\/newsinfoco.com.br\/inicio\/?p=48187"},"modified":"2025-12-04T16:55:11","modified_gmt":"2025-12-04T19:55:11","slug":"prefeitura-lanca-edital-para-selecao-de-corais-do-natal-2025","status":"publish","type":"post","link":"https:\/\/newsinfoco.com.br\/inicio\/prefeitura-lanca-edital-para-selecao-de-corais-do-natal-2025\/","title":{"rendered":"Prefeitura lan\u00e7a edital para sele\u00e7\u00e3o de corais do Natal 2025"},"content":{"rendered":"<p>A Prefeitura de Alagoinhas iniciou, nesta quinta-feira, 04, o per\u00edodo de convoca\u00e7\u00e3o para sele\u00e7\u00e3o de projetos que receber\u00e3o apoio financeiro para apresenta\u00e7\u00f5es de corais durante a programa\u00e7\u00e3o do Natal. As apresenta\u00e7\u00f5es ocorrer\u00e3o de 19 a 23 de dezembro de 2025, nas janelas do pr\u00e9dio da Prefeitura. A iniciativa \u00e9 viabilizada pela\u00a0Lei 14.399\/2022, Pol\u00edtica Nacional Aldir Blanc de Fomento \u00e0 Cultura \u2013 PNAB, na Lei n\u00ba 14.903\/2024 (Marco regulat\u00f3rio de fomento \u00e0 cultura), no Decreto 11.740\/2023 (Decreto PNAB) e no Decreto n\u00ba 11.453\/2023 (Decreto de fomento).<\/p>\n<p>Os interessados devem entregar a documenta\u00e7\u00e3o entre os dias 04 e 09 de dezembro, das 9h \u00e0s 14h, na Secretaria de Esporte, Cultura e Turismo (Secet), que fica no pr\u00e9dio da Biblioteca Municipal Maria Feij\u00f3.<\/p><div class=\"newsi-conteudo_19\" id=\"newsi-4289747452\"><a href=\"https:\/\/www.instagram.com\/prefeituraalagoinhas?igsh=YzgzdDJ1bWR3aWI4\" aria-label=\"SAVE_20251006_221555\"><img loading=\"lazy\" decoding=\"async\" src=\"https:\/\/newsinfoco.com.br\/inicio\/wp-content\/uploads\/2025\/10\/SAVE_20251006_221555-rotated.jpg\" alt=\"\"  srcset=\"https:\/\/newsinfoco.com.br\/inicio\/wp-content\/uploads\/2025\/10\/SAVE_20251006_221555-rotated.jpg 1140w, https:\/\/newsinfoco.com.br\/inicio\/wp-content\/uploads\/2025\/10\/SAVE_20251006_221555-300x52.jpg 300w, https:\/\/newsinfoco.com.br\/inicio\/wp-content\/uploads\/2025\/10\/SAVE_20251006_221555-1024x177.jpg 1024w, https:\/\/newsinfoco.com.br\/inicio\/wp-content\/uploads\/2025\/10\/SAVE_20251006_221555-768x133.jpg 768w, https:\/\/newsinfoco.com.br\/inicio\/wp-content\/uploads\/2025\/10\/SAVE_20251006_221555-600x104.jpg 600w, https:\/\/newsinfoco.com.br\/inicio\/wp-content\/uploads\/2025\/10\/SAVE_20251006_221555-696x120.jpg 696w, https:\/\/newsinfoco.com.br\/inicio\/wp-content\/uploads\/2025\/10\/SAVE_20251006_221555-1068x185.jpg 1068w\" sizes=\"(max-width: 1140px) 100vw, 1140px\" width=\"1140\" height=\"197\"   \/><\/a><\/div>\n<p>O edital est\u00e1 dispon\u00edvel gratuitamente nos portais doem.org.br\/alagoinhas\/editais e gov.br\/pncp. Outras informa\u00e7\u00f5es podem ser obtidas pelo e-mail licitacoes@alagoinhas.ba.gov.br.<\/p>\n<p><strong>Documentos necess\u00e1rios:<\/strong><br \/>\n\u2013 Formul\u00e1rio de inscri\u00e7\u00e3o (Anexo II) que constitui o Plano de Trabalho (projeto);<br \/>\n-Documentos espec\u00edficos relacionados na categoria de apoio em que o projeto ser\u00e1 inscrito conforme Anexo I, quando houver;<br \/>\n-Autodeclara\u00e7\u00e3o \u00e9tnico-racial ou de pessoa com defici\u00eancia, se for concorrer \u00e0s cota<\/p>\n<p>\u2013 Declara\u00e7\u00e3o de representa\u00e7\u00e3o, se for concorrer como um coletivo sem CNPJ; e<br \/>\n\u2013 Outros documentos que o agente cultural julgar necess\u00e1rio para auxiliar na avalia\u00e7\u00e3o do m\u00e9rito cultural do projeto.<br \/>\n\u2013 Quando se tratar de pessoa f\u00edsica: c\u00f3pias do RG e inscri\u00e7\u00e3o no Cadastro de Pessoas F\u00edsicas \u2013 CPF, ou, quando se tratar de pessoa jur\u00eddica: c\u00f3pia da inscri\u00e7\u00e3o no Cadastro Nacional de Pessoa Jur\u00eddica \u2013 CNPJ, emitida no site da Secretaria da Receita Federal do Brasil.<\/p>\n<div class='share-to-whatsapp-wrapper'><div class='share-on-whsp'>Share on: <\/div><a data-text='Prefeitura lan\u00e7a edital para sele\u00e7\u00e3o de corais do Natal 2025' data-link='https:\/\/newsinfoco.com.br\/inicio\/prefeitura-lanca-edital-para-selecao-de-corais-do-natal-2025\/' class='whatsapp-button whatsapp-share'>WhatsApp<\/a><div class='clear '><\/div><\/div>","protected":false},"excerpt":{"rendered":"<p>A Prefeitura de Alagoinhas iniciou, nesta quinta-feira, 04, o per\u00edodo de convoca\u00e7\u00e3o para sele\u00e7\u00e3o de projetos que receber\u00e3o apoio financeiro para apresenta\u00e7\u00f5es de corais durante a programa\u00e7\u00e3o do Natal. As apresenta\u00e7\u00f5es ocorrer\u00e3o de 19 a 23 de dezembro de 2025, nas janelas do pr\u00e9dio da Prefeitura. A iniciativa \u00e9 viabilizada pela\u00a0Lei 14.399\/2022, Pol\u00edtica Nacional Aldir [&hellip;]<\/p>\n","protected":false},"author":1,"featured_media":48188,"comment_status":"closed","ping_status":"closed","sticky":false,"template":"","format":"standard","meta":{"om_disable_all_campaigns":false,"_exactmetrics_skip_tracking":false,"_exactmetrics_sitenote_active":false,"_exactmetrics_sitenote_note":"","_exactmetrics_sitenote_category":0,"footnotes":""},"categories":[38,167],"tags":[],"class_list":["post-48187","post","type-post","status-publish","format-standard","has-post-thumbnail","hentry","category-alagoinhas-e-regiao","category-exclusivas"],"aioseo_notices":[],"_links":{"self":[{"href":"https:\/\/newsinfoco.com.br\/inicio\/wp-json\/wp\/v2\/posts\/48187","targetHints":{"allow":["GET"]}}],"collection":[{"href":"https:\/\/newsinfoco.com.br\/inicio\/wp-json\/wp\/v2\/posts"}],"about":[{"href":"https:\/\/newsinfoco.com.br\/inicio\/wp-json\/wp\/v2\/types\/post"}],"author":[{"embeddable":true,"href":"https:\/\/newsinfoco.com.br\/inicio\/wp-json\/wp\/v2\/users\/1"}],"replies":[{"embeddable":true,"href":"https:\/\/newsinfoco.com.br\/inicio\/wp-json\/wp\/v2\/comments?post=48187"}],"version-history":[{"count":1,"href":"https:\/\/newsinfoco.com.br\/inicio\/wp-json\/wp\/v2\/posts\/48187\/revisions"}],"predecessor-version":[{"id":48189,"href":"https:\/\/newsinfoco.com.br\/inicio\/wp-json\/wp\/v2\/posts\/48187\/revisions\/48189"}],"wp:featuredmedia":[{"embeddable":true,"href":"https:\/\/newsinfoco.com.br\/inicio\/wp-json\/wp\/v2\/media\/48188"}],"wp:attachment":[{"href":"https:\/\/newsinfoco.com.br\/inicio\/wp-json\/wp\/v2\/media?parent=48187"}],"wp:term":[{"taxonomy":"category","embeddable":true,"href":"https:\/\/newsinfoco.com.br\/inicio\/wp-json\/wp\/v2\/categories?post=48187"},{"taxonomy":"post_tag","embeddable":true,"href":"https:\/\/newsinfoco.com.br\/inicio\/wp-json\/wp\/v2\/tags?post=48187"}],"curies":[{"name":"wp","href":"https:\/\/api.w.org\/{rel}","templated":true}]}}