{"id":48190,"date":"2025-12-04T19:37:10","date_gmt":"2025-12-04T22:37:10","guid":{"rendered":"https:\/\/newsinfoco.com.br\/inicio\/?p=48190"},"modified":"2025-12-04T19:37:10","modified_gmt":"2025-12-04T22:37:10","slug":"suspeito-apontado-pela-policia-civil-pelo-assassinato-de-bujao-tur-e-preso-em-operacao-na-madrugada-desta-quinta-feira","status":"publish","type":"post","link":"https:\/\/newsinfoco.com.br\/inicio\/suspeito-apontado-pela-policia-civil-pelo-assassinato-de-bujao-tur-e-preso-em-operacao-na-madrugada-desta-quinta-feira\/","title":{"rendered":"Suspeito apontado pela Pol\u00edcia Civil pelo assassinato de \u201cBuj\u00e3o Tur\u201d \u00e9 preso em opera\u00e7\u00e3o na madrugada desta quinta-feira"},"content":{"rendered":"<p>O principal suspeito de matar Gilberto \u2014 conhecido como \u201cBuj\u00e3o Tur\u201d \u2014 foi preso na madrugada desta quinta-feira (04), por volta das 05h, durante uma opera\u00e7\u00e3o realizada pela Pol\u00edcia Civil de Alagoinhas.<\/p>\n<p>O homem, identificado como Andr\u00e9 Carvalho, estava foragido desde que foi apontado pela investiga\u00e7\u00e3o como autor do homic\u00eddio, ocorrido no bairro Petrolar.<\/p><div class=\"newsi-conteudo_19\" id=\"newsi-2409012234\"><a href=\"https:\/\/www.instagram.com\/prefeituraalagoinhas?igsh=YzgzdDJ1bWR3aWI4\" aria-label=\"SAVE_20251006_221555\"><img loading=\"lazy\" decoding=\"async\" src=\"https:\/\/newsinfoco.com.br\/inicio\/wp-content\/uploads\/2025\/10\/SAVE_20251006_221555-rotated.jpg\" alt=\"\"  srcset=\"https:\/\/newsinfoco.com.br\/inicio\/wp-content\/uploads\/2025\/10\/SAVE_20251006_221555-rotated.jpg 1140w, https:\/\/newsinfoco.com.br\/inicio\/wp-content\/uploads\/2025\/10\/SAVE_20251006_221555-300x52.jpg 300w, https:\/\/newsinfoco.com.br\/inicio\/wp-content\/uploads\/2025\/10\/SAVE_20251006_221555-1024x177.jpg 1024w, https:\/\/newsinfoco.com.br\/inicio\/wp-content\/uploads\/2025\/10\/SAVE_20251006_221555-768x133.jpg 768w, https:\/\/newsinfoco.com.br\/inicio\/wp-content\/uploads\/2025\/10\/SAVE_20251006_221555-600x104.jpg 600w, https:\/\/newsinfoco.com.br\/inicio\/wp-content\/uploads\/2025\/10\/SAVE_20251006_221555-696x120.jpg 696w, https:\/\/newsinfoco.com.br\/inicio\/wp-content\/uploads\/2025\/10\/SAVE_20251006_221555-1068x185.jpg 1068w\" sizes=\"(max-width: 1140px) 100vw, 1140px\" width=\"1140\" height=\"197\"   \/><\/a><\/div>\n<p>A pris\u00e3o foi realizada por uma equipe da Pol\u00edcia Civil em local ainda n\u00e3o divulgado.<\/p>\n<p><strong>Processo deve acelerar com a pris\u00e3o do suspeito<\/strong><\/p>\n<p>A expectativa \u00e9 que nas pr\u00f3ximas semanas, o juiz anuncie se Andr\u00e9 Carvalho ser\u00e1 levado ao j\u00fari popular<\/p>\n<p>Com informa\u00e7\u00f5es do site Alagonews<\/p>\n<div class='share-to-whatsapp-wrapper'><div class='share-on-whsp'>Share on: <\/div><a data-text='Suspeito apontado pela Pol\u00edcia Civil pelo assassinato de \u201cBuj\u00e3o Tur\u201d \u00e9 preso em opera\u00e7\u00e3o na madrugada desta quinta-feira' data-link='https:\/\/newsinfoco.com.br\/inicio\/suspeito-apontado-pela-policia-civil-pelo-assassinato-de-bujao-tur-e-preso-em-operacao-na-madrugada-desta-quinta-feira\/' class='whatsapp-button whatsapp-share'>WhatsApp<\/a><div class='clear '><\/div><\/div>","protected":false},"excerpt":{"rendered":"<p>O principal suspeito de matar Gilberto \u2014 conhecido como \u201cBuj\u00e3o Tur\u201d \u2014 foi preso na madrugada desta quinta-feira (04), por volta das 05h, durante uma opera\u00e7\u00e3o realizada pela Pol\u00edcia Civil de Alagoinhas. O homem, identificado como Andr\u00e9 Carvalho, estava foragido desde que foi apontado pela investiga\u00e7\u00e3o como autor do homic\u00eddio, ocorrido no bairro Petrolar. A [&hellip;]<\/p>\n","protected":false},"author":1,"featured_media":48191,"comment_status":"closed","ping_status":"closed","sticky":false,"template":"","format":"standard","meta":{"om_disable_all_campaigns":false,"_exactmetrics_skip_tracking":false,"_exactmetrics_sitenote_active":false,"_exactmetrics_sitenote_note":"","_exactmetrics_sitenote_category":0,"footnotes":""},"categories":[38,30,167],"tags":[],"class_list":["post-48190","post","type-post","status-publish","format-standard","has-post-thumbnail","hentry","category-alagoinhas-e-regiao","category-destaque","category-exclusivas"],"aioseo_notices":[],"_links":{"self":[{"href":"https:\/\/newsinfoco.com.br\/inicio\/wp-json\/wp\/v2\/posts\/48190","targetHints":{"allow":["GET"]}}],"collection":[{"href":"https:\/\/newsinfoco.com.br\/inicio\/wp-json\/wp\/v2\/posts"}],"about":[{"href":"https:\/\/newsinfoco.com.br\/inicio\/wp-json\/wp\/v2\/types\/post"}],"author":[{"embeddable":true,"href":"https:\/\/newsinfoco.com.br\/inicio\/wp-json\/wp\/v2\/users\/1"}],"replies":[{"embeddable":true,"href":"https:\/\/newsinfoco.com.br\/inicio\/wp-json\/wp\/v2\/comments?post=48190"}],"version-history":[{"count":1,"href":"https:\/\/newsinfoco.com.br\/inicio\/wp-json\/wp\/v2\/posts\/48190\/revisions"}],"predecessor-version":[{"id":48192,"href":"https:\/\/newsinfoco.com.br\/inicio\/wp-json\/wp\/v2\/posts\/48190\/revisions\/48192"}],"wp:featuredmedia":[{"embeddable":true,"href":"https:\/\/newsinfoco.com.br\/inicio\/wp-json\/wp\/v2\/media\/48191"}],"wp:attachment":[{"href":"https:\/\/newsinfoco.com.br\/inicio\/wp-json\/wp\/v2\/media?parent=48190"}],"wp:term":[{"taxonomy":"category","embeddable":true,"href":"https:\/\/newsinfoco.com.br\/inicio\/wp-json\/wp\/v2\/categories?post=48190"},{"taxonomy":"post_tag","embeddable":true,"href":"https:\/\/newsinfoco.com.br\/inicio\/wp-json\/wp\/v2\/tags?post=48190"}],"curies":[{"name":"wp","href":"https:\/\/api.w.org\/{rel}","templated":true}]}}