{"id":48198,"date":"2025-12-04T21:14:28","date_gmt":"2025-12-05T00:14:28","guid":{"rendered":"https:\/\/newsinfoco.com.br\/inicio\/?p=48198"},"modified":"2025-12-04T21:14:28","modified_gmt":"2025-12-05T00:14:28","slug":"prefeitura-de-alagoinhas-inicia-programacao-de-natal-nesta-sexta-5","status":"publish","type":"post","link":"https:\/\/newsinfoco.com.br\/inicio\/prefeitura-de-alagoinhas-inicia-programacao-de-natal-nesta-sexta-5\/","title":{"rendered":"Prefeitura de Alagoinhas inicia programa\u00e7\u00e3o de Natal nesta sexta, 5"},"content":{"rendered":"<p>As apresenta\u00e7\u00f5es especiais de Natal promovidas pela Prefeitura de Alagoinhas, por meio da Secretaria Municipal de Cultura, Esporte e Turismo (Secet) come\u00e7am a acontecer nesta sexta-feira, 5. O palco ser\u00e1 a pra\u00e7a de Alagoinhas Velha, onde fam\u00edlias alagoinhenses e turistas poder\u00e3o assistir a corais, entre outras atra\u00e7\u00f5es.<\/p>\n<p>\u201cNossa querida Pra\u00e7a de Alagoinhas Velha se transformar\u00e1 em um palco de luz, som e emo\u00e7\u00e3o. Nosso objetivo \u00e9 acolher as fam\u00edlias alagoinhenses e todos aqueles que nos visitam. Assim, fomentamos o turismo, a cultura e o esp\u00edrito comunit\u00e1rio\u201d, comenta o prefeito Gustavo Carmo.<\/p><div class=\"newsi-conteudo_19\" id=\"newsi-4048881629\"><a href=\"https:\/\/www.instagram.com\/prefeituraalagoinhas?igsh=YzgzdDJ1bWR3aWI4\" aria-label=\"SAVE_20251006_221555\"><img loading=\"lazy\" decoding=\"async\" src=\"https:\/\/newsinfoco.com.br\/inicio\/wp-content\/uploads\/2025\/10\/SAVE_20251006_221555-rotated.jpg\" alt=\"\"  srcset=\"https:\/\/newsinfoco.com.br\/inicio\/wp-content\/uploads\/2025\/10\/SAVE_20251006_221555-rotated.jpg 1140w, https:\/\/newsinfoco.com.br\/inicio\/wp-content\/uploads\/2025\/10\/SAVE_20251006_221555-300x52.jpg 300w, https:\/\/newsinfoco.com.br\/inicio\/wp-content\/uploads\/2025\/10\/SAVE_20251006_221555-1024x177.jpg 1024w, https:\/\/newsinfoco.com.br\/inicio\/wp-content\/uploads\/2025\/10\/SAVE_20251006_221555-768x133.jpg 768w, https:\/\/newsinfoco.com.br\/inicio\/wp-content\/uploads\/2025\/10\/SAVE_20251006_221555-600x104.jpg 600w, https:\/\/newsinfoco.com.br\/inicio\/wp-content\/uploads\/2025\/10\/SAVE_20251006_221555-696x120.jpg 696w, https:\/\/newsinfoco.com.br\/inicio\/wp-content\/uploads\/2025\/10\/SAVE_20251006_221555-1068x185.jpg 1068w\" sizes=\"(max-width: 1140px) 100vw, 1140px\" width=\"1140\" height=\"197\"   \/><\/a><\/div>\n<p>\u201cO Natal \u00e9 tempo de uni\u00e3o, esperan\u00e7a e de renova\u00e7\u00e3o, e \u00e9 exatamente esse o sentimento que queremos compartilhar.<br \/>\nQue esta programa\u00e7\u00e3o natalina traga muita paz, alegria e momentos inesquec\u00edveis a todos\u201d, acrescenta Gustavo.<\/p>\n<p>Confira a programa\u00e7\u00e3o deste fim de semana semana:<\/p>\n<p><strong>Sexta, 05\/12<\/strong><br \/>\n19h \u2013 Coral da Igreja Adventista de Alagoinhas<br \/>\n20h \u2013 Apresenta\u00e7\u00e3o da Companhia Kika Tocchetto<\/p>\n<p><strong>S\u00e1bado, 06\/12<\/strong><br \/>\n19h \u2013 Coral Sementes da Primeira Igreja Batista em Alagoinhas<br \/>\n20h \u2013 Apresenta\u00e7\u00e3o de canto de louvores com o regente Marcos e seus filhos<\/p>\n<div id=\"attachment_85906\" class=\"wp-caption aligncenter\"><\/div>\n<div class='share-to-whatsapp-wrapper'><div class='share-on-whsp'>Share on: <\/div><a data-text='Prefeitura de Alagoinhas inicia programa\u00e7\u00e3o de Natal nesta sexta, 5' data-link='https:\/\/newsinfoco.com.br\/inicio\/prefeitura-de-alagoinhas-inicia-programacao-de-natal-nesta-sexta-5\/' class='whatsapp-button whatsapp-share'>WhatsApp<\/a><div class='clear '><\/div><\/div>","protected":false},"excerpt":{"rendered":"<p>As apresenta\u00e7\u00f5es especiais de Natal promovidas pela Prefeitura de Alagoinhas, por meio da Secretaria Municipal de Cultura, Esporte e Turismo (Secet) come\u00e7am a acontecer nesta sexta-feira, 5. O palco ser\u00e1 a pra\u00e7a de Alagoinhas Velha, onde fam\u00edlias alagoinhenses e turistas poder\u00e3o assistir a corais, entre outras atra\u00e7\u00f5es. \u201cNossa querida Pra\u00e7a de Alagoinhas Velha se transformar\u00e1 [&hellip;]<\/p>\n","protected":false},"author":1,"featured_media":48199,"comment_status":"closed","ping_status":"closed","sticky":false,"template":"","format":"standard","meta":{"om_disable_all_campaigns":false,"_exactmetrics_skip_tracking":false,"_exactmetrics_sitenote_active":false,"_exactmetrics_sitenote_note":"","_exactmetrics_sitenote_category":0,"footnotes":""},"categories":[38,167],"tags":[],"class_list":["post-48198","post","type-post","status-publish","format-standard","has-post-thumbnail","hentry","category-alagoinhas-e-regiao","category-exclusivas"],"aioseo_notices":[],"_links":{"self":[{"href":"https:\/\/newsinfoco.com.br\/inicio\/wp-json\/wp\/v2\/posts\/48198","targetHints":{"allow":["GET"]}}],"collection":[{"href":"https:\/\/newsinfoco.com.br\/inicio\/wp-json\/wp\/v2\/posts"}],"about":[{"href":"https:\/\/newsinfoco.com.br\/inicio\/wp-json\/wp\/v2\/types\/post"}],"author":[{"embeddable":true,"href":"https:\/\/newsinfoco.com.br\/inicio\/wp-json\/wp\/v2\/users\/1"}],"replies":[{"embeddable":true,"href":"https:\/\/newsinfoco.com.br\/inicio\/wp-json\/wp\/v2\/comments?post=48198"}],"version-history":[{"count":1,"href":"https:\/\/newsinfoco.com.br\/inicio\/wp-json\/wp\/v2\/posts\/48198\/revisions"}],"predecessor-version":[{"id":48200,"href":"https:\/\/newsinfoco.com.br\/inicio\/wp-json\/wp\/v2\/posts\/48198\/revisions\/48200"}],"wp:featuredmedia":[{"embeddable":true,"href":"https:\/\/newsinfoco.com.br\/inicio\/wp-json\/wp\/v2\/media\/48199"}],"wp:attachment":[{"href":"https:\/\/newsinfoco.com.br\/inicio\/wp-json\/wp\/v2\/media?parent=48198"}],"wp:term":[{"taxonomy":"category","embeddable":true,"href":"https:\/\/newsinfoco.com.br\/inicio\/wp-json\/wp\/v2\/categories?post=48198"},{"taxonomy":"post_tag","embeddable":true,"href":"https:\/\/newsinfoco.com.br\/inicio\/wp-json\/wp\/v2\/tags?post=48198"}],"curies":[{"name":"wp","href":"https:\/\/api.w.org\/{rel}","templated":true}]}}