{"id":48202,"date":"2025-12-05T13:39:46","date_gmt":"2025-12-05T16:39:46","guid":{"rendered":"https:\/\/newsinfoco.com.br\/inicio\/?p=48202"},"modified":"2025-12-05T13:39:46","modified_gmt":"2025-12-05T16:39:46","slug":"vereador-luciano-almeida-denuncia-falta-de-transparencia-no-minha-casa-minha-vida-entidades","status":"publish","type":"post","link":"https:\/\/newsinfoco.com.br\/inicio\/vereador-luciano-almeida-denuncia-falta-de-transparencia-no-minha-casa-minha-vida-entidades\/","title":{"rendered":"Vereador Luciano Almeida denuncia falta de transpar\u00eancia no Minha Casa Minha Vida Entidades"},"content":{"rendered":"<p>O vereador Luciano Almeida utilizou o grande expediente da sess\u00e3o desta quinta-feira (4) para denunciar a falta de transpar\u00eancia na execu\u00e7\u00e3o do programa \u201cMinha Casa, Minha Vida Entidades\u201d, especificamente nos residenciais Ramos 1 e Ramos 2, que somam 250 unidades.<\/p>\n<p>Ele relatou dificuldades em fiscalizar a obra e a lista de benefici\u00e1rios gerida pela entidade privada \u201cHabitar do Sert\u00e3o\u201d. Segundo o parlamentar, a sede da entidade em Alagoinhas, situada no Jardim Petrolar, encontra-se fechada e o endere\u00e7o oficial \u00e9 uma resid\u00eancia particular.<\/p><div class=\"newsi-conteudo_19\" id=\"newsi-291375549\"><a href=\"https:\/\/www.instagram.com\/prefeituraalagoinhas?igsh=YzgzdDJ1bWR3aWI4\" aria-label=\"SAVE_20251006_221555\"><img loading=\"lazy\" decoding=\"async\" src=\"https:\/\/newsinfoco.com.br\/inicio\/wp-content\/uploads\/2025\/10\/SAVE_20251006_221555-rotated.jpg\" alt=\"\"  srcset=\"https:\/\/newsinfoco.com.br\/inicio\/wp-content\/uploads\/2025\/10\/SAVE_20251006_221555-rotated.jpg 1140w, https:\/\/newsinfoco.com.br\/inicio\/wp-content\/uploads\/2025\/10\/SAVE_20251006_221555-300x52.jpg 300w, https:\/\/newsinfoco.com.br\/inicio\/wp-content\/uploads\/2025\/10\/SAVE_20251006_221555-1024x177.jpg 1024w, https:\/\/newsinfoco.com.br\/inicio\/wp-content\/uploads\/2025\/10\/SAVE_20251006_221555-768x133.jpg 768w, https:\/\/newsinfoco.com.br\/inicio\/wp-content\/uploads\/2025\/10\/SAVE_20251006_221555-600x104.jpg 600w, https:\/\/newsinfoco.com.br\/inicio\/wp-content\/uploads\/2025\/10\/SAVE_20251006_221555-696x120.jpg 696w, https:\/\/newsinfoco.com.br\/inicio\/wp-content\/uploads\/2025\/10\/SAVE_20251006_221555-1068x185.jpg 1068w\" sizes=\"(max-width: 1140px) 100vw, 1140px\" width=\"1140\" height=\"197\"   \/><\/a><\/div>\n<p>\u201cPara 160 casas do programa Minha Casa, Minha Vida tivemos 30 mil inscritos com ampla publicidade. J\u00e1 para essas 250 casas, a inscri\u00e7\u00e3o foi via WhatsApp, sem edital vis\u00edvel. Precisamos abrir essa caixa preta e saber se as pessoas selecionadas realmente est\u00e3o aptas ou se h\u00e1 direcionamento pol\u00edtico\u201d, afirmou Luciano, questionando ainda o v\u00ednculo de uma coordenadora da entidade com o gabinete do deputado federal Joseildo Ramos.<\/p>\n<p>Em aparte, a vereadora Juci Cardoso sugeriu uma mudan\u00e7a de estrat\u00e9gia: ao inv\u00e9s de apenas solicitar informa\u00e7\u00f5es via of\u00edcio \u2013 que muitas vezes retornam incompletas -, a Casa deveria trazer a entidade para o debate.<\/p>\n<p>\u201cQuero fazer uma sugest\u00e3o: que se chame a entidade para que se fa\u00e7a os devidos esclarecimentos aqui nesta Casa. \u00c9 o melhor encaminhamento. Podemos convidar a institui\u00e7\u00e3o para dialogarmos, todos n\u00f3s, sobre o programa\u201d, prop\u00f4s a vereadora.<\/p>\n<div class=\"wp-block-image\">\n<figure class=\"aligncenter size-large\"><img loading=\"lazy\" decoding=\"async\" class=\"wp-image-22664\" src=\"https:\/\/camaradealagoinhas.ba.gov.br\/wp-content\/uploads\/2025\/12\/bb5565f8-e261-46b1-a271-6653e7494b62-1024x820.jpg\" sizes=\"auto, (max-width: 1024px) 100vw, 1024px\" srcset=\"https:\/\/camaradealagoinhas.ba.gov.br\/wp-content\/uploads\/2025\/12\/bb5565f8-e261-46b1-a271-6653e7494b62-1024x820.jpg 1024w, https:\/\/camaradealagoinhas.ba.gov.br\/wp-content\/uploads\/2025\/12\/bb5565f8-e261-46b1-a271-6653e7494b62-300x240.jpg 300w, https:\/\/camaradealagoinhas.ba.gov.br\/wp-content\/uploads\/2025\/12\/bb5565f8-e261-46b1-a271-6653e7494b62-768x615.jpg 768w, https:\/\/camaradealagoinhas.ba.gov.br\/wp-content\/uploads\/2025\/12\/bb5565f8-e261-46b1-a271-6653e7494b62-1536x1230.jpg 1536w, https:\/\/camaradealagoinhas.ba.gov.br\/wp-content\/uploads\/2025\/12\/bb5565f8-e261-46b1-a271-6653e7494b62-2048x1639.jpg 2048w\" alt=\"\" width=\"1024\" height=\"820\" \/><\/figure>\n<\/div>\n<p>A sugest\u00e3o foi acatada pelo vereador Thor de Ninha, que presidia a sess\u00e3o. Ele confirmou que o Legislativo tomar\u00e1 a frente na busca por respostas.<\/p>\n<p>\u201cVamos fazer o convite \u00e0 entidade Habitar do Sert\u00e3o para que, em tempo h\u00e1bil, ela possa vir aqui para tirar todas as d\u00favidas e trazer todos os esclarecimentos para esta Casa\u201d, afirmou Thor de Ninha.<\/p>\n<div class=\"wp-block-image\">\n<figure class=\"aligncenter size-large\"><img loading=\"lazy\" decoding=\"async\" class=\"wp-image-22665\" src=\"https:\/\/camaradealagoinhas.ba.gov.br\/wp-content\/uploads\/2025\/12\/3f8a4755-ae88-4f7a-b192-00f42379a264-1024x819.jpg\" sizes=\"auto, (max-width: 1024px) 100vw, 1024px\" srcset=\"https:\/\/camaradealagoinhas.ba.gov.br\/wp-content\/uploads\/2025\/12\/3f8a4755-ae88-4f7a-b192-00f42379a264-1024x819.jpg 1024w, https:\/\/camaradealagoinhas.ba.gov.br\/wp-content\/uploads\/2025\/12\/3f8a4755-ae88-4f7a-b192-00f42379a264-300x240.jpg 300w, https:\/\/camaradealagoinhas.ba.gov.br\/wp-content\/uploads\/2025\/12\/3f8a4755-ae88-4f7a-b192-00f42379a264-768x614.jpg 768w, https:\/\/camaradealagoinhas.ba.gov.br\/wp-content\/uploads\/2025\/12\/3f8a4755-ae88-4f7a-b192-00f42379a264-1536x1229.jpg 1536w, https:\/\/camaradealagoinhas.ba.gov.br\/wp-content\/uploads\/2025\/12\/3f8a4755-ae88-4f7a-b192-00f42379a264-2048x1639.jpg 2048w\" alt=\"\" width=\"1024\" height=\"819\" \/><\/figure>\n<\/div>\n<p>Luciano Almeida apresentou um of\u00edcio da Secretaria de Desenvolvimento Econ\u00f4mico e Social (SEDES), no qual a Prefeitura confirma que n\u00e3o possui a lista de contemplados e n\u00e3o participou da sele\u00e7\u00e3o, eximindo-se de responsabilidade sobre os crit\u00e9rios adotados pela entidade privada.<\/p>\n<p><strong>Ascom \u2013 C\u00e2mara Municipal de Alagoinhas<\/strong><\/p>\n<p><strong>Fotos \u2013 Jh\u00f4 Paz<\/strong><\/p>\n<div class='share-to-whatsapp-wrapper'><div class='share-on-whsp'>Share on: <\/div><a data-text='Vereador Luciano Almeida denuncia falta de transpar\u00eancia no Minha Casa Minha Vida Entidades' data-link='https:\/\/newsinfoco.com.br\/inicio\/vereador-luciano-almeida-denuncia-falta-de-transparencia-no-minha-casa-minha-vida-entidades\/' class='whatsapp-button whatsapp-share'>WhatsApp<\/a><div class='clear '><\/div><\/div>","protected":false},"excerpt":{"rendered":"<p>O vereador Luciano Almeida utilizou o grande expediente da sess\u00e3o desta quinta-feira (4) para denunciar a falta de transpar\u00eancia na execu\u00e7\u00e3o do programa \u201cMinha Casa, Minha Vida Entidades\u201d, especificamente nos residenciais Ramos 1 e Ramos 2, que somam 250 unidades. Ele relatou dificuldades em fiscalizar a obra e a lista de benefici\u00e1rios gerida pela entidade [&hellip;]<\/p>\n","protected":false},"author":1,"featured_media":48203,"comment_status":"closed","ping_status":"closed","sticky":false,"template":"","format":"standard","meta":{"om_disable_all_campaigns":false,"_exactmetrics_skip_tracking":false,"_exactmetrics_sitenote_active":false,"_exactmetrics_sitenote_note":"","_exactmetrics_sitenote_category":0,"footnotes":""},"categories":[38,30,167],"tags":[],"class_list":["post-48202","post","type-post","status-publish","format-standard","has-post-thumbnail","hentry","category-alagoinhas-e-regiao","category-destaque","category-exclusivas"],"aioseo_notices":[],"_links":{"self":[{"href":"https:\/\/newsinfoco.com.br\/inicio\/wp-json\/wp\/v2\/posts\/48202","targetHints":{"allow":["GET"]}}],"collection":[{"href":"https:\/\/newsinfoco.com.br\/inicio\/wp-json\/wp\/v2\/posts"}],"about":[{"href":"https:\/\/newsinfoco.com.br\/inicio\/wp-json\/wp\/v2\/types\/post"}],"author":[{"embeddable":true,"href":"https:\/\/newsinfoco.com.br\/inicio\/wp-json\/wp\/v2\/users\/1"}],"replies":[{"embeddable":true,"href":"https:\/\/newsinfoco.com.br\/inicio\/wp-json\/wp\/v2\/comments?post=48202"}],"version-history":[{"count":2,"href":"https:\/\/newsinfoco.com.br\/inicio\/wp-json\/wp\/v2\/posts\/48202\/revisions"}],"predecessor-version":[{"id":48205,"href":"https:\/\/newsinfoco.com.br\/inicio\/wp-json\/wp\/v2\/posts\/48202\/revisions\/48205"}],"wp:featuredmedia":[{"embeddable":true,"href":"https:\/\/newsinfoco.com.br\/inicio\/wp-json\/wp\/v2\/media\/48203"}],"wp:attachment":[{"href":"https:\/\/newsinfoco.com.br\/inicio\/wp-json\/wp\/v2\/media?parent=48202"}],"wp:term":[{"taxonomy":"category","embeddable":true,"href":"https:\/\/newsinfoco.com.br\/inicio\/wp-json\/wp\/v2\/categories?post=48202"},{"taxonomy":"post_tag","embeddable":true,"href":"https:\/\/newsinfoco.com.br\/inicio\/wp-json\/wp\/v2\/tags?post=48202"}],"curies":[{"name":"wp","href":"https:\/\/api.w.org\/{rel}","templated":true}]}}