{"id":48206,"date":"2025-12-05T13:41:24","date_gmt":"2025-12-05T16:41:24","guid":{"rendered":"https:\/\/newsinfoco.com.br\/inicio\/?p=48206"},"modified":"2025-12-05T13:41:24","modified_gmt":"2025-12-05T16:41:24","slug":"vereador-thor-de-ninha-critica-atendimento-no-hospital-regional-dantas-biao-e-exige-retratacao","status":"publish","type":"post","link":"https:\/\/newsinfoco.com.br\/inicio\/vereador-thor-de-ninha-critica-atendimento-no-hospital-regional-dantas-biao-e-exige-retratacao\/","title":{"rendered":"Vereador Thor de Ninha critica atendimento no Hospital Regional Dantas Bi\u00e3o e exige retrata\u00e7\u00e3o"},"content":{"rendered":"<p>Na sess\u00e3o ordin\u00e1ria realizada nesta quinta-feira (04), o vereador Thor de Ninha trouxe \u00e0 tona um incidente ocorrido no Hospital Regional Dantas Bi\u00e3o, envolvendo dificuldades no atendimento e o comportamento inadequado de uma funcion\u00e1ria da \u00e1rea de seguran\u00e7a. Em seu pronunciamento, o parlamentar parabenizou a diretora do hospital, Indaiane Abade, pela interven\u00e7\u00e3o no caso, mas criticou duramente o tratamento recebido e as falhas no atendimento ao p\u00fablico.<\/p>\n<p>Thor iniciou o relato destacando sua tentativa de visita a um amigo pessoal no \u00faltimo dia 23. \u201cFui visitar um senhor que foi vice-presidente da associa\u00e7\u00e3o de moradores do Mangal\u00f4 e que ajudou minha fam\u00edlia em um momento muito dif\u00edcil, quando meu irm\u00e3o conseguiu o primeiro emprego com a ajuda dele. No entanto, cheguei um pouco tarde e, por conta disso, perdi a fila para a visita, que se encerrava \u00e0s 4 da tarde\u201d, explicou o vereador. Apesar disso, ele foi conduzido \u00e0 assist\u00eancia social, onde conseguiu v\u00ea-lo por apenas cinco minutos, antes que ele fosse liberado para ir para casa.<\/p><div class=\"newsi-conteudo_19\" id=\"newsi-942488894\"><a href=\"https:\/\/www.instagram.com\/prefeituraalagoinhas?igsh=YzgzdDJ1bWR3aWI4\" aria-label=\"SAVE_20251006_221555\"><img loading=\"lazy\" decoding=\"async\" src=\"https:\/\/newsinfoco.com.br\/inicio\/wp-content\/uploads\/2025\/10\/SAVE_20251006_221555-rotated.jpg\" alt=\"\"  srcset=\"https:\/\/newsinfoco.com.br\/inicio\/wp-content\/uploads\/2025\/10\/SAVE_20251006_221555-rotated.jpg 1140w, https:\/\/newsinfoco.com.br\/inicio\/wp-content\/uploads\/2025\/10\/SAVE_20251006_221555-300x52.jpg 300w, https:\/\/newsinfoco.com.br\/inicio\/wp-content\/uploads\/2025\/10\/SAVE_20251006_221555-1024x177.jpg 1024w, https:\/\/newsinfoco.com.br\/inicio\/wp-content\/uploads\/2025\/10\/SAVE_20251006_221555-768x133.jpg 768w, https:\/\/newsinfoco.com.br\/inicio\/wp-content\/uploads\/2025\/10\/SAVE_20251006_221555-600x104.jpg 600w, https:\/\/newsinfoco.com.br\/inicio\/wp-content\/uploads\/2025\/10\/SAVE_20251006_221555-696x120.jpg 696w, https:\/\/newsinfoco.com.br\/inicio\/wp-content\/uploads\/2025\/10\/SAVE_20251006_221555-1068x185.jpg 1068w\" sizes=\"(max-width: 1140px) 100vw, 1140px\" width=\"1140\" height=\"197\"   \/><\/a><\/div>\n<p>Na semana seguinte, o senhor voltou a ser internado, e Thor tentou novamente visit\u00e1-lo no domingo, mas enfrentou mais dificuldades. \u201cO setor onde Deusdete estava permitia visita\u00e7\u00e3o at\u00e9 \u00e0s 15h, e quando cheguei l\u00e1, j\u00e1 havia duas pessoas na fila. Como o tempo de atendimento era de 12 minutos por pessoa, eu sabia que n\u00e3o conseguiria visit\u00e1-lo a tempo\u201d, lamentou o vereador. Mesmo assim, Thor procurou a assist\u00eancia social, onde foi novamente informado de que precisaria esperar na fila.<\/p>\n<p>Quando tentou buscar uma solu\u00e7\u00e3o mais direta, a situa\u00e7\u00e3o se agravou. \u201cFui conversar com a seguran\u00e7a do hospital e expliquei a minha situa\u00e7\u00e3o, mas a funcion\u00e1ria foi r\u00edspida e disse que, como parlamentar, eu n\u00e3o tinha direito de cortar fila e deveria esperar como todos. Fiquei surpreso com a falta de compreens\u00e3o\u201d, disse Thor. A funcion\u00e1ria de seguran\u00e7a insistiu em um tratamento r\u00edgido e impessoal, o que levou o vereador a se dirigir \u00e0 dire\u00e7\u00e3o do hospital para tentar resolver o impasse.<\/p>\n<p>A situa\u00e7\u00e3o ficou mais tensa quando a pol\u00edcia foi chamada para garantir a ordem, e Thor foi acusado de tentar \u201cinvadir a fila\u201d. \u201cChegando ao hospital, a fila estava grande, e eu s\u00f3 queria garantir meu direito de visitar meu amigo dentro das condi\u00e7\u00f5es estabelecidas. Quando o psic\u00f3logo da unidade percebeu o impasse, ele me ajudou e, finalmente, consegui a visita por alguns minutos\u201d, relatou.<\/p>\n<p>No entanto, o parlamentar n\u00e3o poupou cr\u00edticas \u00e0 atitude da funcion\u00e1ria. \u201cFui tratado de maneira desrespeitosa, e o pior \u00e9 que percebi um tratamento discriminat\u00f3rio. Se eu fosse outra pessoa, com outro perfil, talvez a situa\u00e7\u00e3o tivesse sido diferente. Isso \u00e9 uma quest\u00e3o de habilidades interpessoais, e a funcion\u00e1ria n\u00e3o soube lidar com a situa\u00e7\u00e3o de maneira adequada\u201d, afirmou Thor, mencionando que o tratamento que recebeu teve conota\u00e7\u00f5es racistas.<\/p>\n<p>O vereador concluiu seu relato destacando a necessidade de mudan\u00e7as no atendimento e nas atitudes dos profissionais do hospital. \u201cVou exigir uma retrata\u00e7\u00e3o do hospital e que provid\u00eancias sejam tomadas para evitar que situa\u00e7\u00f5es como essa voltem a acontecer. Agrade\u00e7o \u00e0 interven\u00e7\u00e3o da diretora Indaiane Abade e do psic\u00f3logo, que demonstraram postura profissional, mas a atitude da funcion\u00e1ria de seguran\u00e7a foi inaceit\u00e1vel\u201d, finalizou.<\/p>\n<p><strong>Ascom \u2013 C\u00e2mara Municipal de Alagoinhas<\/strong><\/p>\n<p><strong>Fotos \u2013 Jh\u00f4 Paz<\/strong><\/p>\n<div class='share-to-whatsapp-wrapper'><div class='share-on-whsp'>Share on: <\/div><a data-text='Vereador Thor de Ninha critica atendimento no Hospital Regional Dantas Bi\u00e3o e exige retrata\u00e7\u00e3o' data-link='https:\/\/newsinfoco.com.br\/inicio\/vereador-thor-de-ninha-critica-atendimento-no-hospital-regional-dantas-biao-e-exige-retratacao\/' class='whatsapp-button whatsapp-share'>WhatsApp<\/a><div class='clear '><\/div><\/div>","protected":false},"excerpt":{"rendered":"<p>Na sess\u00e3o ordin\u00e1ria realizada nesta quinta-feira (04), o vereador Thor de Ninha trouxe \u00e0 tona um incidente ocorrido no Hospital Regional Dantas Bi\u00e3o, envolvendo dificuldades no atendimento e o comportamento inadequado de uma funcion\u00e1ria da \u00e1rea de seguran\u00e7a. Em seu pronunciamento, o parlamentar parabenizou a diretora do hospital, Indaiane Abade, pela interven\u00e7\u00e3o no caso, mas [&hellip;]<\/p>\n","protected":false},"author":1,"featured_media":48207,"comment_status":"closed","ping_status":"closed","sticky":false,"template":"","format":"standard","meta":{"om_disable_all_campaigns":false,"_exactmetrics_skip_tracking":false,"_exactmetrics_sitenote_active":false,"_exactmetrics_sitenote_note":"","_exactmetrics_sitenote_category":0,"footnotes":""},"categories":[19],"tags":[],"class_list":["post-48206","post","type-post","status-publish","format-standard","has-post-thumbnail","hentry","category-bahia"],"aioseo_notices":[],"_links":{"self":[{"href":"https:\/\/newsinfoco.com.br\/inicio\/wp-json\/wp\/v2\/posts\/48206","targetHints":{"allow":["GET"]}}],"collection":[{"href":"https:\/\/newsinfoco.com.br\/inicio\/wp-json\/wp\/v2\/posts"}],"about":[{"href":"https:\/\/newsinfoco.com.br\/inicio\/wp-json\/wp\/v2\/types\/post"}],"author":[{"embeddable":true,"href":"https:\/\/newsinfoco.com.br\/inicio\/wp-json\/wp\/v2\/users\/1"}],"replies":[{"embeddable":true,"href":"https:\/\/newsinfoco.com.br\/inicio\/wp-json\/wp\/v2\/comments?post=48206"}],"version-history":[{"count":1,"href":"https:\/\/newsinfoco.com.br\/inicio\/wp-json\/wp\/v2\/posts\/48206\/revisions"}],"predecessor-version":[{"id":48208,"href":"https:\/\/newsinfoco.com.br\/inicio\/wp-json\/wp\/v2\/posts\/48206\/revisions\/48208"}],"wp:featuredmedia":[{"embeddable":true,"href":"https:\/\/newsinfoco.com.br\/inicio\/wp-json\/wp\/v2\/media\/48207"}],"wp:attachment":[{"href":"https:\/\/newsinfoco.com.br\/inicio\/wp-json\/wp\/v2\/media?parent=48206"}],"wp:term":[{"taxonomy":"category","embeddable":true,"href":"https:\/\/newsinfoco.com.br\/inicio\/wp-json\/wp\/v2\/categories?post=48206"},{"taxonomy":"post_tag","embeddable":true,"href":"https:\/\/newsinfoco.com.br\/inicio\/wp-json\/wp\/v2\/tags?post=48206"}],"curies":[{"name":"wp","href":"https:\/\/api.w.org\/{rel}","templated":true}]}}