{"id":48209,"date":"2025-12-05T13:43:20","date_gmt":"2025-12-05T16:43:20","guid":{"rendered":"https:\/\/newsinfoco.com.br\/inicio\/?p=48209"},"modified":"2025-12-05T13:43:20","modified_gmt":"2025-12-05T16:43:20","slug":"presidente-da-associacao-pestalozzi-de-alagoinhas-destaca-parceria-com-a-camara-e-reforca-necessidade-de-ampliar-investimentos","status":"publish","type":"post","link":"https:\/\/newsinfoco.com.br\/inicio\/presidente-da-associacao-pestalozzi-de-alagoinhas-destaca-parceria-com-a-camara-e-reforca-necessidade-de-ampliar-investimentos\/","title":{"rendered":"Presidente da Associa\u00e7\u00e3o Pestalozzi de Alagoinhas destaca parceria com a C\u00e2mara e refor\u00e7a necessidade de ampliar investimentos"},"content":{"rendered":"<p>Na sess\u00e3o realizada nesta quinta-feira (04), o presidente da Associa\u00e7\u00e3o Pestalozzi de Alagoinhas, Elton Bastos, utilizou a Tribuna Popular para agradecer a emenda coletiva destinada \u00e0 institui\u00e7\u00e3o neste ano e refor\u00e7ar o compromisso da Casa Legislativa com a inclus\u00e3o e a prote\u00e7\u00e3o social. Ele destacou que o repasse reafirma a parceria institucional e fortalece a rede de apoio \u00e0s pessoas com defici\u00eancia no munic\u00edpio e na regi\u00e3o.<\/p>\n<p>Segundo Elton, \u201ca Pestalozzi de Alagoinhas, com mais de quatro d\u00e9cadas de atua\u00e7\u00e3o, tornou-se refer\u00eancia regional e nacional no apoio \u00e0s pessoas com defici\u00eancia, habilitada como Centro Especializado em Reabilita\u00e7\u00e3o pelo Minist\u00e9rio da Sa\u00fade.\u201d Ele acrescentou que a institui\u00e7\u00e3o atende \u201cmais de 170 pessoas com defici\u00eancia, em sua maioria adultos e idosos que demandam cuidados cont\u00ednuos e integrais.\u201d<\/p><div class=\"newsi-conteudo_19\" id=\"newsi-2267904259\"><a href=\"https:\/\/www.instagram.com\/prefeituraalagoinhas?igsh=YzgzdDJ1bWR3aWI4\" aria-label=\"SAVE_20251006_221555\"><img loading=\"lazy\" decoding=\"async\" src=\"https:\/\/newsinfoco.com.br\/inicio\/wp-content\/uploads\/2025\/10\/SAVE_20251006_221555-rotated.jpg\" alt=\"\"  srcset=\"https:\/\/newsinfoco.com.br\/inicio\/wp-content\/uploads\/2025\/10\/SAVE_20251006_221555-rotated.jpg 1140w, https:\/\/newsinfoco.com.br\/inicio\/wp-content\/uploads\/2025\/10\/SAVE_20251006_221555-300x52.jpg 300w, https:\/\/newsinfoco.com.br\/inicio\/wp-content\/uploads\/2025\/10\/SAVE_20251006_221555-1024x177.jpg 1024w, https:\/\/newsinfoco.com.br\/inicio\/wp-content\/uploads\/2025\/10\/SAVE_20251006_221555-768x133.jpg 768w, https:\/\/newsinfoco.com.br\/inicio\/wp-content\/uploads\/2025\/10\/SAVE_20251006_221555-600x104.jpg 600w, https:\/\/newsinfoco.com.br\/inicio\/wp-content\/uploads\/2025\/10\/SAVE_20251006_221555-696x120.jpg 696w, https:\/\/newsinfoco.com.br\/inicio\/wp-content\/uploads\/2025\/10\/SAVE_20251006_221555-1068x185.jpg 1068w\" sizes=\"(max-width: 1140px) 100vw, 1140px\" width=\"1140\" height=\"197\"   \/><\/a><\/div>\n<p>O presidente destacou que a emenda anterior possibilitou melhorias essenciais. \u201cOs recursos permitiram manter o funcionamento di\u00e1rio, realizar reparos estruturais e fortalecer as atividades pedag\u00f3gicas, culturais e de suporte, incluindo a oferta de alimentos aos nossos assistidos\u201d, afirmou. Ele alertou, no entanto, que a crescente demanda requer equipes ampliadas e estrutura adequada para garantir a qualidade do atendimento.<\/p>\n<p>Elton refor\u00e7ou que, apesar da parceria vigente com o Executivo, o cofinanciamento municipal precisa ser ampliado para assegurar a sustentabilidade dos servi\u00e7os, sobretudo na \u00e1rea de reabilita\u00e7\u00e3o. Ele concluiu solicitando o apoio cont\u00ednuo da C\u00e2mara: \u201cInvestir na Pestalozzi \u00e9 investir em inclus\u00e3o, sa\u00fade, educa\u00e7\u00e3o e reabilita\u00e7\u00e3o das pessoas com defici\u00eancia.\u201d<\/p>\n<p><strong>Reconhecimento<\/strong><\/p>\n<p>Ap\u00f3s o pronunciamento, diversos vereadores comentaram a import\u00e2ncia da Pestalozzi e endossaram o papel da C\u00e2mara Municipal no fortalecimento da institui\u00e7\u00e3o. O vereador Luciano Almeida elogiou a atua\u00e7\u00e3o de Elton e ressaltou a relev\u00e2ncia da Pestalozzi para a regi\u00e3o, especialmente como CER III. \u00a0\u201cA Pestalozzi presta um servi\u00e7o que deveria ser garantido pelos governos, e faz isso com excel\u00eancia. A C\u00e2mara tem cumprido seu papel ao apoiar a institui\u00e7\u00e3o, sem bandeiras partid\u00e1rias, mas com foco na popula\u00e7\u00e3o que mais precisa.\u201d<\/p>\n<div class=\"wp-block-image\">\n<figure class=\"aligncenter size-large\"><img loading=\"lazy\" decoding=\"async\" class=\"wp-image-22687\" src=\"https:\/\/camaradealagoinhas.ba.gov.br\/wp-content\/uploads\/2025\/12\/6a70e98f-c69c-42ea-b0d3-4854ab6ac3af-1024x683.jpg\" sizes=\"auto, (max-width: 1024px) 100vw, 1024px\" srcset=\"https:\/\/camaradealagoinhas.ba.gov.br\/wp-content\/uploads\/2025\/12\/6a70e98f-c69c-42ea-b0d3-4854ab6ac3af-1024x683.jpg 1024w, https:\/\/camaradealagoinhas.ba.gov.br\/wp-content\/uploads\/2025\/12\/6a70e98f-c69c-42ea-b0d3-4854ab6ac3af-300x200.jpg 300w, https:\/\/camaradealagoinhas.ba.gov.br\/wp-content\/uploads\/2025\/12\/6a70e98f-c69c-42ea-b0d3-4854ab6ac3af-768x512.jpg 768w, https:\/\/camaradealagoinhas.ba.gov.br\/wp-content\/uploads\/2025\/12\/6a70e98f-c69c-42ea-b0d3-4854ab6ac3af-1536x1024.jpg 1536w, https:\/\/camaradealagoinhas.ba.gov.br\/wp-content\/uploads\/2025\/12\/6a70e98f-c69c-42ea-b0d3-4854ab6ac3af-2048x1365.jpg 2048w\" alt=\"\" width=\"1024\" height=\"683\" \/><\/figure>\n<\/div>\n<p>Em seguida, o vereador Edy da Sa\u00fade tamb\u00e9m reconheceu o trabalho da entidade e refor\u00e7ou a import\u00e2ncia da colabora\u00e7\u00e3o entre o poder p\u00fablico e o terceiro setor. \u201cA Pestalozzi realiza um servi\u00e7o essencial, especialmente na \u00e1rea da sa\u00fade, que sabemos n\u00e3o ser simples nem barata. A C\u00e2mara continuar\u00e1 contribuindo para garantir qualidade de vida \u00e0s pessoas que dependem desse atendimento\u201d, declarou.<\/p>\n<div class=\"wp-block-image\">\n<figure class=\"aligncenter size-large\"><img loading=\"lazy\" decoding=\"async\" class=\"wp-image-22688\" src=\"https:\/\/camaradealagoinhas.ba.gov.br\/wp-content\/uploads\/2025\/12\/908555f3-4143-4dd7-85bb-c36fe2fd227b-1024x819.jpg\" sizes=\"auto, (max-width: 1024px) 100vw, 1024px\" srcset=\"https:\/\/camaradealagoinhas.ba.gov.br\/wp-content\/uploads\/2025\/12\/908555f3-4143-4dd7-85bb-c36fe2fd227b-1024x819.jpg 1024w, https:\/\/camaradealagoinhas.ba.gov.br\/wp-content\/uploads\/2025\/12\/908555f3-4143-4dd7-85bb-c36fe2fd227b-300x240.jpg 300w, https:\/\/camaradealagoinhas.ba.gov.br\/wp-content\/uploads\/2025\/12\/908555f3-4143-4dd7-85bb-c36fe2fd227b-768x614.jpg 768w, https:\/\/camaradealagoinhas.ba.gov.br\/wp-content\/uploads\/2025\/12\/908555f3-4143-4dd7-85bb-c36fe2fd227b-1536x1229.jpg 1536w, https:\/\/camaradealagoinhas.ba.gov.br\/wp-content\/uploads\/2025\/12\/908555f3-4143-4dd7-85bb-c36fe2fd227b-2048x1638.jpg 2048w\" alt=\"\" width=\"1024\" height=\"819\" \/><\/figure>\n<\/div>\n<p>Por fim, o vereador Thor de Ninha destacou tr\u00eas conceitos presentes na fala de Elton \u2013 confian\u00e7a, parceria e investimento nas pessoas \u2013 e relacionou essas diretrizes ao Dia Internacional das Pessoas com Defici\u00eancia, celebrado na v\u00e9spera. \u201cConfian\u00e7a, parceria e investimento nas pessoas resumem o trabalho da Pestalozzi. Precisamos fortalecer o cuidado, o respeito e a inclus\u00e3o para que pessoas com defici\u00eancia tenham seus direitos assegurados de forma plena\u201d, concluiu.<\/p>\n<div class=\"wp-block-image\">\n<figure class=\"aligncenter size-large\"><img loading=\"lazy\" decoding=\"async\" class=\"wp-image-22689\" src=\"https:\/\/camaradealagoinhas.ba.gov.br\/wp-content\/uploads\/2025\/12\/d88dc0e5-47fd-4048-879c-8598628a2037-1024x819.jpg\" sizes=\"auto, (max-width: 1024px) 100vw, 1024px\" srcset=\"https:\/\/camaradealagoinhas.ba.gov.br\/wp-content\/uploads\/2025\/12\/d88dc0e5-47fd-4048-879c-8598628a2037-1024x819.jpg 1024w, https:\/\/camaradealagoinhas.ba.gov.br\/wp-content\/uploads\/2025\/12\/d88dc0e5-47fd-4048-879c-8598628a2037-300x240.jpg 300w, https:\/\/camaradealagoinhas.ba.gov.br\/wp-content\/uploads\/2025\/12\/d88dc0e5-47fd-4048-879c-8598628a2037-768x614.jpg 768w, https:\/\/camaradealagoinhas.ba.gov.br\/wp-content\/uploads\/2025\/12\/d88dc0e5-47fd-4048-879c-8598628a2037-1536x1229.jpg 1536w, https:\/\/camaradealagoinhas.ba.gov.br\/wp-content\/uploads\/2025\/12\/d88dc0e5-47fd-4048-879c-8598628a2037-2048x1638.jpg 2048w\" alt=\"\" width=\"1024\" height=\"819\" \/><\/figure>\n<\/div>\n<p>&nbsp;<\/p>\n<p><strong>Ascom \u2013 C\u00e2mara Municipal de Alagoinhas<\/strong><\/p>\n<p><strong>Fotos \u2013 Jh\u00f4 Paz<\/strong><\/p>\n<div class='share-to-whatsapp-wrapper'><div class='share-on-whsp'>Share on: <\/div><a data-text='Presidente da Associa\u00e7\u00e3o Pestalozzi de Alagoinhas destaca parceria com a C\u00e2mara e refor\u00e7a necessidade de ampliar investimentos' data-link='https:\/\/newsinfoco.com.br\/inicio\/presidente-da-associacao-pestalozzi-de-alagoinhas-destaca-parceria-com-a-camara-e-reforca-necessidade-de-ampliar-investimentos\/' class='whatsapp-button whatsapp-share'>WhatsApp<\/a><div class='clear '><\/div><\/div>","protected":false},"excerpt":{"rendered":"<p>Na sess\u00e3o realizada nesta quinta-feira (04), o presidente da Associa\u00e7\u00e3o Pestalozzi de Alagoinhas, Elton Bastos, utilizou a Tribuna Popular para agradecer a emenda coletiva destinada \u00e0 institui\u00e7\u00e3o neste ano e refor\u00e7ar o compromisso da Casa Legislativa com a inclus\u00e3o e a prote\u00e7\u00e3o social. Ele destacou que o repasse reafirma a parceria institucional e fortalece a [&hellip;]<\/p>\n","protected":false},"author":1,"featured_media":48210,"comment_status":"closed","ping_status":"closed","sticky":false,"template":"","format":"standard","meta":{"om_disable_all_campaigns":false,"_exactmetrics_skip_tracking":false,"_exactmetrics_sitenote_active":false,"_exactmetrics_sitenote_note":"","_exactmetrics_sitenote_category":0,"footnotes":""},"categories":[38,30,167],"tags":[],"class_list":["post-48209","post","type-post","status-publish","format-standard","has-post-thumbnail","hentry","category-alagoinhas-e-regiao","category-destaque","category-exclusivas"],"aioseo_notices":[],"_links":{"self":[{"href":"https:\/\/newsinfoco.com.br\/inicio\/wp-json\/wp\/v2\/posts\/48209","targetHints":{"allow":["GET"]}}],"collection":[{"href":"https:\/\/newsinfoco.com.br\/inicio\/wp-json\/wp\/v2\/posts"}],"about":[{"href":"https:\/\/newsinfoco.com.br\/inicio\/wp-json\/wp\/v2\/types\/post"}],"author":[{"embeddable":true,"href":"https:\/\/newsinfoco.com.br\/inicio\/wp-json\/wp\/v2\/users\/1"}],"replies":[{"embeddable":true,"href":"https:\/\/newsinfoco.com.br\/inicio\/wp-json\/wp\/v2\/comments?post=48209"}],"version-history":[{"count":1,"href":"https:\/\/newsinfoco.com.br\/inicio\/wp-json\/wp\/v2\/posts\/48209\/revisions"}],"predecessor-version":[{"id":48211,"href":"https:\/\/newsinfoco.com.br\/inicio\/wp-json\/wp\/v2\/posts\/48209\/revisions\/48211"}],"wp:featuredmedia":[{"embeddable":true,"href":"https:\/\/newsinfoco.com.br\/inicio\/wp-json\/wp\/v2\/media\/48210"}],"wp:attachment":[{"href":"https:\/\/newsinfoco.com.br\/inicio\/wp-json\/wp\/v2\/media?parent=48209"}],"wp:term":[{"taxonomy":"category","embeddable":true,"href":"https:\/\/newsinfoco.com.br\/inicio\/wp-json\/wp\/v2\/categories?post=48209"},{"taxonomy":"post_tag","embeddable":true,"href":"https:\/\/newsinfoco.com.br\/inicio\/wp-json\/wp\/v2\/tags?post=48209"}],"curies":[{"name":"wp","href":"https:\/\/api.w.org\/{rel}","templated":true}]}}