{"id":48212,"date":"2025-12-05T13:44:47","date_gmt":"2025-12-05T16:44:47","guid":{"rendered":"https:\/\/newsinfoco.com.br\/inicio\/?p=48212"},"modified":"2025-12-05T13:44:47","modified_gmt":"2025-12-05T16:44:47","slug":"vereador-darlan-lucena-cobra-apoio-ao-4o-batalhao-e-melhorias-no-planserv-para-alagoinhas","status":"publish","type":"post","link":"https:\/\/newsinfoco.com.br\/inicio\/vereador-darlan-lucena-cobra-apoio-ao-4o-batalhao-e-melhorias-no-planserv-para-alagoinhas\/","title":{"rendered":"Vereador Darlan Lucena cobra apoio ao 4\u00ba Batalh\u00e3o e melhorias no PlanServ para Alagoinhas"},"content":{"rendered":"<p>Na sess\u00e3o realizada nesta quinta-feira (04), o vereador Darlan Lucena abordou quest\u00f5es cruciais para a seguran\u00e7a p\u00fablica e a sa\u00fade da popula\u00e7\u00e3o de Alagoinhas, destacando a forma\u00e7\u00e3o da primeira turma de soldados do 4\u00ba da Pol\u00edcia Militar, agora subordinado ao Comando Regional Litoral Norte, e o consequente impacto na melhoria da seguran\u00e7a na regi\u00e3o.<\/p>\n<p>\u201cO nosso 4\u00ba Batalh\u00e3o formar\u00e1 a primeira turma de soldados, homens e mulheres que ser\u00e3o incorporados \u00e0 institui\u00e7\u00e3o aqui na nossa regi\u00e3o. Com isso, haver\u00e1 maior tranquilidade para a nossa popula\u00e7\u00e3o\u201d, afirmou.<\/p><div class=\"newsi-conteudo_19\" id=\"newsi-2030615932\"><a href=\"https:\/\/www.instagram.com\/prefeituraalagoinhas?igsh=YzgzdDJ1bWR3aWI4\" aria-label=\"SAVE_20251006_221555\"><img loading=\"lazy\" decoding=\"async\" src=\"https:\/\/newsinfoco.com.br\/inicio\/wp-content\/uploads\/2025\/10\/SAVE_20251006_221555-rotated.jpg\" alt=\"\"  srcset=\"https:\/\/newsinfoco.com.br\/inicio\/wp-content\/uploads\/2025\/10\/SAVE_20251006_221555-rotated.jpg 1140w, https:\/\/newsinfoco.com.br\/inicio\/wp-content\/uploads\/2025\/10\/SAVE_20251006_221555-300x52.jpg 300w, https:\/\/newsinfoco.com.br\/inicio\/wp-content\/uploads\/2025\/10\/SAVE_20251006_221555-1024x177.jpg 1024w, https:\/\/newsinfoco.com.br\/inicio\/wp-content\/uploads\/2025\/10\/SAVE_20251006_221555-768x133.jpg 768w, https:\/\/newsinfoco.com.br\/inicio\/wp-content\/uploads\/2025\/10\/SAVE_20251006_221555-600x104.jpg 600w, https:\/\/newsinfoco.com.br\/inicio\/wp-content\/uploads\/2025\/10\/SAVE_20251006_221555-696x120.jpg 696w, https:\/\/newsinfoco.com.br\/inicio\/wp-content\/uploads\/2025\/10\/SAVE_20251006_221555-1068x185.jpg 1068w\" sizes=\"(max-width: 1140px) 100vw, 1140px\" width=\"1140\" height=\"197\"   \/><\/a><\/div>\n<p>Darlan tamb\u00e9m discutiu a recente mudan\u00e7a no C\u00f3digo de \u00c9tica da Pol\u00edcia Militar, apontando as consequ\u00eancias dessa altera\u00e7\u00e3o, como a retirada de direitos e o aumento das puni\u00e7\u00f5es. Ele criticou a postura do governador Jer\u00f4nimo Rodrigues que, na perspectiva do vereador, n\u00e3o tem demonstrado o apoio necess\u00e1rio \u00e0 corpora\u00e7\u00e3o.<\/p>\n<p>\u201cOs policiais saem de casa sem saber se voltar\u00e3o, a fim de trazer paz e seguran\u00e7a \u00e0 nossa cidade. Precisamos de mais apoio do governador, que deveria abra\u00e7ar essa institui\u00e7\u00e3o, e n\u00e3o penalizar os homens e mulheres que se doam todos os dias pela nossa seguran\u00e7a\u201d, cobrou.<\/p>\n<p>Al\u00e9m disso, o vereador abordou o impacto das mudan\u00e7as no PlanServ \u2013 plano de sa\u00fade dos servidores p\u00fablicos estaduais da Bahia -, que, em sua leitura, afetar\u00e1 diretamente a sa\u00fade da popula\u00e7\u00e3o de Alagoinhas. Ele criticou o descredenciamento da Unidade de M\u00e9dia Complexidade (UMI) da cidade e a falta de servi\u00e7os essenciais no munic\u00edpio, destacando a disparidade entre o atendimento em Salvador e no interior do estado.<\/p>\n<p>\u201cEspero que o PlanServ melhore. Quando comparamos o servi\u00e7o prestado em Alagoinhas com o da capital, percebemos que h\u00e1 algo de errado. Quem paga o plano tem direito de receber atendimento de qualidade, n\u00e3o apenas em casos de emerg\u00eancia, mas tamb\u00e9m para especialistas e procedimentos em geral\u201d, finalizou.<\/p>\n<p><strong>Ascom \u2013 C\u00e2mara Municipal de Alagoinhas<\/strong><\/p>\n<p><strong>Fotos \u2013 Jh\u00f4 Paz<\/strong><\/p>\n<div class='share-to-whatsapp-wrapper'><div class='share-on-whsp'>Share on: <\/div><a data-text='Vereador Darlan Lucena cobra apoio ao 4\u00ba Batalh\u00e3o e melhorias no PlanServ para Alagoinhas' data-link='https:\/\/newsinfoco.com.br\/inicio\/vereador-darlan-lucena-cobra-apoio-ao-4o-batalhao-e-melhorias-no-planserv-para-alagoinhas\/' class='whatsapp-button whatsapp-share'>WhatsApp<\/a><div class='clear '><\/div><\/div>","protected":false},"excerpt":{"rendered":"<p>Na sess\u00e3o realizada nesta quinta-feira (04), o vereador Darlan Lucena abordou quest\u00f5es cruciais para a seguran\u00e7a p\u00fablica e a sa\u00fade da popula\u00e7\u00e3o de Alagoinhas, destacando a forma\u00e7\u00e3o da primeira turma de soldados do 4\u00ba da Pol\u00edcia Militar, agora subordinado ao Comando Regional Litoral Norte, e o consequente impacto na melhoria da seguran\u00e7a na regi\u00e3o. \u201cO [&hellip;]<\/p>\n","protected":false},"author":1,"featured_media":48213,"comment_status":"closed","ping_status":"closed","sticky":false,"template":"","format":"standard","meta":{"om_disable_all_campaigns":false,"_exactmetrics_skip_tracking":false,"_exactmetrics_sitenote_active":false,"_exactmetrics_sitenote_note":"","_exactmetrics_sitenote_category":0,"footnotes":""},"categories":[19],"tags":[],"class_list":["post-48212","post","type-post","status-publish","format-standard","has-post-thumbnail","hentry","category-bahia"],"aioseo_notices":[],"_links":{"self":[{"href":"https:\/\/newsinfoco.com.br\/inicio\/wp-json\/wp\/v2\/posts\/48212","targetHints":{"allow":["GET"]}}],"collection":[{"href":"https:\/\/newsinfoco.com.br\/inicio\/wp-json\/wp\/v2\/posts"}],"about":[{"href":"https:\/\/newsinfoco.com.br\/inicio\/wp-json\/wp\/v2\/types\/post"}],"author":[{"embeddable":true,"href":"https:\/\/newsinfoco.com.br\/inicio\/wp-json\/wp\/v2\/users\/1"}],"replies":[{"embeddable":true,"href":"https:\/\/newsinfoco.com.br\/inicio\/wp-json\/wp\/v2\/comments?post=48212"}],"version-history":[{"count":1,"href":"https:\/\/newsinfoco.com.br\/inicio\/wp-json\/wp\/v2\/posts\/48212\/revisions"}],"predecessor-version":[{"id":48214,"href":"https:\/\/newsinfoco.com.br\/inicio\/wp-json\/wp\/v2\/posts\/48212\/revisions\/48214"}],"wp:featuredmedia":[{"embeddable":true,"href":"https:\/\/newsinfoco.com.br\/inicio\/wp-json\/wp\/v2\/media\/48213"}],"wp:attachment":[{"href":"https:\/\/newsinfoco.com.br\/inicio\/wp-json\/wp\/v2\/media?parent=48212"}],"wp:term":[{"taxonomy":"category","embeddable":true,"href":"https:\/\/newsinfoco.com.br\/inicio\/wp-json\/wp\/v2\/categories?post=48212"},{"taxonomy":"post_tag","embeddable":true,"href":"https:\/\/newsinfoco.com.br\/inicio\/wp-json\/wp\/v2\/tags?post=48212"}],"curies":[{"name":"wp","href":"https:\/\/api.w.org\/{rel}","templated":true}]}}