{"id":48215,"date":"2025-12-05T13:46:26","date_gmt":"2025-12-05T16:46:26","guid":{"rendered":"https:\/\/newsinfoco.com.br\/inicio\/?p=48215"},"modified":"2025-12-05T13:46:26","modified_gmt":"2025-12-05T16:46:26","slug":"vereador-anderson-xara-denuncia-fraude-em-registros-de-atendimento-da-policlinica-regional-e-cobra-medidas-imediatas","status":"publish","type":"post","link":"https:\/\/newsinfoco.com.br\/inicio\/vereador-anderson-xara-denuncia-fraude-em-registros-de-atendimento-da-policlinica-regional-e-cobra-medidas-imediatas\/","title":{"rendered":"Vereador Anderson Xar\u00e1 denuncia fraude em registros de atendimento da Policl\u00ednica Regional e cobra medidas imediatas"},"content":{"rendered":"<p>Na sess\u00e3o ordin\u00e1ria desta quinta-feira (04), o vereador Anderson Xar\u00e1 levou \u00e0 tribuna uma den\u00fancia considerada \u201cgrav\u00edssima\u201d envolvendo a Policl\u00ednica Regional de Alagoinhas. Segundo o parlamentar, pacientes t\u00eam sido enviados de volta para casa quando m\u00e9dicos faltam ao servi\u00e7o, mas, no sistema oficial, o atendimento aparece como \u201crealizado\u201d.<\/p>\n<p>Segundo Xar\u00e1, essa pr\u00e1tica fere direitos b\u00e1sicos dos usu\u00e1rios e compromete a gest\u00e3o p\u00fablica da sa\u00fade. \u201cRecebemos uma den\u00fancia robusta: quando o m\u00e9dico n\u00e3o comparece, o paciente \u00e9 dispensado, mas no sistema consta como atendido. Isso lesa o cidad\u00e3o, falsifica dados e desorganiza completamente o servi\u00e7o de sa\u00fade\u201d, afirmou.<\/p><div class=\"newsi-conteudo_19\" id=\"newsi-1726909267\"><a href=\"https:\/\/www.instagram.com\/prefeituraalagoinhas?igsh=YzgzdDJ1bWR3aWI4\" aria-label=\"SAVE_20251006_221555\"><img loading=\"lazy\" decoding=\"async\" src=\"https:\/\/newsinfoco.com.br\/inicio\/wp-content\/uploads\/2025\/10\/SAVE_20251006_221555-rotated.jpg\" alt=\"\"  srcset=\"https:\/\/newsinfoco.com.br\/inicio\/wp-content\/uploads\/2025\/10\/SAVE_20251006_221555-rotated.jpg 1140w, https:\/\/newsinfoco.com.br\/inicio\/wp-content\/uploads\/2025\/10\/SAVE_20251006_221555-300x52.jpg 300w, https:\/\/newsinfoco.com.br\/inicio\/wp-content\/uploads\/2025\/10\/SAVE_20251006_221555-1024x177.jpg 1024w, https:\/\/newsinfoco.com.br\/inicio\/wp-content\/uploads\/2025\/10\/SAVE_20251006_221555-768x133.jpg 768w, https:\/\/newsinfoco.com.br\/inicio\/wp-content\/uploads\/2025\/10\/SAVE_20251006_221555-600x104.jpg 600w, https:\/\/newsinfoco.com.br\/inicio\/wp-content\/uploads\/2025\/10\/SAVE_20251006_221555-696x120.jpg 696w, https:\/\/newsinfoco.com.br\/inicio\/wp-content\/uploads\/2025\/10\/SAVE_20251006_221555-1068x185.jpg 1068w\" sizes=\"(max-width: 1140px) 100vw, 1140px\" width=\"1140\" height=\"197\"   \/><\/a><\/div>\n<p>O vereador questionou como \u00e9 poss\u00edvel que o profissional falte, o atendimento n\u00e3o ocorra e, ainda assim, conste como conclu\u00eddo. \u201cN\u00e3o existe dado verdadeiro se a falta do m\u00e9dico \u00e9 registrada como exame realizado. Se o sistema n\u00e3o permite registrar aus\u00eancia, o problema \u00e9 do sistema, e provid\u00eancias precisam ser tomadas imediatamente.\u201d<\/p>\n<p>Xar\u00e1 alertou que o impacto vai al\u00e9m dos usu\u00e1rios prejudicados: \u201cIsso n\u00e3o \u00e9 uma simples falha administrativa. \u00c9 fraude de dados p\u00fablicos. Gera estat\u00edsticas irreais, mascara a demanda real por profissionais e prejudica o planejamento municipal e regional da sa\u00fade\u201d.<\/p>\n<p>O parlamentar informou que possui provas e citou o caso de uma paciente que voltou para casa sem atendimento, apesar de constar como assistida no sistema. \u201cTrata-se de sa\u00fade, de vida. N\u00e3o vou admitir esse tipo de situa\u00e7\u00e3o\u201d, declarou.<\/p>\n<p>Diante da gravidade, solicitou que a den\u00fancia fosse registrada em ata e cobrou um protocolo formal de investiga\u00e7\u00e3o: \u201cPe\u00e7o que a Mesa Diretora oficie o cons\u00f3rcio de sa\u00fade, as secretarias municipais e estadual de Sa\u00fade, para que apurem imediatamente a falsifica\u00e7\u00e3o desses registros\u201d.<\/p>\n<p><strong>Requerimento<\/strong><\/p>\n<p>Al\u00e9m da den\u00fancia, o vereador Anderson Xar\u00e1 tratou do requerimento apresentado sobre a situa\u00e7\u00e3o dos moradores da Rua Marechal Floriano (Santa Terezinha), que, segundo ele, continuam sofrendo com alagamentos mesmo ap\u00f3s a recente pavimenta\u00e7\u00e3o asf\u00e1ltica.<\/p>\n<p>O vereador explicou que a obra, apesar de bem-vinda, agravou o escoamento da \u00e1gua da chuva, invadindo resid\u00eancias e trazendo preju\u00edzos recorrentes \u00e0 popula\u00e7\u00e3o. \u201cA cada chuva, as casas s\u00e3o invadidas. N\u00e3o podemos permitir que a conclus\u00e3o de uma obra se transforme em um pesadelo para as fam\u00edlias\u201d, declarou.<\/p>\n<p>Ele solicitou que futuras interven\u00e7\u00f5es vi\u00e1rias considerem estudos t\u00e9cnicos de drenagem. \u201cPe\u00e7o que haja an\u00e1lise t\u00e9cnica da Secretaria Municipal de Manuten\u00e7\u00e3o, Secretaria Municipal de Obras e Projetos e Servi\u00e7o Aut\u00f4nomo de \u00c1gua e Esgoto. Aquela regi\u00e3o funciona como a calha de uma casa: toda a \u00e1gua da Santa Terezinha desce para a Marechal Floriano\u201d, relatou.<\/p>\n<p>Xar\u00e1 tamb\u00e9m mencionou a situa\u00e7\u00e3o cr\u00f4nica de esgoto em \u00e1reas pr\u00f3ximas, afetando inclusive moradores em tratamento de sa\u00fade: \u201c\u00c9 desgastante porque a porta que bate \u00e9 na minha. Mas n\u00e3o \u00e9 apenas por isso \u2013 d\u00f3i ver pessoas vulner\u00e1veis convivendo com esgoto e entupimentos constantes\u201d.<\/p>\n<p>O vereador encerrou pedindo aten\u00e7\u00e3o das secretarias competentes para minimizar o sofrimento da comunidade. \u201cQue seja realizado um estudo s\u00e9rio e que as obras tragam melhorias, n\u00e3o transtornos. Muito obrigado e que Deus aben\u00e7oe a todos\u201d, finalizou.<\/p>\n<p><strong>Ascom \u2013 C\u00e2mara Municipal de Alagoinhas<\/strong><\/p>\n<p><strong>Fotos \u2013 Jh\u00f4 Paz<\/strong><\/p>\n<div class='share-to-whatsapp-wrapper'><div class='share-on-whsp'>Share on: <\/div><a data-text='Vereador Anderson Xar\u00e1 denuncia fraude em registros de atendimento da Policl\u00ednica Regional e cobra medidas imediatas' data-link='https:\/\/newsinfoco.com.br\/inicio\/vereador-anderson-xara-denuncia-fraude-em-registros-de-atendimento-da-policlinica-regional-e-cobra-medidas-imediatas\/' class='whatsapp-button whatsapp-share'>WhatsApp<\/a><div class='clear '><\/div><\/div>","protected":false},"excerpt":{"rendered":"<p>Na sess\u00e3o ordin\u00e1ria desta quinta-feira (04), o vereador Anderson Xar\u00e1 levou \u00e0 tribuna uma den\u00fancia considerada \u201cgrav\u00edssima\u201d envolvendo a Policl\u00ednica Regional de Alagoinhas. Segundo o parlamentar, pacientes t\u00eam sido enviados de volta para casa quando m\u00e9dicos faltam ao servi\u00e7o, mas, no sistema oficial, o atendimento aparece como \u201crealizado\u201d. Segundo Xar\u00e1, essa pr\u00e1tica fere direitos b\u00e1sicos [&hellip;]<\/p>\n","protected":false},"author":1,"featured_media":48216,"comment_status":"closed","ping_status":"closed","sticky":false,"template":"","format":"standard","meta":{"om_disable_all_campaigns":false,"_exactmetrics_skip_tracking":false,"_exactmetrics_sitenote_active":false,"_exactmetrics_sitenote_note":"","_exactmetrics_sitenote_category":0,"footnotes":""},"categories":[19],"tags":[],"class_list":["post-48215","post","type-post","status-publish","format-standard","has-post-thumbnail","hentry","category-bahia"],"aioseo_notices":[],"_links":{"self":[{"href":"https:\/\/newsinfoco.com.br\/inicio\/wp-json\/wp\/v2\/posts\/48215","targetHints":{"allow":["GET"]}}],"collection":[{"href":"https:\/\/newsinfoco.com.br\/inicio\/wp-json\/wp\/v2\/posts"}],"about":[{"href":"https:\/\/newsinfoco.com.br\/inicio\/wp-json\/wp\/v2\/types\/post"}],"author":[{"embeddable":true,"href":"https:\/\/newsinfoco.com.br\/inicio\/wp-json\/wp\/v2\/users\/1"}],"replies":[{"embeddable":true,"href":"https:\/\/newsinfoco.com.br\/inicio\/wp-json\/wp\/v2\/comments?post=48215"}],"version-history":[{"count":1,"href":"https:\/\/newsinfoco.com.br\/inicio\/wp-json\/wp\/v2\/posts\/48215\/revisions"}],"predecessor-version":[{"id":48217,"href":"https:\/\/newsinfoco.com.br\/inicio\/wp-json\/wp\/v2\/posts\/48215\/revisions\/48217"}],"wp:featuredmedia":[{"embeddable":true,"href":"https:\/\/newsinfoco.com.br\/inicio\/wp-json\/wp\/v2\/media\/48216"}],"wp:attachment":[{"href":"https:\/\/newsinfoco.com.br\/inicio\/wp-json\/wp\/v2\/media?parent=48215"}],"wp:term":[{"taxonomy":"category","embeddable":true,"href":"https:\/\/newsinfoco.com.br\/inicio\/wp-json\/wp\/v2\/categories?post=48215"},{"taxonomy":"post_tag","embeddable":true,"href":"https:\/\/newsinfoco.com.br\/inicio\/wp-json\/wp\/v2\/tags?post=48215"}],"curies":[{"name":"wp","href":"https:\/\/api.w.org\/{rel}","templated":true}]}}