{"id":4822,"date":"2018-06-05T19:01:29","date_gmt":"2018-06-05T22:01:29","guid":{"rendered":"http:\/\/newsinfoco.com.br\/?p=4822"},"modified":"2018-06-05T19:01:29","modified_gmt":"2018-06-05T22:01:29","slug":"cras-riacho-da-guia-divulga-programacao-especial-para-esta-semana-confira","status":"publish","type":"post","link":"https:\/\/newsinfoco.com.br\/inicio\/cras-riacho-da-guia-divulga-programacao-especial-para-esta-semana-confira\/","title":{"rendered":"CRAS Riacho da Guia divulga programa\u00e7\u00e3o especial para esta semana; confira"},"content":{"rendered":"<p style=\"text-align: justify;\"><span style=\"color: #000000;\">A Prefeitura de Alagoinhas, atrav\u00e9s da Secretaria Municipal de Assist\u00eancia Social (SEMAS), divulgou, nesta ter\u00e7a-feira (5), a programa\u00e7\u00e3o de atividades desta quarta-feira (6) e quinta-feira (7) do Centro de Refer\u00eancia de Assist\u00eancia Social (CRAS) do Riacho da Guia.<\/span><\/p>\n<p style=\"text-align: justify;\"><span style=\"color: #000000;\">A grade prevista conta abordagem do tema \u201cExplora\u00e7\u00e3o do Trabalho Infantil\u201d, ensaio para apresenta\u00e7\u00e3o junina e futebol junto aos Grupos de Conviv\u00eancia e Fortalecimento de V\u00ednculos (SCFV).<\/span><\/p><div class=\"newsi-conteudo_19\" id=\"newsi-2869963928\"><a href=\"https:\/\/www.instagram.com\/prefeituraalagoinhas?igsh=YzgzdDJ1bWR3aWI4\" aria-label=\"SAVE_20251006_221555\"><img loading=\"lazy\" decoding=\"async\" src=\"https:\/\/newsinfoco.com.br\/inicio\/wp-content\/uploads\/2025\/10\/SAVE_20251006_221555-rotated.jpg\" alt=\"\"  srcset=\"https:\/\/newsinfoco.com.br\/inicio\/wp-content\/uploads\/2025\/10\/SAVE_20251006_221555-rotated.jpg 1140w, https:\/\/newsinfoco.com.br\/inicio\/wp-content\/uploads\/2025\/10\/SAVE_20251006_221555-300x52.jpg 300w, https:\/\/newsinfoco.com.br\/inicio\/wp-content\/uploads\/2025\/10\/SAVE_20251006_221555-1024x177.jpg 1024w, https:\/\/newsinfoco.com.br\/inicio\/wp-content\/uploads\/2025\/10\/SAVE_20251006_221555-768x133.jpg 768w, https:\/\/newsinfoco.com.br\/inicio\/wp-content\/uploads\/2025\/10\/SAVE_20251006_221555-600x104.jpg 600w, https:\/\/newsinfoco.com.br\/inicio\/wp-content\/uploads\/2025\/10\/SAVE_20251006_221555-696x120.jpg 696w, https:\/\/newsinfoco.com.br\/inicio\/wp-content\/uploads\/2025\/10\/SAVE_20251006_221555-1068x185.jpg 1068w\" sizes=\"(max-width: 1140px) 100vw, 1140px\" width=\"1140\" height=\"197\"   \/><\/a><\/div>\n<p style=\"text-align: justify;\">\n<p style=\"text-align: justify;\"><span style=\"color: #000000;\"><strong>CONFIRA PROGRAMA\u00c7\u00c3O:<\/strong><\/span><\/p>\n<p style=\"text-align: justify;\">\n<p style=\"text-align: justify;\"><span style=\"color: #000000;\"><strong>Quarta-feira 06\/06:<\/strong><\/span><\/p>\n<p style=\"text-align: justify;\"><span style=\"color: #000000;\">Manh\u00e3 e tarde: SCFV Grupo de Crian\u00e7as 09 a 11 anos \u2013 Abordagem do tema \u201cExplora\u00e7\u00e3o do Trabalho Infantil\u201d. Ensaio para apresenta\u00e7\u00e3o na festa do S\u00e3o Jo\u00e3o, confec\u00e7\u00e3o de enfeites juninos e oficina de Futebol.<\/span><\/p>\n<p style=\"text-align: justify;\">\n<p style=\"text-align: justify;\"><span style=\"color: #000000;\"><strong>Quinta-feira 07\/06:<\/strong><\/span><\/p>\n<p style=\"text-align: justify;\"><span style=\"color: #000000;\">Manh\u00e3 e tarde: SCFV \u2013 Grupo de Adolescentes 12 a 17 anos \u2013 Abordagem do tema \u201cExplora\u00e7\u00e3o do Trabalho Infantil\u201d, confec\u00e7\u00e3o de enfeites juninos e oficina de Dan\u00e7a Infantil e Idosos.<\/span><\/p>\n<h6 style=\"text-align: right;\" align=\"right\"><span style=\"color: #999999;\">Fonte: SECOM SEMAS CRAS\u00a0<\/span><\/h6>\n<div class='share-to-whatsapp-wrapper'><div class='share-on-whsp'>Share on: <\/div><a data-text='CRAS Riacho da Guia divulga programa\u00e7\u00e3o especial para esta semana; confira' data-link='https:\/\/newsinfoco.com.br\/inicio\/cras-riacho-da-guia-divulga-programacao-especial-para-esta-semana-confira\/' class='whatsapp-button whatsapp-share'>WhatsApp<\/a><div class='clear '><\/div><\/div>","protected":false},"excerpt":{"rendered":"<p>A Prefeitura de Alagoinhas, atrav\u00e9s da Secretaria Municipal de Assist\u00eancia Social (SEMAS), divulgou, nesta ter\u00e7a-feira (5), a programa\u00e7\u00e3o de atividades desta quarta-feira (6) e quinta-feira (7) do Centro de Refer\u00eancia de Assist\u00eancia Social (CRAS) do Riacho da Guia. A grade prevista conta abordagem do tema \u201cExplora\u00e7\u00e3o do Trabalho Infantil\u201d, ensaio para apresenta\u00e7\u00e3o junina e futebol [&hellip;]<\/p>\n","protected":false},"author":1,"featured_media":301,"comment_status":"open","ping_status":"open","sticky":false,"template":"","format":"standard","meta":{"om_disable_all_campaigns":false,"_exactmetrics_skip_tracking":false,"_exactmetrics_sitenote_active":false,"_exactmetrics_sitenote_note":"","_exactmetrics_sitenote_category":0,"footnotes":""},"categories":[38,30],"tags":[53,54,120],"class_list":["post-4822","post","type-post","status-publish","format-standard","has-post-thumbnail","hentry","category-alagoinhas-e-regiao","category-destaque","tag-alagoinhas","tag-prefeitura","tag-secom-semas"],"aioseo_notices":[],"_links":{"self":[{"href":"https:\/\/newsinfoco.com.br\/inicio\/wp-json\/wp\/v2\/posts\/4822","targetHints":{"allow":["GET"]}}],"collection":[{"href":"https:\/\/newsinfoco.com.br\/inicio\/wp-json\/wp\/v2\/posts"}],"about":[{"href":"https:\/\/newsinfoco.com.br\/inicio\/wp-json\/wp\/v2\/types\/post"}],"author":[{"embeddable":true,"href":"https:\/\/newsinfoco.com.br\/inicio\/wp-json\/wp\/v2\/users\/1"}],"replies":[{"embeddable":true,"href":"https:\/\/newsinfoco.com.br\/inicio\/wp-json\/wp\/v2\/comments?post=4822"}],"version-history":[{"count":0,"href":"https:\/\/newsinfoco.com.br\/inicio\/wp-json\/wp\/v2\/posts\/4822\/revisions"}],"wp:featuredmedia":[{"embeddable":true,"href":"https:\/\/newsinfoco.com.br\/inicio\/wp-json\/wp\/v2\/media\/301"}],"wp:attachment":[{"href":"https:\/\/newsinfoco.com.br\/inicio\/wp-json\/wp\/v2\/media?parent=4822"}],"wp:term":[{"taxonomy":"category","embeddable":true,"href":"https:\/\/newsinfoco.com.br\/inicio\/wp-json\/wp\/v2\/categories?post=4822"},{"taxonomy":"post_tag","embeddable":true,"href":"https:\/\/newsinfoco.com.br\/inicio\/wp-json\/wp\/v2\/tags?post=4822"}],"curies":[{"name":"wp","href":"https:\/\/api.w.org\/{rel}","templated":true}]}}