{"id":48221,"date":"2025-12-05T13:49:57","date_gmt":"2025-12-05T16:49:57","guid":{"rendered":"https:\/\/newsinfoco.com.br\/inicio\/?p=48221"},"modified":"2025-12-05T13:49:57","modified_gmt":"2025-12-05T16:49:57","slug":"vereadora-juci-cardoso-alerta-para-a-escalada-da-violencia-de-genero-e-denuncia-o-racismo-estrutural-que-enfrenta-no-exercicio-do-mandato","status":"publish","type":"post","link":"https:\/\/newsinfoco.com.br\/inicio\/vereadora-juci-cardoso-alerta-para-a-escalada-da-violencia-de-genero-e-denuncia-o-racismo-estrutural-que-enfrenta-no-exercicio-do-mandato\/","title":{"rendered":"Vereadora Juci Cardoso alerta para a escalada da viol\u00eancia de g\u00eanero e denuncia o racismo estrutural que enfrenta no exerc\u00edcio do mandato"},"content":{"rendered":"<p>Na sess\u00e3o desta quinta-feira (4), a vereadora Juci Cardoso discorreu sobre a escalada da viol\u00eancia de g\u00eanero e o racismo estrutural. Inserida no contexto dos \u201c21 Dias de Ativismo pelo Fim da Viol\u00eancia contra as Mulheres\u201d, a parlamentar solicitou uma Mo\u00e7\u00e3o de Rep\u00fadio pelo ataque brutal sofrido pela m\u00e3e da vereadora Sabrina Lima, do munic\u00edpio de Quixabeira, que foi violentada f\u00edsica e sexualmente e abandonada em uma rodovia, encontrando-se atualmente na UTI.<\/p>\n<p>Juci Cardoso destacou os requintes de crueldade que t\u00eam marcado os crimes recentes, citando casos chocantes como o do homem que matou a esposa e os quatro filhos carbonizados, e outro epis\u00f3dio onde o agressor mutilou a companheira com mordidas e a arrastou de carro por um quil\u00f4metro.<\/p><div class=\"newsi-conteudo_19\" id=\"newsi-1026895524\"><a href=\"https:\/\/www.instagram.com\/prefeituraalagoinhas?igsh=YzgzdDJ1bWR3aWI4\" aria-label=\"SAVE_20251006_221555\"><img loading=\"lazy\" decoding=\"async\" src=\"https:\/\/newsinfoco.com.br\/inicio\/wp-content\/uploads\/2025\/10\/SAVE_20251006_221555-rotated.jpg\" alt=\"\"  srcset=\"https:\/\/newsinfoco.com.br\/inicio\/wp-content\/uploads\/2025\/10\/SAVE_20251006_221555-rotated.jpg 1140w, https:\/\/newsinfoco.com.br\/inicio\/wp-content\/uploads\/2025\/10\/SAVE_20251006_221555-300x52.jpg 300w, https:\/\/newsinfoco.com.br\/inicio\/wp-content\/uploads\/2025\/10\/SAVE_20251006_221555-1024x177.jpg 1024w, https:\/\/newsinfoco.com.br\/inicio\/wp-content\/uploads\/2025\/10\/SAVE_20251006_221555-768x133.jpg 768w, https:\/\/newsinfoco.com.br\/inicio\/wp-content\/uploads\/2025\/10\/SAVE_20251006_221555-600x104.jpg 600w, https:\/\/newsinfoco.com.br\/inicio\/wp-content\/uploads\/2025\/10\/SAVE_20251006_221555-696x120.jpg 696w, https:\/\/newsinfoco.com.br\/inicio\/wp-content\/uploads\/2025\/10\/SAVE_20251006_221555-1068x185.jpg 1068w\" sizes=\"(max-width: 1140px) 100vw, 1140px\" width=\"1140\" height=\"197\"   \/><\/a><\/div>\n<p>\u201cObserve a escalada da viol\u00eancia e a necessidade da desqualifica\u00e7\u00e3o, inclusive do corpo. N\u00e3o d\u00e1 mais para continuarmos contando corpos. Precisamos de pol\u00edticas p\u00fablicas eficientes para enfrentar essa cultura patriarcal que ensina homens a matar mulheres\u201d, declarou.<\/p>\n<p>A vereadora denunciou a viol\u00eancia pol\u00edtica de g\u00eanero e o racismo que enfrenta no exerc\u00edcio do mandato. Juci revelou ter sido alvo de ataques racistas nas redes sociais, onde um internauta respondeu a uma postagem sua com a foto de um gorila.<\/p>\n<p>\u201cSeja quem nos visita ou quem est\u00e1 aqui, muitas vezes tratam essa viol\u00eancia como se nada fosse. Mas n\u00e3o ser\u00e3o racistas que dir\u00e3o como vou me posicionar. A senzala aprendeu a ler e a entender a for\u00e7a da sua voz. N\u00e3o ser\u00e3o racistas que dir\u00e3o como vou me posicionar. Se eu n\u00e3o puder andar, eu vou correr. Se eu n\u00e3o puder correr, eu vou me rastejar. Mas eu rejeito, rejeito me deitar para esse tipo de gente violenta\u201d, afirmou, alertando que a viol\u00eancia simb\u00f3lica visa desestimular a perman\u00eancia das mulheres nos espa\u00e7os de poder, citando tamb\u00e9m as press\u00f5es sofridas pela vereadora Luma Menezes.<\/p>\n<p>O vereador Thor de Ninha, que presidia a sess\u00e3o, endossou o discurso e refor\u00e7ou o debate. Ele lembrou o Dia Internacional das Pessoas com Defici\u00eancia, celebrado no dia anterior (3), e trouxe dados alarmantes da Organiza\u00e7\u00e3o Mundial da Sa\u00fade (OMS).<\/p>\n<p>\u201cA OMS constata que mais de 840 milh\u00f5es de mulheres continuam sofrendo viol\u00eancia. \u00c9 uma luta de todos, mas principalmente nossa, dos homens, que somos os protagonistas dessa viol\u00eancia e devemos assumir a responsabilidade pela mudan\u00e7a\u201d, disse Thor de Ninha. O vereador informou ainda que solicitou pessoalmente ao governador Jer\u00f4nimo Rodrigues que a pauta da viol\u00eancia contra a mulher seja priorit\u00e1ria em todas as audi\u00eancias do estado.<\/p>\n<div class=\"wp-block-image\">\n<figure class=\"aligncenter size-large\"><img loading=\"lazy\" decoding=\"async\" class=\"wp-image-22672\" src=\"https:\/\/camaradealagoinhas.ba.gov.br\/wp-content\/uploads\/2025\/12\/2d6b49b3-62ce-48ff-abe2-8e8d7d8a0de4-1024x819.jpg\" sizes=\"auto, (max-width: 1024px) 100vw, 1024px\" srcset=\"https:\/\/camaradealagoinhas.ba.gov.br\/wp-content\/uploads\/2025\/12\/2d6b49b3-62ce-48ff-abe2-8e8d7d8a0de4-1024x819.jpg 1024w, https:\/\/camaradealagoinhas.ba.gov.br\/wp-content\/uploads\/2025\/12\/2d6b49b3-62ce-48ff-abe2-8e8d7d8a0de4-300x240.jpg 300w, https:\/\/camaradealagoinhas.ba.gov.br\/wp-content\/uploads\/2025\/12\/2d6b49b3-62ce-48ff-abe2-8e8d7d8a0de4-768x614.jpg 768w, https:\/\/camaradealagoinhas.ba.gov.br\/wp-content\/uploads\/2025\/12\/2d6b49b3-62ce-48ff-abe2-8e8d7d8a0de4-1536x1229.jpg 1536w, https:\/\/camaradealagoinhas.ba.gov.br\/wp-content\/uploads\/2025\/12\/2d6b49b3-62ce-48ff-abe2-8e8d7d8a0de4-2048x1639.jpg 2048w\" alt=\"\" width=\"1024\" height=\"819\" \/><\/figure>\n<\/div>\n<p>Ainda em seu discurso, Juci Cardoso precisou cobrar respeito ao regimento interno da Casa, criticando conversas paralelas e interrup\u00e7\u00f5es durante as falas dos parlamentares. Para a vereadora, a falta de sil\u00eancio e aten\u00e7\u00e3o durante a discuss\u00e3o de temas graves reflete a naturaliza\u00e7\u00e3o do desrespeito e a tentativa de descredibilizar a fala feminina no espa\u00e7o de poder.<\/p>\n<p><strong>Ascom \u2013 C\u00e2mara Municipal de Alagoinhas<\/strong><\/p>\n<p><strong>Fotos \u2013 Jh\u00f4 Paz<\/strong><\/p>\n<div class='share-to-whatsapp-wrapper'><div class='share-on-whsp'>Share on: <\/div><a data-text='Vereadora Juci Cardoso alerta para a escalada da viol\u00eancia de g\u00eanero e denuncia o racismo estrutural que enfrenta no exerc\u00edcio do mandato' data-link='https:\/\/newsinfoco.com.br\/inicio\/vereadora-juci-cardoso-alerta-para-a-escalada-da-violencia-de-genero-e-denuncia-o-racismo-estrutural-que-enfrenta-no-exercicio-do-mandato\/' class='whatsapp-button whatsapp-share'>WhatsApp<\/a><div class='clear '><\/div><\/div>","protected":false},"excerpt":{"rendered":"<p>Na sess\u00e3o desta quinta-feira (4), a vereadora Juci Cardoso discorreu sobre a escalada da viol\u00eancia de g\u00eanero e o racismo estrutural. Inserida no contexto dos \u201c21 Dias de Ativismo pelo Fim da Viol\u00eancia contra as Mulheres\u201d, a parlamentar solicitou uma Mo\u00e7\u00e3o de Rep\u00fadio pelo ataque brutal sofrido pela m\u00e3e da vereadora Sabrina Lima, do munic\u00edpio [&hellip;]<\/p>\n","protected":false},"author":1,"featured_media":48222,"comment_status":"closed","ping_status":"closed","sticky":false,"template":"","format":"standard","meta":{"om_disable_all_campaigns":false,"_exactmetrics_skip_tracking":false,"_exactmetrics_sitenote_active":false,"_exactmetrics_sitenote_note":"","_exactmetrics_sitenote_category":0,"footnotes":""},"categories":[19],"tags":[],"class_list":["post-48221","post","type-post","status-publish","format-standard","has-post-thumbnail","hentry","category-bahia"],"aioseo_notices":[],"_links":{"self":[{"href":"https:\/\/newsinfoco.com.br\/inicio\/wp-json\/wp\/v2\/posts\/48221","targetHints":{"allow":["GET"]}}],"collection":[{"href":"https:\/\/newsinfoco.com.br\/inicio\/wp-json\/wp\/v2\/posts"}],"about":[{"href":"https:\/\/newsinfoco.com.br\/inicio\/wp-json\/wp\/v2\/types\/post"}],"author":[{"embeddable":true,"href":"https:\/\/newsinfoco.com.br\/inicio\/wp-json\/wp\/v2\/users\/1"}],"replies":[{"embeddable":true,"href":"https:\/\/newsinfoco.com.br\/inicio\/wp-json\/wp\/v2\/comments?post=48221"}],"version-history":[{"count":1,"href":"https:\/\/newsinfoco.com.br\/inicio\/wp-json\/wp\/v2\/posts\/48221\/revisions"}],"predecessor-version":[{"id":48223,"href":"https:\/\/newsinfoco.com.br\/inicio\/wp-json\/wp\/v2\/posts\/48221\/revisions\/48223"}],"wp:featuredmedia":[{"embeddable":true,"href":"https:\/\/newsinfoco.com.br\/inicio\/wp-json\/wp\/v2\/media\/48222"}],"wp:attachment":[{"href":"https:\/\/newsinfoco.com.br\/inicio\/wp-json\/wp\/v2\/media?parent=48221"}],"wp:term":[{"taxonomy":"category","embeddable":true,"href":"https:\/\/newsinfoco.com.br\/inicio\/wp-json\/wp\/v2\/categories?post=48221"},{"taxonomy":"post_tag","embeddable":true,"href":"https:\/\/newsinfoco.com.br\/inicio\/wp-json\/wp\/v2\/tags?post=48221"}],"curies":[{"name":"wp","href":"https:\/\/api.w.org\/{rel}","templated":true}]}}