{"id":48224,"date":"2025-12-05T13:51:48","date_gmt":"2025-12-05T16:51:48","guid":{"rendered":"https:\/\/newsinfoco.com.br\/inicio\/?p=48224"},"modified":"2025-12-05T13:51:48","modified_gmt":"2025-12-05T16:51:48","slug":"operacao-regulariza-comercio-informal-e-organiza-centro-da-cidade-para-o-mes-de-dezembro","status":"publish","type":"post","link":"https:\/\/newsinfoco.com.br\/inicio\/operacao-regulariza-comercio-informal-e-organiza-centro-da-cidade-para-o-mes-de-dezembro\/","title":{"rendered":"Opera\u00e7\u00e3o regulariza com\u00e9rcio informal e organiza Centro da cidade para o m\u00eas de dezembro"},"content":{"rendered":"<p>Os agentes da Secretaria Municipal de Mobilidade e Ordem P\u00fablica (Semorp) iniciaram, na manh\u00e3 desta sexta-feira, 5, a \u201cOpera\u00e7\u00e3o de Controle do Uso do Solo no Centro de Alagoinhas\u201d, com o objetivo de definir par\u00e2metros m\u00ednimos para a circula\u00e7\u00e3o de pessoas, assegurando maior seguran\u00e7a, conforto e melhor fluidez na\u00a0\u00e1rea. A a\u00e7\u00e3o, que acontecer\u00e1 durante todo o m\u00eas de dezembro, contou tamb\u00e9m com a participa\u00e7\u00e3o de agentes da Guarda Municipal e da equipe da Superintend\u00eancia Municipal de Tr\u00e2nsito (SMT).<\/p>\n<p>\u201cFizemos reuni\u00f5es com os ambulantes, definindo crit\u00e9rios b\u00e1sicos de utiliza\u00e7\u00e3o para a quantidade de cestos, a necessidade de manter o ambiente limpo, evitando usar a via como dep\u00f3sito de mercadoria, deixando exposta apenas a mercadoria que ser\u00e1 vendida. A opera\u00e7\u00e3o \u00e9 focada no com\u00e9rcio informal, sendo que a Semorp j\u00e1 tem o cadastro dos ambulantes, e estamos, assim, fiscalizando e controlando a presen\u00e7a tamb\u00e9m de ambulantes que v\u00eam de fora, sem autoriza\u00e7\u00e3o para o com\u00e9rcio e ocupa\u00e7\u00e3o do solo urbano. A ideia \u00e9 n\u00e3o permitir que o local fique desorganizado, onde prezamos pela preserva\u00e7\u00e3o da \u00e1rea p\u00fablica e um com\u00e9rcio legalizado\u201d, explicou o secret\u00e1rio da Semorp, Hilton Ribeiro.<\/p><div class=\"newsi-conteudo_19\" id=\"newsi-2134475055\"><a href=\"https:\/\/www.instagram.com\/prefeituraalagoinhas?igsh=YzgzdDJ1bWR3aWI4\" aria-label=\"SAVE_20251006_221555\"><img loading=\"lazy\" decoding=\"async\" src=\"https:\/\/newsinfoco.com.br\/inicio\/wp-content\/uploads\/2025\/10\/SAVE_20251006_221555-rotated.jpg\" alt=\"\"  srcset=\"https:\/\/newsinfoco.com.br\/inicio\/wp-content\/uploads\/2025\/10\/SAVE_20251006_221555-rotated.jpg 1140w, https:\/\/newsinfoco.com.br\/inicio\/wp-content\/uploads\/2025\/10\/SAVE_20251006_221555-300x52.jpg 300w, https:\/\/newsinfoco.com.br\/inicio\/wp-content\/uploads\/2025\/10\/SAVE_20251006_221555-1024x177.jpg 1024w, https:\/\/newsinfoco.com.br\/inicio\/wp-content\/uploads\/2025\/10\/SAVE_20251006_221555-768x133.jpg 768w, https:\/\/newsinfoco.com.br\/inicio\/wp-content\/uploads\/2025\/10\/SAVE_20251006_221555-600x104.jpg 600w, https:\/\/newsinfoco.com.br\/inicio\/wp-content\/uploads\/2025\/10\/SAVE_20251006_221555-696x120.jpg 696w, https:\/\/newsinfoco.com.br\/inicio\/wp-content\/uploads\/2025\/10\/SAVE_20251006_221555-1068x185.jpg 1068w\" sizes=\"(max-width: 1140px) 100vw, 1140px\" width=\"1140\" height=\"197\"   \/><\/a><\/div>\n<p>Rosenildo de Santana Santos, que trabalha como vendedor de frutas e verduras na regi\u00e3o h\u00e1 d\u00e9cadas, contou que a presen\u00e7a da gest\u00e3o municipal na organiza\u00e7\u00e3o e fiscaliza\u00e7\u00e3o trouxe mais tranquilidade. \u201cOrganizar o Centro, principalmente em dezembro, deixa tudo mais f\u00e1cil e acess\u00edvel para os nossos clientes, por exemplo. A cidade fica limpa, n\u00e3o tem gente de fora ocupando os espa\u00e7os. J\u00e1 t\u00ednhamos nos reunido com o pessoal da Semorp, e foi tudo certo, t\u00ednhamos consci\u00eancia dessa fiscaliza\u00e7\u00e3o de hoje, cheguei cedo, arrumei minha barraca tudo certinho e n\u00e3o tive nenhum problema\u201d, enfatizou o comerciante.<\/p>\n<p>De acordo com o subcomandante da Guarda Municipal, Wilson dos Santos, a prioridade \u00e9 o trabalho de conscientiza\u00e7\u00e3o dos comerciantes, dos transeuntes e dos condutores, prezando o cotidiano da cidade. \u201c\u00c9 um trabalho que a gente faz em conjunto, onde estamos presentes sempre nessas \u00e9pocas festivas. A Guarda Municipal j\u00e1 montou as equipes para estarmos mais fortemente nas ruas, porque \u00e9 um m\u00eas que tem muita reincid\u00eancia de assaltos. Estaremos nas \u00e1reas que mais demandam nossa presen\u00e7a para trazer maior tranquilidade para os mun\u00edcipes e as pessoas que vierem de fora tamb\u00e9m para curtir este Natal aqui conosco\u201d, concluiu.<\/p>\n<p>&nbsp;<\/p>\n<p><a class=\"group1 cboxElement\" href=\"https:\/\/www.alagoinhas.ba.gov.br\/wp-content\/uploads\/2025\/12\/WhatsApp-Image-2025-12-05-at-07.21.16-1.jpeg\"><img loading=\"lazy\" decoding=\"async\" class=\"aligncenter size-full wp-image-85918\" src=\"https:\/\/www.alagoinhas.ba.gov.br\/wp-content\/uploads\/2025\/12\/WhatsApp-Image-2025-12-05-at-07.21.16-1.jpeg\" sizes=\"auto, (max-width: 1600px) 100vw, 1600px\" srcset=\"https:\/\/www.alagoinhas.ba.gov.br\/wp-content\/uploads\/2025\/12\/WhatsApp-Image-2025-12-05-at-07.21.16-1.jpeg 1600w, https:\/\/www.alagoinhas.ba.gov.br\/wp-content\/uploads\/2025\/12\/WhatsApp-Image-2025-12-05-at-07.21.16-1-300x200.jpeg 300w, https:\/\/www.alagoinhas.ba.gov.br\/wp-content\/uploads\/2025\/12\/WhatsApp-Image-2025-12-05-at-07.21.16-1-768x512.jpeg 768w, https:\/\/www.alagoinhas.ba.gov.br\/wp-content\/uploads\/2025\/12\/WhatsApp-Image-2025-12-05-at-07.21.16-1-1024x682.jpeg 1024w, https:\/\/www.alagoinhas.ba.gov.br\/wp-content\/uploads\/2025\/12\/WhatsApp-Image-2025-12-05-at-07.21.16-1-24x16.jpeg 24w\" alt=\"\" width=\"1600\" height=\"1066\" \/><\/a><\/p>\n<p><a class=\"group1 cboxElement\" href=\"https:\/\/www.alagoinhas.ba.gov.br\/wp-content\/uploads\/2025\/12\/WhatsApp-Image-2025-12-05-at-07.21.14-1.jpeg\"><img loading=\"lazy\" decoding=\"async\" class=\"aligncenter size-full wp-image-85919\" src=\"https:\/\/www.alagoinhas.ba.gov.br\/wp-content\/uploads\/2025\/12\/WhatsApp-Image-2025-12-05-at-07.21.14-1.jpeg\" sizes=\"auto, (max-width: 1600px) 100vw, 1600px\" srcset=\"https:\/\/www.alagoinhas.ba.gov.br\/wp-content\/uploads\/2025\/12\/WhatsApp-Image-2025-12-05-at-07.21.14-1.jpeg 1600w, https:\/\/www.alagoinhas.ba.gov.br\/wp-content\/uploads\/2025\/12\/WhatsApp-Image-2025-12-05-at-07.21.14-1-300x200.jpeg 300w, https:\/\/www.alagoinhas.ba.gov.br\/wp-content\/uploads\/2025\/12\/WhatsApp-Image-2025-12-05-at-07.21.14-1-768x512.jpeg 768w, https:\/\/www.alagoinhas.ba.gov.br\/wp-content\/uploads\/2025\/12\/WhatsApp-Image-2025-12-05-at-07.21.14-1-1024x682.jpeg 1024w, https:\/\/www.alagoinhas.ba.gov.br\/wp-content\/uploads\/2025\/12\/WhatsApp-Image-2025-12-05-at-07.21.14-1-24x16.jpeg 24w\" alt=\"\" width=\"1600\" height=\"1066\" \/><\/a><\/p>\n<p><a class=\"group1 cboxElement\" href=\"https:\/\/www.alagoinhas.ba.gov.br\/wp-content\/uploads\/2025\/12\/WhatsApp-Image-2025-12-05-at-07.21.15.jpeg\"><img loading=\"lazy\" decoding=\"async\" class=\"aligncenter size-full wp-image-85920\" src=\"https:\/\/www.alagoinhas.ba.gov.br\/wp-content\/uploads\/2025\/12\/WhatsApp-Image-2025-12-05-at-07.21.15.jpeg\" sizes=\"auto, (max-width: 1600px) 100vw, 1600px\" srcset=\"https:\/\/www.alagoinhas.ba.gov.br\/wp-content\/uploads\/2025\/12\/WhatsApp-Image-2025-12-05-at-07.21.15.jpeg 1600w, https:\/\/www.alagoinhas.ba.gov.br\/wp-content\/uploads\/2025\/12\/WhatsApp-Image-2025-12-05-at-07.21.15-300x200.jpeg 300w, https:\/\/www.alagoinhas.ba.gov.br\/wp-content\/uploads\/2025\/12\/WhatsApp-Image-2025-12-05-at-07.21.15-768x512.jpeg 768w, https:\/\/www.alagoinhas.ba.gov.br\/wp-content\/uploads\/2025\/12\/WhatsApp-Image-2025-12-05-at-07.21.15-1024x682.jpeg 1024w, https:\/\/www.alagoinhas.ba.gov.br\/wp-content\/uploads\/2025\/12\/WhatsApp-Image-2025-12-05-at-07.21.15-24x16.jpeg 24w\" alt=\"\" width=\"1600\" height=\"1066\" \/><\/a><\/p>\n<p><a class=\"group1 cboxElement\" href=\"https:\/\/www.alagoinhas.ba.gov.br\/wp-content\/uploads\/2025\/12\/WhatsApp-Image-2025-12-05-at-07.21.11-1.jpeg\"><img loading=\"lazy\" decoding=\"async\" class=\"aligncenter size-full wp-image-85917\" src=\"https:\/\/www.alagoinhas.ba.gov.br\/wp-content\/uploads\/2025\/12\/WhatsApp-Image-2025-12-05-at-07.21.11-1.jpeg\" sizes=\"auto, (max-width: 1600px) 100vw, 1600px\" srcset=\"https:\/\/www.alagoinhas.ba.gov.br\/wp-content\/uploads\/2025\/12\/WhatsApp-Image-2025-12-05-at-07.21.11-1.jpeg 1600w, https:\/\/www.alagoinhas.ba.gov.br\/wp-content\/uploads\/2025\/12\/WhatsApp-Image-2025-12-05-at-07.21.11-1-300x200.jpeg 300w, https:\/\/www.alagoinhas.ba.gov.br\/wp-content\/uploads\/2025\/12\/WhatsApp-Image-2025-12-05-at-07.21.11-1-768x512.jpeg 768w, https:\/\/www.alagoinhas.ba.gov.br\/wp-content\/uploads\/2025\/12\/WhatsApp-Image-2025-12-05-at-07.21.11-1-1024x682.jpeg 1024w, https:\/\/www.alagoinhas.ba.gov.br\/wp-content\/uploads\/2025\/12\/WhatsApp-Image-2025-12-05-at-07.21.11-1-24x16.jpeg 24w\" alt=\"\" width=\"1600\" height=\"1066\" \/><\/a><\/p>\n<p><a class=\"group1 cboxElement\" href=\"https:\/\/www.alagoinhas.ba.gov.br\/wp-content\/uploads\/2025\/12\/WhatsApp-Image-2025-12-05-at-07.21.11.jpeg\"><img loading=\"lazy\" decoding=\"async\" class=\"aligncenter size-full wp-image-85925\" src=\"https:\/\/www.alagoinhas.ba.gov.br\/wp-content\/uploads\/2025\/12\/WhatsApp-Image-2025-12-05-at-07.21.11.jpeg\" sizes=\"auto, (max-width: 1600px) 100vw, 1600px\" srcset=\"https:\/\/www.alagoinhas.ba.gov.br\/wp-content\/uploads\/2025\/12\/WhatsApp-Image-2025-12-05-at-07.21.11.jpeg 1600w, https:\/\/www.alagoinhas.ba.gov.br\/wp-content\/uploads\/2025\/12\/WhatsApp-Image-2025-12-05-at-07.21.11-300x200.jpeg 300w, https:\/\/www.alagoinhas.ba.gov.br\/wp-content\/uploads\/2025\/12\/WhatsApp-Image-2025-12-05-at-07.21.11-768x512.jpeg 768w, https:\/\/www.alagoinhas.ba.gov.br\/wp-content\/uploads\/2025\/12\/WhatsApp-Image-2025-12-05-at-07.21.11-1024x682.jpeg 1024w, https:\/\/www.alagoinhas.ba.gov.br\/wp-content\/uploads\/2025\/12\/WhatsApp-Image-2025-12-05-at-07.21.11-24x16.jpeg 24w\" alt=\"\" width=\"1600\" height=\"1066\" \/><\/a><\/p>\n<p><a class=\"group1 cboxElement\" href=\"https:\/\/www.alagoinhas.ba.gov.br\/wp-content\/uploads\/2025\/12\/WhatsApp-Image-2025-12-05-at-07.21.13.jpeg\"><img loading=\"lazy\" decoding=\"async\" class=\"aligncenter size-full wp-image-85924\" src=\"https:\/\/www.alagoinhas.ba.gov.br\/wp-content\/uploads\/2025\/12\/WhatsApp-Image-2025-12-05-at-07.21.13.jpeg\" sizes=\"auto, (max-width: 1600px) 100vw, 1600px\" srcset=\"https:\/\/www.alagoinhas.ba.gov.br\/wp-content\/uploads\/2025\/12\/WhatsApp-Image-2025-12-05-at-07.21.13.jpeg 1600w, https:\/\/www.alagoinhas.ba.gov.br\/wp-content\/uploads\/2025\/12\/WhatsApp-Image-2025-12-05-at-07.21.13-300x200.jpeg 300w, https:\/\/www.alagoinhas.ba.gov.br\/wp-content\/uploads\/2025\/12\/WhatsApp-Image-2025-12-05-at-07.21.13-768x512.jpeg 768w, https:\/\/www.alagoinhas.ba.gov.br\/wp-content\/uploads\/2025\/12\/WhatsApp-Image-2025-12-05-at-07.21.13-1024x682.jpeg 1024w, https:\/\/www.alagoinhas.ba.gov.br\/wp-content\/uploads\/2025\/12\/WhatsApp-Image-2025-12-05-at-07.21.13-24x16.jpeg 24w\" alt=\"\" width=\"1600\" height=\"1066\" \/><\/a><\/p>\n<p><a class=\"group1 cboxElement\" href=\"https:\/\/www.alagoinhas.ba.gov.br\/wp-content\/uploads\/2025\/12\/WhatsApp-Image-2025-12-05-at-07.21.14.jpeg\"><img loading=\"lazy\" decoding=\"async\" class=\"aligncenter size-full wp-image-85923\" src=\"https:\/\/www.alagoinhas.ba.gov.br\/wp-content\/uploads\/2025\/12\/WhatsApp-Image-2025-12-05-at-07.21.14.jpeg\" sizes=\"auto, (max-width: 1600px) 100vw, 1600px\" srcset=\"https:\/\/www.alagoinhas.ba.gov.br\/wp-content\/uploads\/2025\/12\/WhatsApp-Image-2025-12-05-at-07.21.14.jpeg 1600w, https:\/\/www.alagoinhas.ba.gov.br\/wp-content\/uploads\/2025\/12\/WhatsApp-Image-2025-12-05-at-07.21.14-300x200.jpeg 300w, https:\/\/www.alagoinhas.ba.gov.br\/wp-content\/uploads\/2025\/12\/WhatsApp-Image-2025-12-05-at-07.21.14-768x512.jpeg 768w, https:\/\/www.alagoinhas.ba.gov.br\/wp-content\/uploads\/2025\/12\/WhatsApp-Image-2025-12-05-at-07.21.14-1024x682.jpeg 1024w, https:\/\/www.alagoinhas.ba.gov.br\/wp-content\/uploads\/2025\/12\/WhatsApp-Image-2025-12-05-at-07.21.14-24x16.jpeg 24w\" alt=\"\" width=\"1600\" height=\"1066\" \/><\/a><\/p>\n<p><a class=\"group1 cboxElement\" href=\"https:\/\/www.alagoinhas.ba.gov.br\/wp-content\/uploads\/2025\/12\/WhatsApp-Image-2025-12-05-at-07.21.10.jpeg\"><img loading=\"lazy\" decoding=\"async\" class=\"aligncenter size-full wp-image-85926\" src=\"https:\/\/www.alagoinhas.ba.gov.br\/wp-content\/uploads\/2025\/12\/WhatsApp-Image-2025-12-05-at-07.21.10.jpeg\" sizes=\"auto, (max-width: 1600px) 100vw, 1600px\" srcset=\"https:\/\/www.alagoinhas.ba.gov.br\/wp-content\/uploads\/2025\/12\/WhatsApp-Image-2025-12-05-at-07.21.10.jpeg 1600w, https:\/\/www.alagoinhas.ba.gov.br\/wp-content\/uploads\/2025\/12\/WhatsApp-Image-2025-12-05-at-07.21.10-300x200.jpeg 300w, https:\/\/www.alagoinhas.ba.gov.br\/wp-content\/uploads\/2025\/12\/WhatsApp-Image-2025-12-05-at-07.21.10-768x512.jpeg 768w, https:\/\/www.alagoinhas.ba.gov.br\/wp-content\/uploads\/2025\/12\/WhatsApp-Image-2025-12-05-at-07.21.10-1024x682.jpeg 1024w, https:\/\/www.alagoinhas.ba.gov.br\/wp-content\/uploads\/2025\/12\/WhatsApp-Image-2025-12-05-at-07.21.10-24x16.jpeg 24w\" alt=\"\" width=\"1600\" height=\"1066\" \/><\/a><\/p>\n<h5>Hilton Ribeiro<\/h5>\n<h5><a class=\"group1 cboxElement\" href=\"https:\/\/www.alagoinhas.ba.gov.br\/wp-content\/uploads\/2025\/12\/WhatsApp-Image-2025-12-05-at-07.21.17.jpeg\"><img loading=\"lazy\" decoding=\"async\" class=\"aligncenter size-full wp-image-85921\" src=\"https:\/\/www.alagoinhas.ba.gov.br\/wp-content\/uploads\/2025\/12\/WhatsApp-Image-2025-12-05-at-07.21.17.jpeg\" sizes=\"auto, (max-width: 1600px) 100vw, 1600px\" srcset=\"https:\/\/www.alagoinhas.ba.gov.br\/wp-content\/uploads\/2025\/12\/WhatsApp-Image-2025-12-05-at-07.21.17.jpeg 1600w, https:\/\/www.alagoinhas.ba.gov.br\/wp-content\/uploads\/2025\/12\/WhatsApp-Image-2025-12-05-at-07.21.17-300x200.jpeg 300w, https:\/\/www.alagoinhas.ba.gov.br\/wp-content\/uploads\/2025\/12\/WhatsApp-Image-2025-12-05-at-07.21.17-768x512.jpeg 768w, https:\/\/www.alagoinhas.ba.gov.br\/wp-content\/uploads\/2025\/12\/WhatsApp-Image-2025-12-05-at-07.21.17-1024x682.jpeg 1024w, https:\/\/www.alagoinhas.ba.gov.br\/wp-content\/uploads\/2025\/12\/WhatsApp-Image-2025-12-05-at-07.21.17-24x16.jpeg 24w\" alt=\"\" width=\"1600\" height=\"1066\" \/><\/a><\/h5>\n<h5>Rosenildo de Santana Santos<\/h5>\n<h5><a class=\"group1 cboxElement\" href=\"https:\/\/www.alagoinhas.ba.gov.br\/wp-content\/uploads\/2025\/12\/WhatsApp-Image-2025-12-05-at-07.18.00.jpeg\"><img loading=\"lazy\" decoding=\"async\" class=\"aligncenter size-full wp-image-85927\" src=\"https:\/\/www.alagoinhas.ba.gov.br\/wp-content\/uploads\/2025\/12\/WhatsApp-Image-2025-12-05-at-07.18.00.jpeg\" sizes=\"auto, (max-width: 1600px) 100vw, 1600px\" srcset=\"https:\/\/www.alagoinhas.ba.gov.br\/wp-content\/uploads\/2025\/12\/WhatsApp-Image-2025-12-05-at-07.18.00.jpeg 1600w, https:\/\/www.alagoinhas.ba.gov.br\/wp-content\/uploads\/2025\/12\/WhatsApp-Image-2025-12-05-at-07.18.00-300x200.jpeg 300w, https:\/\/www.alagoinhas.ba.gov.br\/wp-content\/uploads\/2025\/12\/WhatsApp-Image-2025-12-05-at-07.18.00-768x512.jpeg 768w, https:\/\/www.alagoinhas.ba.gov.br\/wp-content\/uploads\/2025\/12\/WhatsApp-Image-2025-12-05-at-07.18.00-1024x682.jpeg 1024w, https:\/\/www.alagoinhas.ba.gov.br\/wp-content\/uploads\/2025\/12\/WhatsApp-Image-2025-12-05-at-07.18.00-24x16.jpeg 24w\" alt=\"\" width=\"1600\" height=\"1066\" \/><\/a><\/h5>\n<h5>Israel Brito<\/h5>\n<h5><a class=\"group1 cboxElement\" href=\"https:\/\/www.alagoinhas.ba.gov.br\/wp-content\/uploads\/2025\/12\/WhatsApp-Image-2025-12-05-at-07.21.16.jpeg\"><img loading=\"lazy\" decoding=\"async\" class=\"aligncenter size-full wp-image-85922\" src=\"https:\/\/www.alagoinhas.ba.gov.br\/wp-content\/uploads\/2025\/12\/WhatsApp-Image-2025-12-05-at-07.21.16.jpeg\" sizes=\"auto, (max-width: 1600px) 100vw, 1600px\" srcset=\"https:\/\/www.alagoinhas.ba.gov.br\/wp-content\/uploads\/2025\/12\/WhatsApp-Image-2025-12-05-at-07.21.16.jpeg 1600w, https:\/\/www.alagoinhas.ba.gov.br\/wp-content\/uploads\/2025\/12\/WhatsApp-Image-2025-12-05-at-07.21.16-300x200.jpeg 300w, https:\/\/www.alagoinhas.ba.gov.br\/wp-content\/uploads\/2025\/12\/WhatsApp-Image-2025-12-05-at-07.21.16-768x512.jpeg 768w, https:\/\/www.alagoinhas.ba.gov.br\/wp-content\/uploads\/2025\/12\/WhatsApp-Image-2025-12-05-at-07.21.16-1024x682.jpeg 1024w, https:\/\/www.alagoinhas.ba.gov.br\/wp-content\/uploads\/2025\/12\/WhatsApp-Image-2025-12-05-at-07.21.16-24x16.jpeg 24w\" alt=\"\" width=\"1600\" height=\"1066\" \/><\/a><\/h5>\n<h5>Wilson dos Santos e Guarda Municipal<\/h5>\n<div align=\"right\"><\/div>\n<div class='share-to-whatsapp-wrapper'><div class='share-on-whsp'>Share on: <\/div><a data-text='Opera\u00e7\u00e3o regulariza com\u00e9rcio informal e organiza Centro da cidade para o m\u00eas de dezembro' data-link='https:\/\/newsinfoco.com.br\/inicio\/operacao-regulariza-comercio-informal-e-organiza-centro-da-cidade-para-o-mes-de-dezembro\/' class='whatsapp-button whatsapp-share'>WhatsApp<\/a><div class='clear '><\/div><\/div>","protected":false},"excerpt":{"rendered":"<p>Os agentes da Secretaria Municipal de Mobilidade e Ordem P\u00fablica (Semorp) iniciaram, na manh\u00e3 desta sexta-feira, 5, a \u201cOpera\u00e7\u00e3o de Controle do Uso do Solo no Centro de Alagoinhas\u201d, com o objetivo de definir par\u00e2metros m\u00ednimos para a circula\u00e7\u00e3o de pessoas, assegurando maior seguran\u00e7a, conforto e melhor fluidez na\u00a0\u00e1rea. A a\u00e7\u00e3o, que acontecer\u00e1 durante todo [&hellip;]<\/p>\n","protected":false},"author":1,"featured_media":48225,"comment_status":"closed","ping_status":"closed","sticky":false,"template":"","format":"standard","meta":{"om_disable_all_campaigns":false,"_exactmetrics_skip_tracking":false,"_exactmetrics_sitenote_active":false,"_exactmetrics_sitenote_note":"","_exactmetrics_sitenote_category":0,"footnotes":""},"categories":[38,30,167],"tags":[],"class_list":["post-48224","post","type-post","status-publish","format-standard","has-post-thumbnail","hentry","category-alagoinhas-e-regiao","category-destaque","category-exclusivas"],"aioseo_notices":[],"_links":{"self":[{"href":"https:\/\/newsinfoco.com.br\/inicio\/wp-json\/wp\/v2\/posts\/48224","targetHints":{"allow":["GET"]}}],"collection":[{"href":"https:\/\/newsinfoco.com.br\/inicio\/wp-json\/wp\/v2\/posts"}],"about":[{"href":"https:\/\/newsinfoco.com.br\/inicio\/wp-json\/wp\/v2\/types\/post"}],"author":[{"embeddable":true,"href":"https:\/\/newsinfoco.com.br\/inicio\/wp-json\/wp\/v2\/users\/1"}],"replies":[{"embeddable":true,"href":"https:\/\/newsinfoco.com.br\/inicio\/wp-json\/wp\/v2\/comments?post=48224"}],"version-history":[{"count":1,"href":"https:\/\/newsinfoco.com.br\/inicio\/wp-json\/wp\/v2\/posts\/48224\/revisions"}],"predecessor-version":[{"id":48226,"href":"https:\/\/newsinfoco.com.br\/inicio\/wp-json\/wp\/v2\/posts\/48224\/revisions\/48226"}],"wp:featuredmedia":[{"embeddable":true,"href":"https:\/\/newsinfoco.com.br\/inicio\/wp-json\/wp\/v2\/media\/48225"}],"wp:attachment":[{"href":"https:\/\/newsinfoco.com.br\/inicio\/wp-json\/wp\/v2\/media?parent=48224"}],"wp:term":[{"taxonomy":"category","embeddable":true,"href":"https:\/\/newsinfoco.com.br\/inicio\/wp-json\/wp\/v2\/categories?post=48224"},{"taxonomy":"post_tag","embeddable":true,"href":"https:\/\/newsinfoco.com.br\/inicio\/wp-json\/wp\/v2\/tags?post=48224"}],"curies":[{"name":"wp","href":"https:\/\/api.w.org\/{rel}","templated":true}]}}