{"id":48227,"date":"2025-12-05T13:53:48","date_gmt":"2025-12-05T16:53:48","guid":{"rendered":"https:\/\/newsinfoco.com.br\/inicio\/?p=48227"},"modified":"2025-12-05T13:53:48","modified_gmt":"2025-12-05T16:53:48","slug":"prefeito-gustavo-carmo-sanciona-novo-plano-diretor-de-alagoinhas-construido-com-forte-participacao-popular","status":"publish","type":"post","link":"https:\/\/newsinfoco.com.br\/inicio\/prefeito-gustavo-carmo-sanciona-novo-plano-diretor-de-alagoinhas-construido-com-forte-participacao-popular\/","title":{"rendered":"Prefeito Gustavo Carmo sanciona novo Plano Diretor de Alagoinhas constru\u00eddo com forte participa\u00e7\u00e3o popular"},"content":{"rendered":"<p>O prefeito de Alagoinhas, Gustavo Carmo, sancionou nesta sexta-feira, 5, o novo Plano Diretor de Desenvolvimento Municipal. Elaborado pelo Poder Executivo, o PDDM \u00e9 considerado um marco hist\u00f3rico no processo de constru\u00e7\u00e3o democr\u00e1tica do futuro da cidade, por ter sido realizado a partir de um trabalho intenso de escuta popular em todas as regi\u00f5es da cidade e ap\u00f3s 21 anos sem atualiza\u00e7\u00f5es na legisla\u00e7\u00e3o. O documento nortear\u00e1 o crescimento urbano e rural de Alagoinhas pela pr\u00f3xima d\u00e9cada.<\/p>\n<p>\u201c\u00c9 com um sentimento de imensa gratid\u00e3o e orgulho que hoje sanciono o novo Plano Diretor. Mais do que uma lei, este documento \u00e9 o reflexo da voz do nosso povo e o resultado de um trabalho incans\u00e1vel que uniu profissionais competentes e dedicados da administra\u00e7\u00e3o p\u00fablica e a comunidade em prol de um futuro mais justo, ordenado e pr\u00f3spero para Alagoinhas. A participa\u00e7\u00e3o popular \u00e9 a garantia de que este PDDM realmente pertence a cada cidad\u00e3o alagoinhense. Olhamos para os pr\u00f3ximos dez anos com a certeza de que constru\u00edmos as bases para a cidade que todos desejamos\u201d, afirma o prefeito Gustavo Carmo.<\/p><div class=\"newsi-conteudo_19\" id=\"newsi-2055369981\"><a href=\"https:\/\/www.instagram.com\/prefeituraalagoinhas?igsh=YzgzdDJ1bWR3aWI4\" aria-label=\"SAVE_20251006_221555\"><img loading=\"lazy\" decoding=\"async\" src=\"https:\/\/newsinfoco.com.br\/inicio\/wp-content\/uploads\/2025\/10\/SAVE_20251006_221555-rotated.jpg\" alt=\"\"  srcset=\"https:\/\/newsinfoco.com.br\/inicio\/wp-content\/uploads\/2025\/10\/SAVE_20251006_221555-rotated.jpg 1140w, https:\/\/newsinfoco.com.br\/inicio\/wp-content\/uploads\/2025\/10\/SAVE_20251006_221555-300x52.jpg 300w, https:\/\/newsinfoco.com.br\/inicio\/wp-content\/uploads\/2025\/10\/SAVE_20251006_221555-1024x177.jpg 1024w, https:\/\/newsinfoco.com.br\/inicio\/wp-content\/uploads\/2025\/10\/SAVE_20251006_221555-768x133.jpg 768w, https:\/\/newsinfoco.com.br\/inicio\/wp-content\/uploads\/2025\/10\/SAVE_20251006_221555-600x104.jpg 600w, https:\/\/newsinfoco.com.br\/inicio\/wp-content\/uploads\/2025\/10\/SAVE_20251006_221555-696x120.jpg 696w, https:\/\/newsinfoco.com.br\/inicio\/wp-content\/uploads\/2025\/10\/SAVE_20251006_221555-1068x185.jpg 1068w\" sizes=\"(max-width: 1140px) 100vw, 1140px\" width=\"1140\" height=\"197\"   \/><\/a><\/div>\n<p>A san\u00e7\u00e3o do PDDM representa o encerramento de um processo de di\u00e1logo intenso e democr\u00e1tico com a popula\u00e7\u00e3o, liderado pela equipe do Gabinete do vice-prefeito, Luciano S\u00e9rgio em parceria com a Superintend\u00eancia de Participa\u00e7\u00e3o Popular (SPP), e conclu\u00eddo em apenas cinco meses. Desde mar\u00e7o, a Prefeitura de Alagoinhas empenhou-se em garantir a mobiliza\u00e7\u00e3o e a participa\u00e7\u00e3o ativa da sociedade em todas as etapas de elabora\u00e7\u00e3o do plano.<\/p>\n<p><a class=\"group1 cboxElement\" href=\"https:\/\/www.alagoinhas.ba.gov.br\/wp-content\/uploads\/2025\/12\/IMG-20251205-WA0182.jpg\"><img loading=\"lazy\" decoding=\"async\" class=\"aligncenter size-full wp-image-85938\" src=\"https:\/\/www.alagoinhas.ba.gov.br\/wp-content\/uploads\/2025\/12\/IMG-20251205-WA0182.jpg\" sizes=\"auto, (max-width: 4160px) 100vw, 4160px\" srcset=\"https:\/\/www.alagoinhas.ba.gov.br\/wp-content\/uploads\/2025\/12\/IMG-20251205-WA0182.jpg 4160w, https:\/\/www.alagoinhas.ba.gov.br\/wp-content\/uploads\/2025\/12\/IMG-20251205-WA0182-300x169.jpg 300w, https:\/\/www.alagoinhas.ba.gov.br\/wp-content\/uploads\/2025\/12\/IMG-20251205-WA0182-768x432.jpg 768w, https:\/\/www.alagoinhas.ba.gov.br\/wp-content\/uploads\/2025\/12\/IMG-20251205-WA0182-1024x576.jpg 1024w, https:\/\/www.alagoinhas.ba.gov.br\/wp-content\/uploads\/2025\/12\/IMG-20251205-WA0182-24x14.jpg 24w\" alt=\"\" width=\"4160\" height=\"2340\" \/><\/a><\/p>\n<p>A Prefeitura promoveu 14 oficinas de or\u00e7amento participativo, que levaram a discuss\u00e3o diretamente aos bairros e distritos, permitindo o levantamento detalhado das necessidades e aspira\u00e7\u00f5es de cada comunidade. Al\u00e9m disso, foram realizadas quatro oficinas tem\u00e1ticas, uma s\u00e9rie de audi\u00eancias p\u00fablicas e a Confer\u00eancia das Cidades. O Munic\u00edpio tamb\u00e9m disponibilizou canais oficiais de comunica\u00e7\u00e3o para recep\u00e7\u00e3o de propostas.<\/p>\n<p>\u201cDepois de mais de duas d\u00e9cadas sem uma \u2018b\u00fassola\u2019 atualizada, Alagoinhas finalmente d\u00e1 um passo gigantesco em dire\u00e7\u00e3o ao futuro. Este plano \u00e9 um testemunho da capacidade de nosso povo. Tivemos a honra e a intelig\u00eancia de conduzir toda a elabora\u00e7\u00e3o com profissionais da nossa cidade, servidores efetivos que respiram a realidade local, que conhecem cada rua, cada bairro, cada necessidade de nossas comunidades. Essa escolha estrat\u00e9gica n\u00e3o s\u00f3 garantiu um PDDM profundamente conectado com a nossa Alagoinhas, mas tamb\u00e9m nos permitiu otimizar recursos p\u00fablicos, evitando os altos custos e a vis\u00e3o, por vezes, distante, de consultorias externas. \u00c9 um plano feito por alagoinhenses para alagoinhenses\u201d, enfatiza o vice-prefeito Luciano S\u00e9rgio.<\/p>\n<p>Al\u00e9m dos di\u00e1logos e contribui\u00e7\u00f5es dos cidad\u00e3os, o Plano Diretor \u00e9 resultado de estudos t\u00e9cnicos. \u201cA nossa equipe n\u00e3o mediu esfor\u00e7os e entregou um plano que prepara a cidade para crescer com justi\u00e7a social, ordenamento, sustentabilidade e oportunidades para todas as pessoas\u201d, conclui Luciano.<\/p>\n<p><a class=\"group1 cboxElement\" href=\"https:\/\/www.alagoinhas.ba.gov.br\/wp-content\/uploads\/2025\/12\/IMG-20251205-WA0186.jpg\"><img loading=\"lazy\" decoding=\"async\" class=\"aligncenter size-full wp-image-85940\" src=\"https:\/\/www.alagoinhas.ba.gov.br\/wp-content\/uploads\/2025\/12\/IMG-20251205-WA0186.jpg\" sizes=\"auto, (max-width: 2340px) 100vw, 2340px\" srcset=\"https:\/\/www.alagoinhas.ba.gov.br\/wp-content\/uploads\/2025\/12\/IMG-20251205-WA0186.jpg 2340w, https:\/\/www.alagoinhas.ba.gov.br\/wp-content\/uploads\/2025\/12\/IMG-20251205-WA0186-300x298.jpg 300w, https:\/\/www.alagoinhas.ba.gov.br\/wp-content\/uploads\/2025\/12\/IMG-20251205-WA0186-768x762.jpg 768w, https:\/\/www.alagoinhas.ba.gov.br\/wp-content\/uploads\/2025\/12\/IMG-20251205-WA0186-1024x1016.jpg 1024w, https:\/\/www.alagoinhas.ba.gov.br\/wp-content\/uploads\/2025\/12\/IMG-20251205-WA0186-24x24.jpg 24w\" alt=\"\" width=\"2340\" height=\"2322\" \/><\/a><\/p>\n<div align=\"right\">\n<p>&nbsp;<\/p>\n<\/div>\n<div class='share-to-whatsapp-wrapper'><div class='share-on-whsp'>Share on: <\/div><a data-text='Prefeito Gustavo Carmo sanciona novo Plano Diretor de Alagoinhas constru\u00eddo com forte participa\u00e7\u00e3o popular' data-link='https:\/\/newsinfoco.com.br\/inicio\/prefeito-gustavo-carmo-sanciona-novo-plano-diretor-de-alagoinhas-construido-com-forte-participacao-popular\/' class='whatsapp-button whatsapp-share'>WhatsApp<\/a><div class='clear '><\/div><\/div>","protected":false},"excerpt":{"rendered":"<p>O prefeito de Alagoinhas, Gustavo Carmo, sancionou nesta sexta-feira, 5, o novo Plano Diretor de Desenvolvimento Municipal. Elaborado pelo Poder Executivo, o PDDM \u00e9 considerado um marco hist\u00f3rico no processo de constru\u00e7\u00e3o democr\u00e1tica do futuro da cidade, por ter sido realizado a partir de um trabalho intenso de escuta popular em todas as regi\u00f5es da [&hellip;]<\/p>\n","protected":false},"author":1,"featured_media":48228,"comment_status":"closed","ping_status":"closed","sticky":false,"template":"","format":"standard","meta":{"om_disable_all_campaigns":false,"_exactmetrics_skip_tracking":false,"_exactmetrics_sitenote_active":false,"_exactmetrics_sitenote_note":"","_exactmetrics_sitenote_category":0,"footnotes":""},"categories":[38,30,167],"tags":[],"class_list":["post-48227","post","type-post","status-publish","format-standard","has-post-thumbnail","hentry","category-alagoinhas-e-regiao","category-destaque","category-exclusivas"],"aioseo_notices":[],"_links":{"self":[{"href":"https:\/\/newsinfoco.com.br\/inicio\/wp-json\/wp\/v2\/posts\/48227","targetHints":{"allow":["GET"]}}],"collection":[{"href":"https:\/\/newsinfoco.com.br\/inicio\/wp-json\/wp\/v2\/posts"}],"about":[{"href":"https:\/\/newsinfoco.com.br\/inicio\/wp-json\/wp\/v2\/types\/post"}],"author":[{"embeddable":true,"href":"https:\/\/newsinfoco.com.br\/inicio\/wp-json\/wp\/v2\/users\/1"}],"replies":[{"embeddable":true,"href":"https:\/\/newsinfoco.com.br\/inicio\/wp-json\/wp\/v2\/comments?post=48227"}],"version-history":[{"count":1,"href":"https:\/\/newsinfoco.com.br\/inicio\/wp-json\/wp\/v2\/posts\/48227\/revisions"}],"predecessor-version":[{"id":48229,"href":"https:\/\/newsinfoco.com.br\/inicio\/wp-json\/wp\/v2\/posts\/48227\/revisions\/48229"}],"wp:featuredmedia":[{"embeddable":true,"href":"https:\/\/newsinfoco.com.br\/inicio\/wp-json\/wp\/v2\/media\/48228"}],"wp:attachment":[{"href":"https:\/\/newsinfoco.com.br\/inicio\/wp-json\/wp\/v2\/media?parent=48227"}],"wp:term":[{"taxonomy":"category","embeddable":true,"href":"https:\/\/newsinfoco.com.br\/inicio\/wp-json\/wp\/v2\/categories?post=48227"},{"taxonomy":"post_tag","embeddable":true,"href":"https:\/\/newsinfoco.com.br\/inicio\/wp-json\/wp\/v2\/tags?post=48227"}],"curies":[{"name":"wp","href":"https:\/\/api.w.org\/{rel}","templated":true}]}}