{"id":48230,"date":"2025-12-05T15:46:18","date_gmt":"2025-12-05T18:46:18","guid":{"rendered":"https:\/\/newsinfoco.com.br\/inicio\/?p=48230"},"modified":"2025-12-05T15:46:18","modified_gmt":"2025-12-05T18:46:18","slug":"jeronimo-afirma-que-codigo-de-etica-foi-bem-recebido-por-coroneis-da-pm","status":"publish","type":"post","link":"https:\/\/newsinfoco.com.br\/inicio\/jeronimo-afirma-que-codigo-de-etica-foi-bem-recebido-por-coroneis-da-pm\/","title":{"rendered":"Jer\u00f4nimo afirma que C\u00f3digo de \u00c9tica foi bem recebido por coron\u00e9is da PM"},"content":{"rendered":"<p>O governador da Bahia, Jer\u00f4nimo Rodrigues (PT), afirmou que a proposta de cria\u00e7\u00e3o do c\u00f3digo de \u00e9tica para as pol\u00edcias civil, militar e corpo de bombeiros tem sido bem recebida pelos agentes dos grupos. Segundo ele, em declara\u00e7\u00e3o ao\u00a0<strong>bahia.ba<\/strong>, nesta sexta-feira (5), a proposta foi desenvolvida com estudos da Pol\u00edcia Militar, em parceria com o comit\u00ea do Bahia pela Paz, Tribunal de Justi\u00e7a e outros \u00f3rg\u00e3os estaduais.<\/p>\n<p>\u201cN\u00f3s apresentamos a proposta para o colegiado de coron\u00e9is e a recep\u00e7\u00e3o, a nosso ver, tem sido boa. N\u00f3s precisamos de nos colocarmos como servidores, e como tais precisamos prestar contas de transpar\u00eancia. Nada de persegui\u00e7\u00e3o a pol\u00edcia, nem militar, nem civil, nem bombeiros. O que a gente quer \u00e9 que essas autoridades baianas sejam respeitadas e que sejam tratados como servidores p\u00fablicos\u201d, disse.<\/p><div class=\"newsi-conteudo_19\" id=\"newsi-2473606407\"><a href=\"https:\/\/www.instagram.com\/prefeituraalagoinhas?igsh=YzgzdDJ1bWR3aWI4\" aria-label=\"SAVE_20251006_221555\"><img loading=\"lazy\" decoding=\"async\" src=\"https:\/\/newsinfoco.com.br\/inicio\/wp-content\/uploads\/2025\/10\/SAVE_20251006_221555-rotated.jpg\" alt=\"\"  srcset=\"https:\/\/newsinfoco.com.br\/inicio\/wp-content\/uploads\/2025\/10\/SAVE_20251006_221555-rotated.jpg 1140w, https:\/\/newsinfoco.com.br\/inicio\/wp-content\/uploads\/2025\/10\/SAVE_20251006_221555-300x52.jpg 300w, https:\/\/newsinfoco.com.br\/inicio\/wp-content\/uploads\/2025\/10\/SAVE_20251006_221555-1024x177.jpg 1024w, https:\/\/newsinfoco.com.br\/inicio\/wp-content\/uploads\/2025\/10\/SAVE_20251006_221555-768x133.jpg 768w, https:\/\/newsinfoco.com.br\/inicio\/wp-content\/uploads\/2025\/10\/SAVE_20251006_221555-600x104.jpg 600w, https:\/\/newsinfoco.com.br\/inicio\/wp-content\/uploads\/2025\/10\/SAVE_20251006_221555-696x120.jpg 696w, https:\/\/newsinfoco.com.br\/inicio\/wp-content\/uploads\/2025\/10\/SAVE_20251006_221555-1068x185.jpg 1068w\" sizes=\"(max-width: 1140px) 100vw, 1140px\" width=\"1140\" height=\"197\"   \/><\/a><\/div>\n<p>A declara\u00e7\u00e3o do governador aconteceu durante a formatura de Soldados da Pol\u00edcia Militar, marcando a chegada de 1.865 novos soldados \u00e0 corpora\u00e7\u00e3o. Sobre essa chegada destes novos soldados, Jer\u00f4nimo ressaltou se tratar da turma 2, e que, em breve, a turma 3 estar\u00e1 se formando.<\/p>\n<div>\n<div>\n<div class=\"trv-player-container\">\n<div class=\"trv-wrapper\">\n<div id=\"br_video_player_55bbb32fb934c86a6753ea147751da9dc3c659f9\" class=\"trvd_video_player trvdinstream\">\n<div class=\"media-player\">\n<div class=\"trv-video\">\n<div id=\"truvid_ima_container84476\" class=\"truvid_ima_container trv-ima-container-hidden\">\n<div>\n<div class=\"conteudo_post\">\n<p>\u201cPrometemos que no dia 5 estar\u00edamos entregando, e hojes estamos entregando 1.865 profissionais da seguran\u00e7a p\u00fablica, que eu tenho plena confian\u00e7a de que estar\u00e3o fortalecendo a seguran\u00e7a p\u00fablica da Bahia. Eles que est\u00e3o se formando hoje j\u00e1 tem a miss\u00e3o de tirar uma semana de descanso para depois come\u00e7ar a atuar na Opera\u00e7\u00e3o Ver\u00e3o\u201d, afirmou Rodrigues.<\/p>\n<p>O governador da Bahia ainda revelou que nesse primeiro momento, todos os agentes ir\u00e3o atuar em Salvador e regi\u00e3o metropolitana, mas, ap\u00f3s o fim da opera\u00e7\u00e3o Ver\u00e3o, 788 agentes ser\u00e3o alocados em cidades do interior da Bahia.<\/p>\n<\/div>\n<div id=\"author-info\" class=\"ui items\">\n<div class=\"item\">Bahia.Ba<\/div>\n<\/div>\n<\/div>\n<\/div>\n<\/div>\n<\/div>\n<\/div>\n<\/div>\n<\/div>\n<\/div>\n<\/div>\n<div class='share-to-whatsapp-wrapper'><div class='share-on-whsp'>Share on: <\/div><a data-text='Jer\u00f4nimo afirma que C\u00f3digo de \u00c9tica foi bem recebido por coron\u00e9is da PM' data-link='https:\/\/newsinfoco.com.br\/inicio\/jeronimo-afirma-que-codigo-de-etica-foi-bem-recebido-por-coroneis-da-pm\/' class='whatsapp-button whatsapp-share'>WhatsApp<\/a><div class='clear '><\/div><\/div>","protected":false},"excerpt":{"rendered":"<p>O governador da Bahia, Jer\u00f4nimo Rodrigues (PT), afirmou que a proposta de cria\u00e7\u00e3o do c\u00f3digo de \u00e9tica para as pol\u00edcias civil, militar e corpo de bombeiros tem sido bem recebida pelos agentes dos grupos. Segundo ele, em declara\u00e7\u00e3o ao\u00a0bahia.ba, nesta sexta-feira (5), a proposta foi desenvolvida com estudos da Pol\u00edcia Militar, em parceria com o [&hellip;]<\/p>\n","protected":false},"author":1,"featured_media":48231,"comment_status":"closed","ping_status":"closed","sticky":false,"template":"","format":"standard","meta":{"om_disable_all_campaigns":false,"_exactmetrics_skip_tracking":false,"_exactmetrics_sitenote_active":false,"_exactmetrics_sitenote_note":"","_exactmetrics_sitenote_category":0,"footnotes":""},"categories":[19],"tags":[],"class_list":["post-48230","post","type-post","status-publish","format-standard","has-post-thumbnail","hentry","category-bahia"],"aioseo_notices":[],"_links":{"self":[{"href":"https:\/\/newsinfoco.com.br\/inicio\/wp-json\/wp\/v2\/posts\/48230","targetHints":{"allow":["GET"]}}],"collection":[{"href":"https:\/\/newsinfoco.com.br\/inicio\/wp-json\/wp\/v2\/posts"}],"about":[{"href":"https:\/\/newsinfoco.com.br\/inicio\/wp-json\/wp\/v2\/types\/post"}],"author":[{"embeddable":true,"href":"https:\/\/newsinfoco.com.br\/inicio\/wp-json\/wp\/v2\/users\/1"}],"replies":[{"embeddable":true,"href":"https:\/\/newsinfoco.com.br\/inicio\/wp-json\/wp\/v2\/comments?post=48230"}],"version-history":[{"count":1,"href":"https:\/\/newsinfoco.com.br\/inicio\/wp-json\/wp\/v2\/posts\/48230\/revisions"}],"predecessor-version":[{"id":48232,"href":"https:\/\/newsinfoco.com.br\/inicio\/wp-json\/wp\/v2\/posts\/48230\/revisions\/48232"}],"wp:featuredmedia":[{"embeddable":true,"href":"https:\/\/newsinfoco.com.br\/inicio\/wp-json\/wp\/v2\/media\/48231"}],"wp:attachment":[{"href":"https:\/\/newsinfoco.com.br\/inicio\/wp-json\/wp\/v2\/media?parent=48230"}],"wp:term":[{"taxonomy":"category","embeddable":true,"href":"https:\/\/newsinfoco.com.br\/inicio\/wp-json\/wp\/v2\/categories?post=48230"},{"taxonomy":"post_tag","embeddable":true,"href":"https:\/\/newsinfoco.com.br\/inicio\/wp-json\/wp\/v2\/tags?post=48230"}],"curies":[{"name":"wp","href":"https:\/\/api.w.org\/{rel}","templated":true}]}}