{"id":48233,"date":"2025-12-05T15:53:06","date_gmt":"2025-12-05T18:53:06","guid":{"rendered":"https:\/\/newsinfoco.com.br\/inicio\/?p=48233"},"modified":"2025-12-05T15:53:06","modified_gmt":"2025-12-05T18:53:06","slug":"historico-wagner-moura-e-indicado-a-premiacao-de-cinema-nos-eua-saiba-categorias","status":"publish","type":"post","link":"https:\/\/newsinfoco.com.br\/inicio\/historico-wagner-moura-e-indicado-a-premiacao-de-cinema-nos-eua-saiba-categorias\/","title":{"rendered":"Hist\u00f3rico! Wagner Moura \u00e9 indicado a premia\u00e7\u00e3o de cinema nos EUA; saiba categorias"},"content":{"rendered":"<p>Wagner Moura voltou a colocar o cinema brasileiro no centro das aten\u00e7\u00f5es internacionais. O ator baiano conquistou duas indica\u00e7\u00f5es no \u2018Critics Choice Awards\u2019, uma das principais premia\u00e7\u00f5es de cr\u00edticos de cinema dos Estados Unidos, anunciadas na tarde desta sexta-feira (5).<\/p>\n<p>O artista concorre a Melhor Ator em Filme por \u2018O Agente Secreto\u2019 e tamb\u00e9m aparece na categoria de Melhor Ator Coadjuvante em Miniss\u00e9rie pelo trabalho em \u2018Dope Thief\u2019. A cerim\u00f4nia, em sua 31\u00aa edi\u00e7\u00e3o, est\u00e1 marcada para o dia 4 de janeiro, \u00e0s 21h, em Los Angeles.<\/p><div class=\"newsi-conteudo_19\" id=\"newsi-3185144544\"><a href=\"https:\/\/www.instagram.com\/prefeituraalagoinhas?igsh=YzgzdDJ1bWR3aWI4\" aria-label=\"SAVE_20251006_221555\"><img loading=\"lazy\" decoding=\"async\" src=\"https:\/\/newsinfoco.com.br\/inicio\/wp-content\/uploads\/2025\/10\/SAVE_20251006_221555-rotated.jpg\" alt=\"\"  srcset=\"https:\/\/newsinfoco.com.br\/inicio\/wp-content\/uploads\/2025\/10\/SAVE_20251006_221555-rotated.jpg 1140w, https:\/\/newsinfoco.com.br\/inicio\/wp-content\/uploads\/2025\/10\/SAVE_20251006_221555-300x52.jpg 300w, https:\/\/newsinfoco.com.br\/inicio\/wp-content\/uploads\/2025\/10\/SAVE_20251006_221555-1024x177.jpg 1024w, https:\/\/newsinfoco.com.br\/inicio\/wp-content\/uploads\/2025\/10\/SAVE_20251006_221555-768x133.jpg 768w, https:\/\/newsinfoco.com.br\/inicio\/wp-content\/uploads\/2025\/10\/SAVE_20251006_221555-600x104.jpg 600w, https:\/\/newsinfoco.com.br\/inicio\/wp-content\/uploads\/2025\/10\/SAVE_20251006_221555-696x120.jpg 696w, https:\/\/newsinfoco.com.br\/inicio\/wp-content\/uploads\/2025\/10\/SAVE_20251006_221555-1068x185.jpg 1068w\" sizes=\"(max-width: 1140px) 100vw, 1140px\" width=\"1140\" height=\"197\"   \/><\/a><\/div>\n<p>Com o feito, Moura se torna o primeiro brasileiro a disputar o pr\u00eamio de Melhor Ator na hist\u00f3ria da premia\u00e7\u00e3o, um marco que o coloca ao lado de nomes de peso como Timoth\u00e9e Chalamet, Joel Edgerton, Michael B. Jordan, Leonardo DiCaprio e Ethan Hawke.<\/p>\n<p>A indica\u00e7\u00e3o marca uma temporada de reconhecimento internacional para o ator. Desde a estreia de \u2018O Agente Secreto\u2019 no Festival de Cannes, Wagner vem acumulando elogios e pr\u00eamios, ultrapassando cinco distin\u00e7\u00f5es importantes, entre elas honrarias no Festival de Chicago e da cr\u00edtica de Nova York.<\/p>\n<p>Bahia.Ba<\/p>\n<div class='share-to-whatsapp-wrapper'><div class='share-on-whsp'>Share on: <\/div><a data-text='Hist\u00f3rico! Wagner Moura \u00e9 indicado a premia\u00e7\u00e3o de cinema nos EUA; saiba categorias' data-link='https:\/\/newsinfoco.com.br\/inicio\/historico-wagner-moura-e-indicado-a-premiacao-de-cinema-nos-eua-saiba-categorias\/' class='whatsapp-button whatsapp-share'>WhatsApp<\/a><div class='clear '><\/div><\/div>","protected":false},"excerpt":{"rendered":"<p>Wagner Moura voltou a colocar o cinema brasileiro no centro das aten\u00e7\u00f5es internacionais. O ator baiano conquistou duas indica\u00e7\u00f5es no \u2018Critics Choice Awards\u2019, uma das principais premia\u00e7\u00f5es de cr\u00edticos de cinema dos Estados Unidos, anunciadas na tarde desta sexta-feira (5). O artista concorre a Melhor Ator em Filme por \u2018O Agente Secreto\u2019 e tamb\u00e9m aparece [&hellip;]<\/p>\n","protected":false},"author":1,"featured_media":48234,"comment_status":"closed","ping_status":"closed","sticky":false,"template":"","format":"standard","meta":{"om_disable_all_campaigns":false,"_exactmetrics_skip_tracking":false,"_exactmetrics_sitenote_active":false,"_exactmetrics_sitenote_note":"","_exactmetrics_sitenote_category":0,"footnotes":""},"categories":[21],"tags":[],"class_list":["post-48233","post","type-post","status-publish","format-standard","has-post-thumbnail","hentry","category-brasil"],"aioseo_notices":[],"_links":{"self":[{"href":"https:\/\/newsinfoco.com.br\/inicio\/wp-json\/wp\/v2\/posts\/48233","targetHints":{"allow":["GET"]}}],"collection":[{"href":"https:\/\/newsinfoco.com.br\/inicio\/wp-json\/wp\/v2\/posts"}],"about":[{"href":"https:\/\/newsinfoco.com.br\/inicio\/wp-json\/wp\/v2\/types\/post"}],"author":[{"embeddable":true,"href":"https:\/\/newsinfoco.com.br\/inicio\/wp-json\/wp\/v2\/users\/1"}],"replies":[{"embeddable":true,"href":"https:\/\/newsinfoco.com.br\/inicio\/wp-json\/wp\/v2\/comments?post=48233"}],"version-history":[{"count":1,"href":"https:\/\/newsinfoco.com.br\/inicio\/wp-json\/wp\/v2\/posts\/48233\/revisions"}],"predecessor-version":[{"id":48235,"href":"https:\/\/newsinfoco.com.br\/inicio\/wp-json\/wp\/v2\/posts\/48233\/revisions\/48235"}],"wp:featuredmedia":[{"embeddable":true,"href":"https:\/\/newsinfoco.com.br\/inicio\/wp-json\/wp\/v2\/media\/48234"}],"wp:attachment":[{"href":"https:\/\/newsinfoco.com.br\/inicio\/wp-json\/wp\/v2\/media?parent=48233"}],"wp:term":[{"taxonomy":"category","embeddable":true,"href":"https:\/\/newsinfoco.com.br\/inicio\/wp-json\/wp\/v2\/categories?post=48233"},{"taxonomy":"post_tag","embeddable":true,"href":"https:\/\/newsinfoco.com.br\/inicio\/wp-json\/wp\/v2\/tags?post=48233"}],"curies":[{"name":"wp","href":"https:\/\/api.w.org\/{rel}","templated":true}]}}