{"id":48236,"date":"2025-12-05T16:03:50","date_gmt":"2025-12-05T19:03:50","guid":{"rendered":"https:\/\/newsinfoco.com.br\/inicio\/?p=48236"},"modified":"2025-12-05T16:03:50","modified_gmt":"2025-12-05T19:03:50","slug":"bolsonaro-escolhe-flavio-como-seu-candidato-a-presidencia-da-republica","status":"publish","type":"post","link":"https:\/\/newsinfoco.com.br\/inicio\/bolsonaro-escolhe-flavio-como-seu-candidato-a-presidencia-da-republica\/","title":{"rendered":"Bolsonaro escolhe Fl\u00e1vio como seu candidato \u00e0 Presid\u00eancia da Rep\u00fablica"},"content":{"rendered":"<p>O ex-presidente Jair Bolsonaro (PL), afirmou nesta sexta-feira (5), que o senador Fl\u00e1vio Bolsonaro (PL) ser\u00e1 o candidato \u00e0 Presid\u00eancia da Rep\u00fablica nas elei\u00e7\u00f5es do ano que vem. A informa\u00e7\u00e3o foi confirmada a interlocutores pr\u00f3ximos da fam\u00edlia, segundo a coluna de Paulo Cappelli, do portal Metr\u00f3poles.<\/p>\n<p>Para Bolsonaro, seu primog\u00eanito vai ganhar musculatura para a disputa a partir do momento em que se comportar como postulante ao Pal\u00e1cio do Planalto e fizer agendas no Brasil. Na avalia\u00e7\u00e3o, do ex-presidente, o senador consolida uma unidade partid\u00e1ria e conta com um relevante palanque de governadores aliados como Tarc\u00edsio de Freitas (Republicanos) e Cl\u00e1udio Castro (PL).<\/p><div class=\"newsi-conteudo_19\" id=\"newsi-1613963953\"><a href=\"https:\/\/www.instagram.com\/prefeituraalagoinhas?igsh=YzgzdDJ1bWR3aWI4\" aria-label=\"SAVE_20251006_221555\"><img loading=\"lazy\" decoding=\"async\" src=\"https:\/\/newsinfoco.com.br\/inicio\/wp-content\/uploads\/2025\/10\/SAVE_20251006_221555-rotated.jpg\" alt=\"\"  srcset=\"https:\/\/newsinfoco.com.br\/inicio\/wp-content\/uploads\/2025\/10\/SAVE_20251006_221555-rotated.jpg 1140w, https:\/\/newsinfoco.com.br\/inicio\/wp-content\/uploads\/2025\/10\/SAVE_20251006_221555-300x52.jpg 300w, https:\/\/newsinfoco.com.br\/inicio\/wp-content\/uploads\/2025\/10\/SAVE_20251006_221555-1024x177.jpg 1024w, https:\/\/newsinfoco.com.br\/inicio\/wp-content\/uploads\/2025\/10\/SAVE_20251006_221555-768x133.jpg 768w, https:\/\/newsinfoco.com.br\/inicio\/wp-content\/uploads\/2025\/10\/SAVE_20251006_221555-600x104.jpg 600w, https:\/\/newsinfoco.com.br\/inicio\/wp-content\/uploads\/2025\/10\/SAVE_20251006_221555-696x120.jpg 696w, https:\/\/newsinfoco.com.br\/inicio\/wp-content\/uploads\/2025\/10\/SAVE_20251006_221555-1068x185.jpg 1068w\" sizes=\"(max-width: 1140px) 100vw, 1140px\" width=\"1140\" height=\"197\"   \/><\/a><\/div>\n<div>\n<div>\n<div class=\"trv-player-container\">\n<div class=\"trv-wrapper\">\n<div id=\"br_video_player_c07cfff02ceb302e1aa6ea147751da9dc3c659f9\" class=\"trvd_video_player trvdinstream\">\n<div class=\"media-player\">\n<div class=\"trv-video\">\n<div id=\"truvid_ima_container30700\" class=\"truvid_ima_container\">\n<div>\n<div>\n<div class=\"conteudo_post\">\n<p>Dentro da fam\u00edlia Bolsonaro, Fl\u00e1vio \u00e9 visto como o nome capaz de transmitir maior \u201cprevisibilidade\u201d tanto para a classe pol\u00edtica quanto para o setor econ\u00f4mico, por ter um perfil mais moderado que o dos irm\u00e3os.<\/p>\n<p>Quanto \u00e0 escolha para vice, o cen\u00e1rio mais prov\u00e1vel \u00e9 que Michelle Bolsonaro dispute uma vaga no Senado pelo Distrito Federal, enquanto um partido de centro ficaria respons\u00e1vel por indicar o vice na chapa de Fl\u00e1vio.<\/p>\n<\/div>\n<div id=\"author-info\" class=\"ui items\">\n<div class=\"item\">Bahia.Ba<\/div>\n<\/div>\n<\/div>\n<\/div>\n<\/div>\n<\/div>\n<\/div>\n<\/div>\n<\/div>\n<\/div>\n<\/div>\n<\/div>\n<div class='share-to-whatsapp-wrapper'><div class='share-on-whsp'>Share on: <\/div><a data-text='Bolsonaro escolhe Fl\u00e1vio como seu candidato \u00e0 Presid\u00eancia da Rep\u00fablica' data-link='https:\/\/newsinfoco.com.br\/inicio\/bolsonaro-escolhe-flavio-como-seu-candidato-a-presidencia-da-republica\/' class='whatsapp-button whatsapp-share'>WhatsApp<\/a><div class='clear '><\/div><\/div>","protected":false},"excerpt":{"rendered":"<p>O ex-presidente Jair Bolsonaro (PL), afirmou nesta sexta-feira (5), que o senador Fl\u00e1vio Bolsonaro (PL) ser\u00e1 o candidato \u00e0 Presid\u00eancia da Rep\u00fablica nas elei\u00e7\u00f5es do ano que vem. A informa\u00e7\u00e3o foi confirmada a interlocutores pr\u00f3ximos da fam\u00edlia, segundo a coluna de Paulo Cappelli, do portal Metr\u00f3poles. Para Bolsonaro, seu primog\u00eanito vai ganhar musculatura para a [&hellip;]<\/p>\n","protected":false},"author":1,"featured_media":48237,"comment_status":"closed","ping_status":"closed","sticky":false,"template":"","format":"standard","meta":{"om_disable_all_campaigns":false,"_exactmetrics_skip_tracking":false,"_exactmetrics_sitenote_active":false,"_exactmetrics_sitenote_note":"","_exactmetrics_sitenote_category":0,"footnotes":""},"categories":[21],"tags":[],"class_list":["post-48236","post","type-post","status-publish","format-standard","has-post-thumbnail","hentry","category-brasil"],"aioseo_notices":[],"_links":{"self":[{"href":"https:\/\/newsinfoco.com.br\/inicio\/wp-json\/wp\/v2\/posts\/48236","targetHints":{"allow":["GET"]}}],"collection":[{"href":"https:\/\/newsinfoco.com.br\/inicio\/wp-json\/wp\/v2\/posts"}],"about":[{"href":"https:\/\/newsinfoco.com.br\/inicio\/wp-json\/wp\/v2\/types\/post"}],"author":[{"embeddable":true,"href":"https:\/\/newsinfoco.com.br\/inicio\/wp-json\/wp\/v2\/users\/1"}],"replies":[{"embeddable":true,"href":"https:\/\/newsinfoco.com.br\/inicio\/wp-json\/wp\/v2\/comments?post=48236"}],"version-history":[{"count":1,"href":"https:\/\/newsinfoco.com.br\/inicio\/wp-json\/wp\/v2\/posts\/48236\/revisions"}],"predecessor-version":[{"id":48238,"href":"https:\/\/newsinfoco.com.br\/inicio\/wp-json\/wp\/v2\/posts\/48236\/revisions\/48238"}],"wp:featuredmedia":[{"embeddable":true,"href":"https:\/\/newsinfoco.com.br\/inicio\/wp-json\/wp\/v2\/media\/48237"}],"wp:attachment":[{"href":"https:\/\/newsinfoco.com.br\/inicio\/wp-json\/wp\/v2\/media?parent=48236"}],"wp:term":[{"taxonomy":"category","embeddable":true,"href":"https:\/\/newsinfoco.com.br\/inicio\/wp-json\/wp\/v2\/categories?post=48236"},{"taxonomy":"post_tag","embeddable":true,"href":"https:\/\/newsinfoco.com.br\/inicio\/wp-json\/wp\/v2\/tags?post=48236"}],"curies":[{"name":"wp","href":"https:\/\/api.w.org\/{rel}","templated":true}]}}