{"id":4824,"date":"2018-06-05T19:08:00","date_gmt":"2018-06-05T22:08:00","guid":{"rendered":"http:\/\/newsinfoco.com.br\/?p=4824"},"modified":"2018-06-05T19:08:00","modified_gmt":"2018-06-05T22:08:00","slug":"prefeitura-apresenta-rede-de-protecao-a-mulher-em-festa-de-comemoracao-de-aniversario-do-cram","status":"publish","type":"post","link":"https:\/\/newsinfoco.com.br\/inicio\/prefeitura-apresenta-rede-de-protecao-a-mulher-em-festa-de-comemoracao-de-aniversario-do-cram\/","title":{"rendered":"Prefeitura apresenta rede de prote\u00e7\u00e3o \u00e0 mulher em festa de comemora\u00e7\u00e3o de anivers\u00e1rio do CRAM"},"content":{"rendered":"<p style=\"text-align: justify;\"><span style=\"color: #000000;\">Comemorando seis anos de atua\u00e7\u00e3o do Centro de Refer\u00eancia de Atendimento \u00e0 Mulher (CRAM), a Prefeitura de Alagoinhas, por meio da Secretaria Municipal de Assist\u00eancia Social (SEMAS), realiza nesta quarta-feira (6), \u00e0s 8h, na sede do CRAM, localizado na 4\u00aa Travessa Parque S\u00e3o Benedito, n\u00ba 17, Jardim Petrolar, um evento para apresenta\u00e7\u00e3o da rede de enfrentamento \u00e0 viol\u00eancia contra mulher, com o tema \u201cDi\u00e1logos sobre a rede de prote\u00e7\u00e3o\u201d.<\/span><\/p>\n<p style=\"text-align: justify;\"><span style=\"color: #000000;\">O evento contar\u00e1 com a presen\u00e7a de representantes das entidades que fazem parte da rede de enfrentamento \u00e0 viol\u00eancia contra mulher: Secretaria de Pol\u00edticas P\u00fablicas para as Mulheres da Bahia (SPM), Delegacia Especializada no Atendimento \u00e0 Mulher (DEAM), Minist\u00e9rio P\u00fablico (MP), Guarda Civil Municipal (GCM), atrav\u00e9s da Patrulha Maria da Penha e Conselho Municipal de Defesa dos Direitos da Mulher (COMDEDIM). O di\u00e1logo ser\u00e1 mediado pela psic\u00f3loga do CRAM, Rhanne Paula, que tamb\u00e9m apresentar\u00e1 os servi\u00e7os municipais dispon\u00edveis para o enfrentamento \u00e0 viol\u00eancia. O di\u00e1logo ser\u00e1 aberto ao p\u00fablico.<\/span><\/p><div class=\"newsi-conteudo_19\" id=\"newsi-2819402801\"><a href=\"https:\/\/www.instagram.com\/prefeituraalagoinhas?igsh=YzgzdDJ1bWR3aWI4\" aria-label=\"SAVE_20251006_221555\"><img loading=\"lazy\" decoding=\"async\" src=\"https:\/\/newsinfoco.com.br\/inicio\/wp-content\/uploads\/2025\/10\/SAVE_20251006_221555-rotated.jpg\" alt=\"\"  srcset=\"https:\/\/newsinfoco.com.br\/inicio\/wp-content\/uploads\/2025\/10\/SAVE_20251006_221555-rotated.jpg 1140w, https:\/\/newsinfoco.com.br\/inicio\/wp-content\/uploads\/2025\/10\/SAVE_20251006_221555-300x52.jpg 300w, https:\/\/newsinfoco.com.br\/inicio\/wp-content\/uploads\/2025\/10\/SAVE_20251006_221555-1024x177.jpg 1024w, https:\/\/newsinfoco.com.br\/inicio\/wp-content\/uploads\/2025\/10\/SAVE_20251006_221555-768x133.jpg 768w, https:\/\/newsinfoco.com.br\/inicio\/wp-content\/uploads\/2025\/10\/SAVE_20251006_221555-600x104.jpg 600w, https:\/\/newsinfoco.com.br\/inicio\/wp-content\/uploads\/2025\/10\/SAVE_20251006_221555-696x120.jpg 696w, https:\/\/newsinfoco.com.br\/inicio\/wp-content\/uploads\/2025\/10\/SAVE_20251006_221555-1068x185.jpg 1068w\" sizes=\"(max-width: 1140px) 100vw, 1140px\" width=\"1140\" height=\"197\"   \/><\/a><\/div>\n<p style=\"text-align: justify;\"><span style=\"color: #000000;\">Em seguida, diversos servi\u00e7os ser\u00e3o ofertados \u00e0 popula\u00e7\u00e3o, dentre eles sa\u00fade, est\u00e9tica, direcionamento para bolsas de cursos profissionalizantes, oficinas, entre outros. O projeto faz parte de uma parceria entre o munic\u00edpio e algumas institui\u00e7\u00f5es privadas.<\/span><\/p>\n<h6 style=\"text-align: right;\"><span style=\"color: #999999;\">Fonte: SECOM SEMAS CRAM\u00a0<\/span><\/h6>\n<div style=\"text-align: justify;\" align=\"right\"><\/div>\n<div class='share-to-whatsapp-wrapper'><div class='share-on-whsp'>Share on: <\/div><a data-text='Prefeitura apresenta rede de prote\u00e7\u00e3o \u00e0 mulher em festa de comemora\u00e7\u00e3o de anivers\u00e1rio do CRAM' data-link='https:\/\/newsinfoco.com.br\/inicio\/prefeitura-apresenta-rede-de-protecao-a-mulher-em-festa-de-comemoracao-de-aniversario-do-cram\/' class='whatsapp-button whatsapp-share'>WhatsApp<\/a><div class='clear '><\/div><\/div>","protected":false},"excerpt":{"rendered":"<p>Comemorando seis anos de atua\u00e7\u00e3o do Centro de Refer\u00eancia de Atendimento \u00e0 Mulher (CRAM), a Prefeitura de Alagoinhas, por meio da Secretaria Municipal de Assist\u00eancia Social (SEMAS), realiza nesta quarta-feira (6), \u00e0s 8h, na sede do CRAM, localizado na 4\u00aa Travessa Parque S\u00e3o Benedito, n\u00ba 17, Jardim Petrolar, um evento para apresenta\u00e7\u00e3o da rede de [&hellip;]<\/p>\n","protected":false},"author":1,"featured_media":3184,"comment_status":"open","ping_status":"open","sticky":false,"template":"","format":"standard","meta":{"om_disable_all_campaigns":false,"_exactmetrics_skip_tracking":false,"_exactmetrics_sitenote_active":false,"_exactmetrics_sitenote_note":"","_exactmetrics_sitenote_category":0,"footnotes":""},"categories":[38,30],"tags":[53,54,120],"class_list":["post-4824","post","type-post","status-publish","format-standard","has-post-thumbnail","hentry","category-alagoinhas-e-regiao","category-destaque","tag-alagoinhas","tag-prefeitura","tag-secom-semas"],"aioseo_notices":[],"_links":{"self":[{"href":"https:\/\/newsinfoco.com.br\/inicio\/wp-json\/wp\/v2\/posts\/4824","targetHints":{"allow":["GET"]}}],"collection":[{"href":"https:\/\/newsinfoco.com.br\/inicio\/wp-json\/wp\/v2\/posts"}],"about":[{"href":"https:\/\/newsinfoco.com.br\/inicio\/wp-json\/wp\/v2\/types\/post"}],"author":[{"embeddable":true,"href":"https:\/\/newsinfoco.com.br\/inicio\/wp-json\/wp\/v2\/users\/1"}],"replies":[{"embeddable":true,"href":"https:\/\/newsinfoco.com.br\/inicio\/wp-json\/wp\/v2\/comments?post=4824"}],"version-history":[{"count":0,"href":"https:\/\/newsinfoco.com.br\/inicio\/wp-json\/wp\/v2\/posts\/4824\/revisions"}],"wp:featuredmedia":[{"embeddable":true,"href":"https:\/\/newsinfoco.com.br\/inicio\/wp-json\/wp\/v2\/media\/3184"}],"wp:attachment":[{"href":"https:\/\/newsinfoco.com.br\/inicio\/wp-json\/wp\/v2\/media?parent=4824"}],"wp:term":[{"taxonomy":"category","embeddable":true,"href":"https:\/\/newsinfoco.com.br\/inicio\/wp-json\/wp\/v2\/categories?post=4824"},{"taxonomy":"post_tag","embeddable":true,"href":"https:\/\/newsinfoco.com.br\/inicio\/wp-json\/wp\/v2\/tags?post=4824"}],"curies":[{"name":"wp","href":"https:\/\/api.w.org\/{rel}","templated":true}]}}