{"id":48241,"date":"2025-12-05T16:14:35","date_gmt":"2025-12-05T19:14:35","guid":{"rendered":"https:\/\/newsinfoco.com.br\/inicio\/?p=48241"},"modified":"2025-12-05T16:14:35","modified_gmt":"2025-12-05T19:14:35","slug":"62-da-exploracao-madeireira-na-amazonia-e-feita-de-forma-ilegal-diz-pesquisa","status":"publish","type":"post","link":"https:\/\/newsinfoco.com.br\/inicio\/62-da-exploracao-madeireira-na-amazonia-e-feita-de-forma-ilegal-diz-pesquisa\/","title":{"rendered":"62% da explora\u00e7\u00e3o madeireira na Amaz\u00f4nia \u00e9 feita de forma ilegal, diz pesquisa"},"content":{"rendered":"<p align=\"left\">Dos 68 mil hectares em que h\u00e1 explora\u00e7\u00e3o madeireira no Amazonas, 42 mil n\u00e3o tinham autoriza\u00e7\u00e3o dos \u00f3rg\u00e3os ambientais para a atividade, de acordo com levantamento divulgado nesta sexta-feira (5) pelo instituto de pesquisa Imazon. Isso significa que 62% da \u00e1rea com retirada de madeira no estado \u00e9 ilegal. As informa\u00e7\u00f5es s\u00e3o do portal Ag\u00eancia Brasil.<\/p>\n<p align=\"left\">Realizada anualmente pela Rede Simex, composta por tr\u00eas organiza\u00e7\u00f5es ambientais \u2013 ICV, Imaflora e Imazon -, a pesquisa mapeou a extra\u00e7\u00e3o madeireira no estado por meio de imagens de sat\u00e9lite e cruzou com as autoriza\u00e7\u00f5es para a atividade emitidas pelos \u00f3rg\u00e3os ambientais, abrangendo o per\u00edodo de agosto de 2023 a julho de 2024.<\/p><div class=\"newsi-conteudo_19\" id=\"newsi-3629477871\"><a href=\"https:\/\/www.instagram.com\/prefeituraalagoinhas?igsh=YzgzdDJ1bWR3aWI4\" aria-label=\"SAVE_20251006_221555\"><img loading=\"lazy\" decoding=\"async\" src=\"https:\/\/newsinfoco.com.br\/inicio\/wp-content\/uploads\/2025\/10\/SAVE_20251006_221555-rotated.jpg\" alt=\"\"  srcset=\"https:\/\/newsinfoco.com.br\/inicio\/wp-content\/uploads\/2025\/10\/SAVE_20251006_221555-rotated.jpg 1140w, https:\/\/newsinfoco.com.br\/inicio\/wp-content\/uploads\/2025\/10\/SAVE_20251006_221555-300x52.jpg 300w, https:\/\/newsinfoco.com.br\/inicio\/wp-content\/uploads\/2025\/10\/SAVE_20251006_221555-1024x177.jpg 1024w, https:\/\/newsinfoco.com.br\/inicio\/wp-content\/uploads\/2025\/10\/SAVE_20251006_221555-768x133.jpg 768w, https:\/\/newsinfoco.com.br\/inicio\/wp-content\/uploads\/2025\/10\/SAVE_20251006_221555-600x104.jpg 600w, https:\/\/newsinfoco.com.br\/inicio\/wp-content\/uploads\/2025\/10\/SAVE_20251006_221555-696x120.jpg 696w, https:\/\/newsinfoco.com.br\/inicio\/wp-content\/uploads\/2025\/10\/SAVE_20251006_221555-1068x185.jpg 1068w\" sizes=\"(max-width: 1140px) 100vw, 1140px\" width=\"1140\" height=\"197\"   \/><\/a><\/div>\n<p align=\"left\">Em rela\u00e7\u00e3o ao levantamento passado (agosto\/2022-julho\/2023), quando 38 mil hectares tiveram explora\u00e7\u00e3o de madeira sem autoriza\u00e7\u00e3o, houve um aumento de 9% na \u00e1rea com retirada ilegal.<\/p>\n<p align=\"left\">Pesquisadora do Programa de Monitoramento da Amaz\u00f4nia do Imazon, Camila Damasceno avalia que a alta \u00e9 extremamente preocupante j\u00e1 que a explora\u00e7\u00e3o ilegal de madeira acaba financiando outros crimes ambientais, como as queimadas e o desmatamento.<\/p>\n<p align=\"left\">\u201cAl\u00e9m disso, tamb\u00e9m prejudica o mercado legalizado de madeira, que faz a remo\u00e7\u00e3o das \u00e1rvores por meio do manejo florestal sustent\u00e1vel e gera empregos e impostos para o Amazonas\u201d, acrescentou.<\/p>\n<p align=\"left\">Em rela\u00e7\u00e3o \u00e0 explora\u00e7\u00e3o de madeira autorizada, o Amazonas passou de 11,3 mil hectares entre agosto de 2022 e julho de 2023 para 26,1 mil hectares entre agosto de 2023 e julho de 2024, o que representa uma alta de 131%.<\/p>\n<p align=\"left\"><strong>Boca do Acre<\/strong><\/p>\n<p align=\"left\">Apenas dois munic\u00edpios do sul do estado \u2013 Boca do Acre e L\u00e1brea \u2013 concentram 75% de toda a explora\u00e7\u00e3o de madeira ilegal do Amazonas. L\u00edder do ranking, Boca do Acre teve 20,5 mil hectares de explora\u00e7\u00e3o irregular, enquanto L\u00e1brea teve 10,9 mil hectares com retirada de madeira ilegal.<\/p>\n<p align=\"left\">\u201cEsses munic\u00edpios ficam dentro da regi\u00e3o de expans\u00e3o agropecu\u00e1ria chamada de Amacro, na divisa do Amazonas com o Acre e com Rond\u00f4nia. Por isso, alertamos que a extra\u00e7\u00e3o de madeira nesses territ\u00f3rios pode indicar o desmatamento futuro para a grilagem ou para a produ\u00e7\u00e3o de gr\u00e3os e de gado, o que refor\u00e7a a necessidade de ampliar a fiscaliza\u00e7\u00e3o nesses munic\u00edpios e barrar a entrada de produtos ilegais no mercado\u201d, alertou Camila.<\/p>\n<p align=\"left\"><strong>Terras protegidas<\/strong><\/p>\n<p align=\"left\">A explora\u00e7\u00e3o ilegal de madeira, afirmou a pesquisadora, invade \u00e1reas protegidas do estado, como terras ind\u00edgenas e unidades de conserva\u00e7\u00e3o, o que \u00e9 uma preocupa\u00e7\u00e3o n\u00e3o apenas em rela\u00e7\u00e3o \u00e0 degrada\u00e7\u00e3o ambiental, mas \u00e0s sobreviv\u00eancias das comunidades que ocupam esses locais.<\/p>\n<p align=\"left\">\u201cA entrada de invasores para retirada de madeira desses territ\u00f3rios amea\u00e7a os povos e comunidades tradicionais, que dependem da floresta em p\u00e9 para manter seu modo de vida\u201d, explicou Camila.<\/p>\n<p align=\"left\">O levantamento apontou que 13% da retirada de madeira irregular (5,6 mil hectares) ocorreu em \u00e1reas protegidas, sendo 9% em terras ind\u00edgenas (3,9 mil hectares) e 4% em unidades de conserva\u00e7\u00e3o (1,6 mil hectares). Houve queda de 19% na explora\u00e7\u00e3o ilegal em \u00e1reas protegidas em rela\u00e7\u00e3o ao estudo anterior, quando foram mapeados 6,9 mil hectares, dos quais 6,4 mil em terras ind\u00edgenas.<\/p>\n<p align=\"left\">Apesar da redu\u00e7\u00e3o, a retirada irregular atingiu uma \u00e1rea superior a 5 mil campos de futebol dentro das \u00e1reas protegidas. O Imazon ressalta que, al\u00e9m das emiss\u00f5es de carbono resultantes da degrada\u00e7\u00e3o, h\u00e1 perda de biodiversidade e conflitos sociais com a extra\u00e7\u00e3o ilegal de madeira.<\/p>\n<p align=\"left\">Os im\u00f3veis rurais presentes em bancos de dados p\u00fablicos, como o Cadastro Ambiental Rural (CAR), o Sistema de Gest\u00e3o Fundi\u00e1ria (Sigef) e o Programa Terra Legal, foram respons\u00e1veis por 32,5 mil hectares da \u00e1rea com explora\u00e7\u00e3o irregular de madeira, o que representa 77% do total. Segundo avalia\u00e7\u00e3o do Imazon, esse resultado mostra que os \u00f3rg\u00e3os p\u00fablicos t\u00eam dados para fiscalizar e punir a atividade ilegal nessas \u00e1reas.<\/p>\n<div>\n<div>\n<div class=\"trv-player-container\">\n<div class=\"trv-wrapper\">\n<div id=\"br_video_player_124fc7d584f35de41a26ea147751da9dc3c659f9\" class=\"trvd_video_player trvdinstream\">\n<div class=\"media-player\">\n<div class=\"trv-video\">\n<div id=\"truvid_ima_container78979\" class=\"truvid_ima_container trv-ima-container-hidden\">\n<div class=\"conteudo_post\">\n<p align=\"left\">Outra categoria que chamou a aten\u00e7\u00e3o dos pesquisadores em rela\u00e7\u00e3o \u00e0 retirada ilegal de madeira no Amazonas \u00e9 a de florestas p\u00fablicas n\u00e3o destinadas (FPNDs), com 3,3 mil hectares (8%). As FPNDs s\u00e3o \u00e1reas de floresta de dom\u00ednio p\u00fablico (Uni\u00e3o, estados ou munic\u00edpios) que ainda n\u00e3o tiveram seu uso oficialmente definido, seja como unidade de conserva\u00e7\u00e3o ou terra ind\u00edgena.<\/p>\n<p align=\"left\">\u201cPor isso, destinar essas terras a povos e comunidades tradicionais ou \u00e0 conserva\u00e7\u00e3o \u00e9 uma a\u00e7\u00e3o urgente de prote\u00e7\u00e3o do patrim\u00f4nio p\u00fablico e ambiental dos amazonenses e dos brasileiros\u201d, concluiu o instituto.<\/p>\n<\/div>\n<div id=\"div-share\">Bahia.Ba<\/div>\n<\/div>\n<\/div>\n<\/div>\n<\/div>\n<\/div>\n<\/div>\n<\/div>\n<\/div>\n<div class='share-to-whatsapp-wrapper'><div class='share-on-whsp'>Share on: <\/div><a data-text='62% da explora\u00e7\u00e3o madeireira na Amaz\u00f4nia \u00e9 feita de forma ilegal, diz pesquisa' data-link='https:\/\/newsinfoco.com.br\/inicio\/62-da-exploracao-madeireira-na-amazonia-e-feita-de-forma-ilegal-diz-pesquisa\/' class='whatsapp-button whatsapp-share'>WhatsApp<\/a><div class='clear '><\/div><\/div>","protected":false},"excerpt":{"rendered":"<p>Dos 68 mil hectares em que h\u00e1 explora\u00e7\u00e3o madeireira no Amazonas, 42 mil n\u00e3o tinham autoriza\u00e7\u00e3o dos \u00f3rg\u00e3os ambientais para a atividade, de acordo com levantamento divulgado nesta sexta-feira (5) pelo instituto de pesquisa Imazon. Isso significa que 62% da \u00e1rea com retirada de madeira no estado \u00e9 ilegal. As informa\u00e7\u00f5es s\u00e3o do portal Ag\u00eancia [&hellip;]<\/p>\n","protected":false},"author":1,"featured_media":48242,"comment_status":"closed","ping_status":"closed","sticky":false,"template":"","format":"standard","meta":{"om_disable_all_campaigns":false,"_exactmetrics_skip_tracking":false,"_exactmetrics_sitenote_active":false,"_exactmetrics_sitenote_note":"","_exactmetrics_sitenote_category":0,"footnotes":""},"categories":[21],"tags":[],"class_list":["post-48241","post","type-post","status-publish","format-standard","has-post-thumbnail","hentry","category-brasil"],"aioseo_notices":[],"_links":{"self":[{"href":"https:\/\/newsinfoco.com.br\/inicio\/wp-json\/wp\/v2\/posts\/48241","targetHints":{"allow":["GET"]}}],"collection":[{"href":"https:\/\/newsinfoco.com.br\/inicio\/wp-json\/wp\/v2\/posts"}],"about":[{"href":"https:\/\/newsinfoco.com.br\/inicio\/wp-json\/wp\/v2\/types\/post"}],"author":[{"embeddable":true,"href":"https:\/\/newsinfoco.com.br\/inicio\/wp-json\/wp\/v2\/users\/1"}],"replies":[{"embeddable":true,"href":"https:\/\/newsinfoco.com.br\/inicio\/wp-json\/wp\/v2\/comments?post=48241"}],"version-history":[{"count":1,"href":"https:\/\/newsinfoco.com.br\/inicio\/wp-json\/wp\/v2\/posts\/48241\/revisions"}],"predecessor-version":[{"id":48243,"href":"https:\/\/newsinfoco.com.br\/inicio\/wp-json\/wp\/v2\/posts\/48241\/revisions\/48243"}],"wp:featuredmedia":[{"embeddable":true,"href":"https:\/\/newsinfoco.com.br\/inicio\/wp-json\/wp\/v2\/media\/48242"}],"wp:attachment":[{"href":"https:\/\/newsinfoco.com.br\/inicio\/wp-json\/wp\/v2\/media?parent=48241"}],"wp:term":[{"taxonomy":"category","embeddable":true,"href":"https:\/\/newsinfoco.com.br\/inicio\/wp-json\/wp\/v2\/categories?post=48241"},{"taxonomy":"post_tag","embeddable":true,"href":"https:\/\/newsinfoco.com.br\/inicio\/wp-json\/wp\/v2\/tags?post=48241"}],"curies":[{"name":"wp","href":"https:\/\/api.w.org\/{rel}","templated":true}]}}