{"id":48244,"date":"2025-12-05T16:22:59","date_gmt":"2025-12-05T19:22:59","guid":{"rendered":"https:\/\/newsinfoco.com.br\/inicio\/?p=48244"},"modified":"2025-12-05T16:22:59","modified_gmt":"2025-12-05T19:22:59","slug":"prefeitura-de-alagoinhas-conquista-selo-prata-de-qualidade-nacional-em-transparencia-publica","status":"publish","type":"post","link":"https:\/\/newsinfoco.com.br\/inicio\/prefeitura-de-alagoinhas-conquista-selo-prata-de-qualidade-nacional-em-transparencia-publica\/","title":{"rendered":"Prefeitura de Alagoinhas conquista Selo Prata de qualidade nacional em transpar\u00eancia p\u00fablica"},"content":{"rendered":"<p>A Prefeitura de Alagoinhas recebeu o Selo Prata de transpar\u00eancia nacional, reconhecimento concedido pela Associa\u00e7\u00e3o dos Membros dos Tribunais de Contas do Brasil (Atricon). O resultado foi divulgado nesta quinta-feira, 4, na plataforma Radar Nacional da Transpar\u00eancia P\u00fablica. Esta \u00e9 a primeira vez que o Poder Executivo municipal conquista a certifica\u00e7\u00e3o.<\/p>\n<p>\u201cEssa \u00e9 uma certifica\u00e7\u00e3o in\u00e9dita, que a gente precisa celebrar e que demonstra a nossa forma de governar, com respeito \u00e0 transpar\u00eancia e zelo aos princ\u00edpios da administra\u00e7\u00e3o p\u00fablica. Parabenizo a todos os profissionais aguerridos da nossa Prefeitura, mulheres e homens \u2013 muitos deles servidores de carreira efetivos na nossa cidade \u2013 que fizeram essa conquista acontecer. Vamos assim, juntos, continuar avan\u00e7ando\u201d, comenta o prefeito Gustavo Carmo.<\/p><div class=\"newsi-conteudo_19\" id=\"newsi-1029305752\"><a href=\"https:\/\/www.instagram.com\/prefeituraalagoinhas?igsh=YzgzdDJ1bWR3aWI4\" aria-label=\"SAVE_20251006_221555\"><img loading=\"lazy\" decoding=\"async\" src=\"https:\/\/newsinfoco.com.br\/inicio\/wp-content\/uploads\/2025\/10\/SAVE_20251006_221555-rotated.jpg\" alt=\"\"  srcset=\"https:\/\/newsinfoco.com.br\/inicio\/wp-content\/uploads\/2025\/10\/SAVE_20251006_221555-rotated.jpg 1140w, https:\/\/newsinfoco.com.br\/inicio\/wp-content\/uploads\/2025\/10\/SAVE_20251006_221555-300x52.jpg 300w, https:\/\/newsinfoco.com.br\/inicio\/wp-content\/uploads\/2025\/10\/SAVE_20251006_221555-1024x177.jpg 1024w, https:\/\/newsinfoco.com.br\/inicio\/wp-content\/uploads\/2025\/10\/SAVE_20251006_221555-768x133.jpg 768w, https:\/\/newsinfoco.com.br\/inicio\/wp-content\/uploads\/2025\/10\/SAVE_20251006_221555-600x104.jpg 600w, https:\/\/newsinfoco.com.br\/inicio\/wp-content\/uploads\/2025\/10\/SAVE_20251006_221555-696x120.jpg 696w, https:\/\/newsinfoco.com.br\/inicio\/wp-content\/uploads\/2025\/10\/SAVE_20251006_221555-1068x185.jpg 1068w\" sizes=\"(max-width: 1140px) 100vw, 1140px\" width=\"1140\" height=\"197\"   \/><\/a><\/div>\n<p>O selo \u00e9 concedido por meio do Programa Nacional de Transpar\u00eancia P\u00fablica (PNTP), criado pela Atricon com o objetivo de promover a transpar\u00eancia e a melhoria da gest\u00e3o p\u00fablica no pa\u00eds, garantindo que informa\u00e7\u00f5es relevantes estejam acess\u00edveis a todos os cidad\u00e3os. Em 2025, 10.072 portais da transpar\u00eancia, de \u00f3rg\u00e3os p\u00fablicos federais, estaduais e municipais, foram avaliados. Deste total, apenas 2.912 receberam certifica\u00e7\u00e3o Diamante, Ouro ou Prata. O portal da Prefeitura de Alagoinhas est\u00e1 entre os 832 (8,2% dos analisados) que obtiveram o Selo Prata.<\/p>\n<p>Recebem os selos os \u00f3rg\u00e3os p\u00fablicos que atingem, no m\u00ednimo, o \u00edndice de transpar\u00eancia de 75%. A Prefeitura de Alagoinhas chegou a 75,62%, percentual superior \u00e0 m\u00e9dia de todos os Poderes Executivos avaliados nas 27 unidades da Federa\u00e7\u00e3o, que este ano ficou em 55,66%. Para definir os \u00edndices, a Atricon leva em considera\u00e7\u00e3o uma s\u00e9rie de requisitos relacionados \u00e0 publicidade e acessibilidade das informa\u00e7\u00f5es nos portais de transpar\u00eancia dos entes fiscalizados.<\/p>\n<p>\u201cA conquista do Selo Prata representa mais do que um reconhecimento t\u00e9cnico; \u00e9 a confirma\u00e7\u00e3o de que estamos avan\u00e7ando com firmeza na constru\u00e7\u00e3o de uma gest\u00e3o p\u00fablica mais \u00edntegra, acess\u00edvel e comprometida com o cidad\u00e3o. Este resultado reflete o empenho di\u00e1rio de uma equipe dedicada, que acredita no poder transformador da transpar\u00eancia como instrumento de confian\u00e7a e de fortalecimento da administra\u00e7\u00e3o p\u00fablica\u201d, afirma a controladora geral do Munic\u00edpio, Menara Dami\u00e3o.<\/p>\n<p>A Controladoria Geral (COGER) conduz o trabalho de an\u00e1lise da Transpar\u00eancia P\u00fablica e \u00e9 respons\u00e1vel pelo preenchimento do question\u00e1rio encaminhado pela Atricon. \u201cEm nossas an\u00e1lises, buscamos um olhar do controle social para que possamos realizar entregas mais acess\u00edveis \u00e0 popula\u00e7\u00e3o. \u00c9 importante dizer que o trabalho realizado pelo Diretoria de Inova\u00e7\u00e3o e Governo Digital da Prefeitura de Alagoinhas tem relevante import\u00e2ncia para a conquista dessa certifica\u00e7\u00e3o\u201d, ressalta Menara.<\/p>\n<p>Diretor de Inova\u00e7\u00e3o e Governo Digital e presidente da Comiss\u00e3o de Avalia\u00e7\u00e3o de Documentos e Acesso (CADA), Anderson Ramos destaca que a qualifica\u00e7\u00e3o dos profissionais envolvidos no processo \u00e9 um diferencial para a conquista do selo. \u201cUma equipe dedicada e com total conhecimento t\u00e9cnico n\u00e3o s\u00f3 da \u00e1rea de tecnologia da informa\u00e7\u00e3o, mas da m\u00e1quina administrativa, nos d\u00e1 tranquilidade para avan\u00e7ar al\u00e9m da autonomia de trabalho concedida pelo prefeito Gustavo Carmo, que entende que a transpar\u00eancia p\u00fablica tamb\u00e9m \u00e9 um ato de cidadania\u201d, diz.<\/p>\n<p>\u201cCada processo aprimorado, cada informa\u00e7\u00e3o disponibilizada e cada melhoria implementada \u00e9 parte de um trabalho cont\u00ednuo e em equipe, que realizamos com prop\u00f3sito e responsabilidade. Que este selo nos motive a ir al\u00e9m, buscando novas pr\u00e1ticas, elevando nossos padr\u00f5es e reafirmando, todos os dias, nosso compromisso com a \u00e9tica, a efici\u00eancia e a governan\u00e7a p\u00fablica de excel\u00eancia\u201d, conclui a controladora geral Menara Dami\u00e3o.<\/p>\n<div align=\"right\"><\/div>\n<div class='share-to-whatsapp-wrapper'><div class='share-on-whsp'>Share on: <\/div><a data-text='Prefeitura de Alagoinhas conquista Selo Prata de qualidade nacional em transpar\u00eancia p\u00fablica' data-link='https:\/\/newsinfoco.com.br\/inicio\/prefeitura-de-alagoinhas-conquista-selo-prata-de-qualidade-nacional-em-transparencia-publica\/' class='whatsapp-button whatsapp-share'>WhatsApp<\/a><div class='clear '><\/div><\/div>","protected":false},"excerpt":{"rendered":"<p>A Prefeitura de Alagoinhas recebeu o Selo Prata de transpar\u00eancia nacional, reconhecimento concedido pela Associa\u00e7\u00e3o dos Membros dos Tribunais de Contas do Brasil (Atricon). O resultado foi divulgado nesta quinta-feira, 4, na plataforma Radar Nacional da Transpar\u00eancia P\u00fablica. Esta \u00e9 a primeira vez que o Poder Executivo municipal conquista a certifica\u00e7\u00e3o. \u201cEssa \u00e9 uma certifica\u00e7\u00e3o [&hellip;]<\/p>\n","protected":false},"author":1,"featured_media":48245,"comment_status":"closed","ping_status":"closed","sticky":false,"template":"","format":"standard","meta":{"om_disable_all_campaigns":false,"_exactmetrics_skip_tracking":false,"_exactmetrics_sitenote_active":false,"_exactmetrics_sitenote_note":"","_exactmetrics_sitenote_category":0,"footnotes":""},"categories":[38,167],"tags":[],"class_list":["post-48244","post","type-post","status-publish","format-standard","has-post-thumbnail","hentry","category-alagoinhas-e-regiao","category-exclusivas"],"aioseo_notices":[],"_links":{"self":[{"href":"https:\/\/newsinfoco.com.br\/inicio\/wp-json\/wp\/v2\/posts\/48244","targetHints":{"allow":["GET"]}}],"collection":[{"href":"https:\/\/newsinfoco.com.br\/inicio\/wp-json\/wp\/v2\/posts"}],"about":[{"href":"https:\/\/newsinfoco.com.br\/inicio\/wp-json\/wp\/v2\/types\/post"}],"author":[{"embeddable":true,"href":"https:\/\/newsinfoco.com.br\/inicio\/wp-json\/wp\/v2\/users\/1"}],"replies":[{"embeddable":true,"href":"https:\/\/newsinfoco.com.br\/inicio\/wp-json\/wp\/v2\/comments?post=48244"}],"version-history":[{"count":1,"href":"https:\/\/newsinfoco.com.br\/inicio\/wp-json\/wp\/v2\/posts\/48244\/revisions"}],"predecessor-version":[{"id":48246,"href":"https:\/\/newsinfoco.com.br\/inicio\/wp-json\/wp\/v2\/posts\/48244\/revisions\/48246"}],"wp:featuredmedia":[{"embeddable":true,"href":"https:\/\/newsinfoco.com.br\/inicio\/wp-json\/wp\/v2\/media\/48245"}],"wp:attachment":[{"href":"https:\/\/newsinfoco.com.br\/inicio\/wp-json\/wp\/v2\/media?parent=48244"}],"wp:term":[{"taxonomy":"category","embeddable":true,"href":"https:\/\/newsinfoco.com.br\/inicio\/wp-json\/wp\/v2\/categories?post=48244"},{"taxonomy":"post_tag","embeddable":true,"href":"https:\/\/newsinfoco.com.br\/inicio\/wp-json\/wp\/v2\/tags?post=48244"}],"curies":[{"name":"wp","href":"https:\/\/api.w.org\/{rel}","templated":true}]}}