{"id":48251,"date":"2025-12-06T13:17:56","date_gmt":"2025-12-06T16:17:56","guid":{"rendered":"https:\/\/newsinfoco.com.br\/inicio\/?p=48251"},"modified":"2025-12-06T13:17:56","modified_gmt":"2025-12-06T16:17:56","slug":"deputada-ludmilla-fiscina-entrega-veiculo-do-inema-para-fortalecer-acoes-ambientais-em-alagoinhas","status":"publish","type":"post","link":"https:\/\/newsinfoco.com.br\/inicio\/deputada-ludmilla-fiscina-entrega-veiculo-do-inema-para-fortalecer-acoes-ambientais-em-alagoinhas\/","title":{"rendered":"Deputada Ludmilla Fiscina entrega ve\u00edculo do Inema para fortalecer a\u00e7\u00f5es ambientais em Alagoinhas"},"content":{"rendered":"<p>A deputada estadual Ludmilla Fiscina (PV) entregou, na tarde de ontem (5), um ve\u00edculo zero quil\u00f4metro destinado ao escrit\u00f3rio regional do Instituto do Meio Ambiente e Recursos H\u00eddricos (Inema) em Alagoinhas. O equipamento, adquirido por meio de sua emenda parlamentar, foi entregue com a presen\u00e7a do diretor-geral do Inema, Eduardo Farias Top\u00e1zio, al\u00e9m de integrantes da equipe t\u00e9cnica do \u00f3rg\u00e3o.<\/p>\n<p>Fiscina destacou que a conquista responde a uma demanda antiga apresentada pelas lideran\u00e7as locais, refor\u00e7ando o compromisso do mandato com o desenvolvimento sustent\u00e1vel. Ela tamb\u00e9m ressaltou a parceria com o governador Jer\u00f4nimo Rodrigues (PT), respons\u00e1vel pela libera\u00e7\u00e3o da emenda que viabilizou o investimento.<\/p><div class=\"newsi-conteudo_19\" id=\"newsi-932354885\"><a href=\"https:\/\/www.instagram.com\/prefeituraalagoinhas?igsh=YzgzdDJ1bWR3aWI4\" aria-label=\"SAVE_20251006_221555\"><img loading=\"lazy\" decoding=\"async\" src=\"https:\/\/newsinfoco.com.br\/inicio\/wp-content\/uploads\/2025\/10\/SAVE_20251006_221555-rotated.jpg\" alt=\"\"  srcset=\"https:\/\/newsinfoco.com.br\/inicio\/wp-content\/uploads\/2025\/10\/SAVE_20251006_221555-rotated.jpg 1140w, https:\/\/newsinfoco.com.br\/inicio\/wp-content\/uploads\/2025\/10\/SAVE_20251006_221555-300x52.jpg 300w, https:\/\/newsinfoco.com.br\/inicio\/wp-content\/uploads\/2025\/10\/SAVE_20251006_221555-1024x177.jpg 1024w, https:\/\/newsinfoco.com.br\/inicio\/wp-content\/uploads\/2025\/10\/SAVE_20251006_221555-768x133.jpg 768w, https:\/\/newsinfoco.com.br\/inicio\/wp-content\/uploads\/2025\/10\/SAVE_20251006_221555-600x104.jpg 600w, https:\/\/newsinfoco.com.br\/inicio\/wp-content\/uploads\/2025\/10\/SAVE_20251006_221555-696x120.jpg 696w, https:\/\/newsinfoco.com.br\/inicio\/wp-content\/uploads\/2025\/10\/SAVE_20251006_221555-1068x185.jpg 1068w\" sizes=\"(max-width: 1140px) 100vw, 1140px\" width=\"1140\" height=\"197\"   \/><\/a><\/div>\n<p>\u201cO nosso mandato trabalha de acordo com a demanda da popula\u00e7\u00e3o e esse carro era uma solicita\u00e7\u00e3o antiga do setor. Est\u00e1 aqui sendo entregue atrav\u00e9s da nossa emenda parlamentar para proteger o meio ambiente de Alagoinhas e regi\u00e3o. Quero agradecer a Top\u00e1zio pela presen\u00e7a e tamb\u00e9m ao nosso governador por liberar essa emenda e a todos que fazem parte dessa conquista\u201d, afirmou a deputada.<\/p>\n<p>O diretor-geral do Inema, Eduardo Top\u00e1zio, por sua vez, agradeceu o gesto e destacou o impacto imediato que o novo ve\u00edculo ter\u00e1 nas a\u00e7\u00f5es de fiscaliza\u00e7\u00e3o. \u201c\u00c9 a primeira vez que recebemos contribui\u00e7\u00e3o por emenda parlamentar. Isso ser\u00e1 de extrema import\u00e2ncia para apoiar nossa equipe no trabalho de prote\u00e7\u00e3o do meio ambiente, para garantir o bem-estar de todos. \u00c9 isso que o nosso governador pede e prega, que o estado tenha infraestrutura m\u00ednima e capacidade de se deslocar. Muito obrigado\u201d, agradeceu.<\/p>\n<p>Foto: Alu\u00edsio Neto<\/p>\n<div class='share-to-whatsapp-wrapper'><div class='share-on-whsp'>Share on: <\/div><a data-text='Deputada Ludmilla Fiscina entrega ve\u00edculo do Inema para fortalecer a\u00e7\u00f5es ambientais em Alagoinhas' data-link='https:\/\/newsinfoco.com.br\/inicio\/deputada-ludmilla-fiscina-entrega-veiculo-do-inema-para-fortalecer-acoes-ambientais-em-alagoinhas\/' class='whatsapp-button whatsapp-share'>WhatsApp<\/a><div class='clear '><\/div><\/div>","protected":false},"excerpt":{"rendered":"<p>A deputada estadual Ludmilla Fiscina (PV) entregou, na tarde de ontem (5), um ve\u00edculo zero quil\u00f4metro destinado ao escrit\u00f3rio regional do Instituto do Meio Ambiente e Recursos H\u00eddricos (Inema) em Alagoinhas. O equipamento, adquirido por meio de sua emenda parlamentar, foi entregue com a presen\u00e7a do diretor-geral do Inema, Eduardo Farias Top\u00e1zio, al\u00e9m de integrantes [&hellip;]<\/p>\n","protected":false},"author":1,"featured_media":48252,"comment_status":"closed","ping_status":"closed","sticky":false,"template":"","format":"standard","meta":{"om_disable_all_campaigns":false,"_exactmetrics_skip_tracking":false,"_exactmetrics_sitenote_active":false,"_exactmetrics_sitenote_note":"","_exactmetrics_sitenote_category":0,"footnotes":""},"categories":[38,30,167],"tags":[],"class_list":["post-48251","post","type-post","status-publish","format-standard","has-post-thumbnail","hentry","category-alagoinhas-e-regiao","category-destaque","category-exclusivas"],"aioseo_notices":[],"_links":{"self":[{"href":"https:\/\/newsinfoco.com.br\/inicio\/wp-json\/wp\/v2\/posts\/48251","targetHints":{"allow":["GET"]}}],"collection":[{"href":"https:\/\/newsinfoco.com.br\/inicio\/wp-json\/wp\/v2\/posts"}],"about":[{"href":"https:\/\/newsinfoco.com.br\/inicio\/wp-json\/wp\/v2\/types\/post"}],"author":[{"embeddable":true,"href":"https:\/\/newsinfoco.com.br\/inicio\/wp-json\/wp\/v2\/users\/1"}],"replies":[{"embeddable":true,"href":"https:\/\/newsinfoco.com.br\/inicio\/wp-json\/wp\/v2\/comments?post=48251"}],"version-history":[{"count":1,"href":"https:\/\/newsinfoco.com.br\/inicio\/wp-json\/wp\/v2\/posts\/48251\/revisions"}],"predecessor-version":[{"id":48253,"href":"https:\/\/newsinfoco.com.br\/inicio\/wp-json\/wp\/v2\/posts\/48251\/revisions\/48253"}],"wp:featuredmedia":[{"embeddable":true,"href":"https:\/\/newsinfoco.com.br\/inicio\/wp-json\/wp\/v2\/media\/48252"}],"wp:attachment":[{"href":"https:\/\/newsinfoco.com.br\/inicio\/wp-json\/wp\/v2\/media?parent=48251"}],"wp:term":[{"taxonomy":"category","embeddable":true,"href":"https:\/\/newsinfoco.com.br\/inicio\/wp-json\/wp\/v2\/categories?post=48251"},{"taxonomy":"post_tag","embeddable":true,"href":"https:\/\/newsinfoco.com.br\/inicio\/wp-json\/wp\/v2\/tags?post=48251"}],"curies":[{"name":"wp","href":"https:\/\/api.w.org\/{rel}","templated":true}]}}