{"id":48254,"date":"2025-12-06T13:50:47","date_gmt":"2025-12-06T16:50:47","guid":{"rendered":"https:\/\/newsinfoco.com.br\/inicio\/?p=48254"},"modified":"2025-12-06T13:50:47","modified_gmt":"2025-12-06T16:50:47","slug":"wagner-diz-que-indicacao-de-flavio-bolsonaro-pode-impactar-estrategia-da-oposicao-baiana","status":"publish","type":"post","link":"https:\/\/newsinfoco.com.br\/inicio\/wagner-diz-que-indicacao-de-flavio-bolsonaro-pode-impactar-estrategia-da-oposicao-baiana\/","title":{"rendered":"Wagner diz que indica\u00e7\u00e3o de Fl\u00e1vio Bolsonaro pode impactar estrat\u00e9gia da oposi\u00e7\u00e3o baiana"},"content":{"rendered":"<p>O senador<strong>\u00a0Jaques Wagner<\/strong>\u00a0(PT) avaliou neste s\u00e1bado (6) que a indica\u00e7\u00e3o do senador\u00a0<strong>Fl\u00e1vio Bolsonaro<\/strong>\u00a0(PL-RJ) para disputar a\u00a0<strong>Presid\u00eancia da Rep\u00fablica<\/strong>\u00a0em 2026 pode provocar rearranjos no campo oposicionista na Bahia. Segundo ele, o an\u00fancio cria incertezas sobre como advers\u00e1rios do governador Jer\u00f4nimo Rodrigues (PT) ir\u00e3o se posicionar no pr\u00f3ximo ciclo eleitoral.<\/p>\n<p>\u201cSobre a escolha de Fl\u00e1vio Bolsonaro, o impacto dele aqui na Bahia? Ent\u00e3o, eu acredito que ter\u00e1 impacto e ter\u00e1. Porque eu n\u00e3o sei muito bem como \u00e9 que os advers\u00e1rios de Jer\u00f4nimo, os nossos advers\u00e1rios v\u00e3o se comportar com essa indica\u00e7\u00e3o, precisa ver se ela vai ser mantida at\u00e9 o final\u201d, afirmou Wagner durante entrevista a r\u00e1dio Interativa FM, de Itabuna.<\/p><div class=\"newsi-conteudo_19\" id=\"newsi-4170762974\"><a href=\"https:\/\/www.instagram.com\/prefeituraalagoinhas?igsh=YzgzdDJ1bWR3aWI4\" aria-label=\"SAVE_20251006_221555\"><img loading=\"lazy\" decoding=\"async\" src=\"https:\/\/newsinfoco.com.br\/inicio\/wp-content\/uploads\/2025\/10\/SAVE_20251006_221555-rotated.jpg\" alt=\"\"  srcset=\"https:\/\/newsinfoco.com.br\/inicio\/wp-content\/uploads\/2025\/10\/SAVE_20251006_221555-rotated.jpg 1140w, https:\/\/newsinfoco.com.br\/inicio\/wp-content\/uploads\/2025\/10\/SAVE_20251006_221555-300x52.jpg 300w, https:\/\/newsinfoco.com.br\/inicio\/wp-content\/uploads\/2025\/10\/SAVE_20251006_221555-1024x177.jpg 1024w, https:\/\/newsinfoco.com.br\/inicio\/wp-content\/uploads\/2025\/10\/SAVE_20251006_221555-768x133.jpg 768w, https:\/\/newsinfoco.com.br\/inicio\/wp-content\/uploads\/2025\/10\/SAVE_20251006_221555-600x104.jpg 600w, https:\/\/newsinfoco.com.br\/inicio\/wp-content\/uploads\/2025\/10\/SAVE_20251006_221555-696x120.jpg 696w, https:\/\/newsinfoco.com.br\/inicio\/wp-content\/uploads\/2025\/10\/SAVE_20251006_221555-1068x185.jpg 1068w\" sizes=\"(max-width: 1140px) 100vw, 1140px\" width=\"1140\" height=\"197\"   \/><\/a><\/div>\n<p>O senador disse ainda que setores da oposi\u00e7\u00e3o baiana preferiam um nome<strong>\u00a0\u201cmais leve de conduzir\u201d<\/strong>, citando o governador de S\u00e3o Paulo como exemplo. \u201cEu sei que a torcida do grupo de oposi\u00e7\u00e3o daqui era por algum outro nome e talvez fosse o atual governador de S\u00e3o Paulo. Eles achavam mais leve de conduzir. Mas eu vou insistir, essa decis\u00e3o \u00e9 deles, vamos ver como \u00e9 que eles reagem a decis\u00e3o, eu prefiro n\u00e3o me antecipar e responder por ele.\u201d<\/p>\n<p>Wagner afirmou que, enquanto observa os movimentos da oposi\u00e7\u00e3o, seu foco est\u00e1 em organizar o bloco governista para 2026, alinhado com o presidente Luiz In\u00e1cio Lula da Silva (PT) e com Jer\u00f4nimo Rodrigues, que tentar\u00e1 a reelei\u00e7\u00e3o. \u201cEu estou preocupado em montar o time do lado de c\u00e1, com o presidente Lula e o governador Jer\u00f4nimo Rodrigues, candidatos \u00e0 reelei\u00e7\u00e3o. Estaremos preparados para jogar com quem quer que seja em 2026.\u201d<\/p>\n<p><strong>Indica\u00e7\u00e3o de Fl\u00e1vio ao Planalto<\/strong><\/p>\n<p>Na sexta-feita (5), Fl\u00e1vio Bolsonaro\u00a0<a href=\"https:\/\/bahia.ba\/politica\/flavio-bolsonaro-confirma-candidatura-ao-planalto-e-diz-assumir-missao-dada-pelo-pai\/\" target=\"_blank\" rel=\"noopener noreferrer\">confirmou publicamente sua candidatura ao Planalto<\/a>. Em v\u00eddeo divulgado nas redes sociais, o parlamentar disse ter recebido do pai, o ex-presidente Jair Bolsonaro (PL), a \u201cmiss\u00e3o\u201d de dar continuidade ao projeto pol\u00edtico do bolsonarismo.<\/p>\n<div>\n<div class=\"trv-player-container\">\n<div class=\"trv-wrapper\">\n<div id=\"br_video_player_87457c4ae2134a46e095ea147751da9dc3c659f9\" class=\"trvd_video_player trvdinstream\">\n<div class=\"media-player\">\n<div class=\"trv-video\">\n<div id=\"truvid_ima_container21556\" class=\"truvid_ima_container\">\n<div class=\"trv-player-container\">\n<div class=\"trv-wrapper\">\n<div id=\"br_video_player_87457c4ae2134a46e095ea147751da9dc3c659f9\" class=\"trvd_video_player trvdinstream\">\n<div class=\"media-player\">\n<div class=\"trv-video\">\n<div id=\"truvid_ima_container21556\" class=\"truvid_ima_container\">\n<div class=\"trv-player-container\">\n<div class=\"trv-wrapper\">\n<div id=\"br_video_player_87457c4ae2134a46e095ea147751da9dc3c659f9\" class=\"trvd_video_player trvdinstream\">\n<div class=\"media-player\">\n<div class=\"trv-video\">\n<div id=\"truvid_ima_container21556\" class=\"truvid_ima_container\">\n<div class=\"trv-player-container\">\n<div class=\"trv-wrapper\">\n<div id=\"br_video_player_87457c4ae2134a46e095ea147751da9dc3c659f9\" class=\"trvd_video_player trvdinstream\">\n<div class=\"media-player\">\n<div class=\"trv-video\">\n<div id=\"truvid_ima_container21556\" class=\"truvid_ima_container\">\n<div class=\"trv-player-container\">\n<div class=\"trv-wrapper\">\n<div id=\"br_video_player_87457c4ae2134a46e095ea147751da9dc3c659f9\" class=\"trvd_video_player trvdinstream\">\n<div class=\"media-player\">\n<div class=\"trv-video\">\n<div id=\"truvid_ima_container21556\" class=\"truvid_ima_container\">\n<div class=\"trv-player-container\">\n<div class=\"trv-wrapper\">\n<div id=\"br_video_player_87457c4ae2134a46e095ea147751da9dc3c659f9\" class=\"trvd_video_player trvdinstream\">\n<div class=\"media-player\">\n<div class=\"trv-video\">\n<div id=\"truvid_ima_container21556\" class=\"truvid_ima_container\">\n<div class=\"trv-player-container\">\n<div class=\"trv-wrapper\">\n<div id=\"br_video_player_87457c4ae2134a46e095ea147751da9dc3c659f9\" class=\"trvd_video_player trvdinstream\">\n<div class=\"media-player\">\n<div class=\"trv-video\">\n<div id=\"truvid_ima_container21556\" class=\"truvid_ima_container\">\n<div class=\"conteudo_post\">\n<p>\u201c\u00c9 com grande responsabilidade que confirmo a decis\u00e3o da maior lideran\u00e7a pol\u00edtica e moral do Brasil, Jair Messias Bolsonaro, de me conferir a miss\u00e3o de dar continuidade ao nosso projeto de na\u00e7\u00e3o\u201d, afirmou o senador, encerrando meses de especula\u00e7\u00e3o interna no PL.<\/p>\n<p>\u201c\u00c9 com grande responsabilidade que confirmo a decis\u00e3o da maior lideran\u00e7a pol\u00edtica e moral do Brasil, Jair Messias Bolsonaro, de me conferir a miss\u00e3o de dar continuidade ao nosso projeto de na\u00e7\u00e3o\u201d, afirmou o senador, encerrando meses de especula\u00e7\u00e3o interna no PL.<\/p>\n<\/div>\n<div id=\"author-info\" class=\"ui items\">\n<div class=\"item\">\n<div class=\"conteudo_post\">\n<p>Bahia.Ba<\/p>\n<\/div>\n<div id=\"author-info\" class=\"ui items\">\n<div class=\"item\"><\/div>\n<\/div>\n<\/div>\n<\/div>\n<\/div>\n<\/div>\n<\/div>\n<\/div>\n<\/div>\n<\/div>\n<\/div>\n<\/div>\n<\/div>\n<\/div>\n<\/div>\n<\/div>\n<\/div>\n<\/div>\n<\/div>\n<\/div>\n<\/div>\n<\/div>\n<\/div>\n<\/div>\n<\/div>\n<\/div>\n<\/div>\n<\/div>\n<\/div>\n<\/div>\n<\/div>\n<\/div>\n<\/div>\n<\/div>\n<\/div>\n<\/div>\n<\/div>\n<\/div>\n<\/div>\n<\/div>\n<\/div>\n<\/div>\n<\/div>\n<\/div>\n<\/div>\n<\/div>\n<\/div>\n<div class='share-to-whatsapp-wrapper'><div class='share-on-whsp'>Share on: <\/div><a data-text='Wagner diz que indica\u00e7\u00e3o de Fl\u00e1vio Bolsonaro pode impactar estrat\u00e9gia da oposi\u00e7\u00e3o baiana' data-link='https:\/\/newsinfoco.com.br\/inicio\/wagner-diz-que-indicacao-de-flavio-bolsonaro-pode-impactar-estrategia-da-oposicao-baiana\/' class='whatsapp-button whatsapp-share'>WhatsApp<\/a><div class='clear '><\/div><\/div>","protected":false},"excerpt":{"rendered":"<p>O senador\u00a0Jaques Wagner\u00a0(PT) avaliou neste s\u00e1bado (6) que a indica\u00e7\u00e3o do senador\u00a0Fl\u00e1vio Bolsonaro\u00a0(PL-RJ) para disputar a\u00a0Presid\u00eancia da Rep\u00fablica\u00a0em 2026 pode provocar rearranjos no campo oposicionista na Bahia. Segundo ele, o an\u00fancio cria incertezas sobre como advers\u00e1rios do governador Jer\u00f4nimo Rodrigues (PT) ir\u00e3o se posicionar no pr\u00f3ximo ciclo eleitoral. \u201cSobre a escolha de Fl\u00e1vio Bolsonaro, o [&hellip;]<\/p>\n","protected":false},"author":1,"featured_media":48255,"comment_status":"closed","ping_status":"closed","sticky":false,"template":"","format":"standard","meta":{"om_disable_all_campaigns":false,"_exactmetrics_skip_tracking":false,"_exactmetrics_sitenote_active":false,"_exactmetrics_sitenote_note":"","_exactmetrics_sitenote_category":0,"footnotes":""},"categories":[19],"tags":[],"class_list":["post-48254","post","type-post","status-publish","format-standard","has-post-thumbnail","hentry","category-bahia"],"aioseo_notices":[],"_links":{"self":[{"href":"https:\/\/newsinfoco.com.br\/inicio\/wp-json\/wp\/v2\/posts\/48254","targetHints":{"allow":["GET"]}}],"collection":[{"href":"https:\/\/newsinfoco.com.br\/inicio\/wp-json\/wp\/v2\/posts"}],"about":[{"href":"https:\/\/newsinfoco.com.br\/inicio\/wp-json\/wp\/v2\/types\/post"}],"author":[{"embeddable":true,"href":"https:\/\/newsinfoco.com.br\/inicio\/wp-json\/wp\/v2\/users\/1"}],"replies":[{"embeddable":true,"href":"https:\/\/newsinfoco.com.br\/inicio\/wp-json\/wp\/v2\/comments?post=48254"}],"version-history":[{"count":1,"href":"https:\/\/newsinfoco.com.br\/inicio\/wp-json\/wp\/v2\/posts\/48254\/revisions"}],"predecessor-version":[{"id":48256,"href":"https:\/\/newsinfoco.com.br\/inicio\/wp-json\/wp\/v2\/posts\/48254\/revisions\/48256"}],"wp:featuredmedia":[{"embeddable":true,"href":"https:\/\/newsinfoco.com.br\/inicio\/wp-json\/wp\/v2\/media\/48255"}],"wp:attachment":[{"href":"https:\/\/newsinfoco.com.br\/inicio\/wp-json\/wp\/v2\/media?parent=48254"}],"wp:term":[{"taxonomy":"category","embeddable":true,"href":"https:\/\/newsinfoco.com.br\/inicio\/wp-json\/wp\/v2\/categories?post=48254"},{"taxonomy":"post_tag","embeddable":true,"href":"https:\/\/newsinfoco.com.br\/inicio\/wp-json\/wp\/v2\/tags?post=48254"}],"curies":[{"name":"wp","href":"https:\/\/api.w.org\/{rel}","templated":true}]}}