{"id":48257,"date":"2025-12-06T13:59:34","date_gmt":"2025-12-06T16:59:34","guid":{"rendered":"https:\/\/newsinfoco.com.br\/inicio\/?p=48257"},"modified":"2025-12-06T13:59:34","modified_gmt":"2025-12-06T16:59:34","slug":"relacao-com-pl-na-bahia-avanca-e-nao-muda-com-flavio-bolsonaro-para-presidencia-diz-neto","status":"publish","type":"post","link":"https:\/\/newsinfoco.com.br\/inicio\/relacao-com-pl-na-bahia-avanca-e-nao-muda-com-flavio-bolsonaro-para-presidencia-diz-neto\/","title":{"rendered":"Rela\u00e7\u00e3o com PL na Bahia avan\u00e7a e n\u00e3o muda com Fl\u00e1vio Bolsonaro para presid\u00eancia, diz Neto"},"content":{"rendered":"<p>O vice-presidente nacional do Uni\u00e3o Brasil e pr\u00e9-candidato ao governo da Bahia em 2026, ACM Neto, reiterou seu apoio \u00e0 pr\u00e9-candidatura presidencial do correligion\u00e1rio e governador de Goi\u00e1s, Ronaldo Caiado, em detrimento da recente escolha de\u00a0<a href=\"https:\/\/bahia.ba\/politica\/bolsonaro-escolhe-flavio-como-seu-candidato-a-presidencia-da-republica\/\" target=\"_blank\" rel=\"noopener noreferrer\">Fl\u00e1vio Bolsonaro (PL) como nome do Partido Liberal para a disputa pelo Pal\u00e1cio do Planalto<\/a>.<\/p>\n<p>Em entrevista ao\u00a0<a href=\"https:\/\/bahia.ba\/\" target=\"_blank\" rel=\"noopener noreferrer\"><b>bahia.ba<\/b><\/a>\u00a0neste s\u00e1bado (6), Neto afirmou que a decis\u00e3o do PL \u00e9 um direito do partido, mas n\u00e3o altera os planos do Uni\u00e3o Brasil. \u201cO PL tem todo o direito de apresentar o nome do senador Fl\u00e1vio Bolsonaro, \u00e9 uma op\u00e7\u00e3o do partido. No nosso caso, o Uni\u00e3o Brasil tem o nome do governador Ronaldo Caiado, que foi inclusive\u00a0<a href=\"https:\/\/bahia.ba\/politica\/caiado-explica-escolha-da-bahia-para-lancar-pre-candidatura-e-a-mae-do-brasil\/\" target=\"_blank\" rel=\"noopener noreferrer\">lan\u00e7ado aqui em Salvador<\/a>\u00a0no come\u00e7o do ano\u201d, disse Neto.<\/p><div class=\"newsi-conteudo_19\" id=\"newsi-3549760030\"><a href=\"https:\/\/www.instagram.com\/prefeituraalagoinhas?igsh=YzgzdDJ1bWR3aWI4\" aria-label=\"SAVE_20251006_221555\"><img loading=\"lazy\" decoding=\"async\" src=\"https:\/\/newsinfoco.com.br\/inicio\/wp-content\/uploads\/2025\/10\/SAVE_20251006_221555-rotated.jpg\" alt=\"\"  srcset=\"https:\/\/newsinfoco.com.br\/inicio\/wp-content\/uploads\/2025\/10\/SAVE_20251006_221555-rotated.jpg 1140w, https:\/\/newsinfoco.com.br\/inicio\/wp-content\/uploads\/2025\/10\/SAVE_20251006_221555-300x52.jpg 300w, https:\/\/newsinfoco.com.br\/inicio\/wp-content\/uploads\/2025\/10\/SAVE_20251006_221555-1024x177.jpg 1024w, https:\/\/newsinfoco.com.br\/inicio\/wp-content\/uploads\/2025\/10\/SAVE_20251006_221555-768x133.jpg 768w, https:\/\/newsinfoco.com.br\/inicio\/wp-content\/uploads\/2025\/10\/SAVE_20251006_221555-600x104.jpg 600w, https:\/\/newsinfoco.com.br\/inicio\/wp-content\/uploads\/2025\/10\/SAVE_20251006_221555-696x120.jpg 696w, https:\/\/newsinfoco.com.br\/inicio\/wp-content\/uploads\/2025\/10\/SAVE_20251006_221555-1068x185.jpg 1068w\" sizes=\"(max-width: 1140px) 100vw, 1140px\" width=\"1140\" height=\"197\"   \/><\/a><\/div>\n<p>O ex-prefeito de Salvador garantiu que o\u00a0<a href=\"https:\/\/bahia.ba\/politica\/apos-bolsonaro-lancar-flavio-acm-neto-reforca-apoio-a-caiado-para-2026\/\" target=\"_blank\" rel=\"noopener noreferrer\">Uni\u00e3o Brasil continuar\u00e1 \u201cfirme\u201d em torno da pr\u00e9-candidatura de Caiado<\/a>, mantendo-se aberto ao di\u00e1logo com as for\u00e7as pol\u00edticas que v\u00e3o do centro at\u00e9 a direita, buscando uma concerta\u00e7\u00e3o nacional para as elei\u00e7\u00f5es do pr\u00f3ximo ano.<\/p>\n<p>Neto fez quest\u00e3o de minimizar qualquer impacto da escolha de Fl\u00e1vio na rela\u00e7\u00e3o do Uni\u00e3o Brasil com o PL na Bahia, que tem o ex-ministro Jo\u00e3o Roma como presidente estadual. Segundo o l\u00edder do Uni\u00e3o Brasil, a conversa com o PL na esfera estadual \u201cavan\u00e7a\u201d de forma natural e \u00e9 uma constru\u00e7\u00e3o que se d\u00e1 \u201cde baixo para cima\u201d.<\/p>\n<div>\n<div>\n<div class=\"trv-player-container\">\n<div class=\"trv-wrapper\">\n<div id=\"br_video_player_db3e90fa5ba47356e603ea147751da9dc3c659f9\" class=\"trvd_video_player trvdinstream\">\n<div class=\"media-player\">\n<div class=\"trv-video\">\n<div id=\"truvid_ima_container75074\" class=\"truvid_ima_container trv-ima-container-hidden\">\n<div>\n<div class=\"conteudo_post\">\n<p>\u201cAqui n\u00e3o muda nada, nossa conversa avan\u00e7a com o PL, \u00e9 uma conversa natural, de baixo para cima, que n\u00e3o passa por outras quest\u00f5es que n\u00e3o seja o interesse comum de mudar o estado a partir do pr\u00f3ximo ano\u201d, declarou Neto, indicando que o foco da alian\u00e7a na Bahia se concentra no objetivo de vencer a elei\u00e7\u00e3o estadual. O pr\u00e9-candidato defende a necessidade de entendimento e alian\u00e7a contra o PT, o que considera essencial para o futuro dos baianos.<\/p>\n<p>A declara\u00e7\u00e3o foi feita por ACM Neto durante a inaugura\u00e7\u00e3o da Nova Orla de Pitua\u00e7u, neste s\u00e1bado (6), evento da prefeitura de Salvador com a presen\u00e7a do prefeito Bruno Reis (Uni\u00e3o Brasil) e diversas autoridades.<\/p>\n<\/div>\n<div id=\"author-info\" class=\"ui items\">\n<div class=\"item\">\n<div class=\"conteudo_post\"><\/div>\n<div id=\"author-info\" class=\"ui items\">\n<div class=\"item\">Bahia.Ba<\/div>\n<\/div>\n<\/div>\n<\/div>\n<\/div>\n<\/div>\n<\/div>\n<\/div>\n<\/div>\n<\/div>\n<\/div>\n<\/div>\n<\/div>\n<div class='share-to-whatsapp-wrapper'><div class='share-on-whsp'>Share on: <\/div><a data-text='Rela\u00e7\u00e3o com PL na Bahia avan\u00e7a e n\u00e3o muda com Fl\u00e1vio Bolsonaro para presid\u00eancia, diz Neto' data-link='https:\/\/newsinfoco.com.br\/inicio\/relacao-com-pl-na-bahia-avanca-e-nao-muda-com-flavio-bolsonaro-para-presidencia-diz-neto\/' class='whatsapp-button whatsapp-share'>WhatsApp<\/a><div class='clear '><\/div><\/div>","protected":false},"excerpt":{"rendered":"<p>O vice-presidente nacional do Uni\u00e3o Brasil e pr\u00e9-candidato ao governo da Bahia em 2026, ACM Neto, reiterou seu apoio \u00e0 pr\u00e9-candidatura presidencial do correligion\u00e1rio e governador de Goi\u00e1s, Ronaldo Caiado, em detrimento da recente escolha de\u00a0Fl\u00e1vio Bolsonaro (PL) como nome do Partido Liberal para a disputa pelo Pal\u00e1cio do Planalto. Em entrevista ao\u00a0bahia.ba\u00a0neste s\u00e1bado (6), [&hellip;]<\/p>\n","protected":false},"author":1,"featured_media":48258,"comment_status":"closed","ping_status":"closed","sticky":false,"template":"","format":"standard","meta":{"om_disable_all_campaigns":false,"_exactmetrics_skip_tracking":false,"_exactmetrics_sitenote_active":false,"_exactmetrics_sitenote_note":"","_exactmetrics_sitenote_category":0,"footnotes":""},"categories":[19],"tags":[],"class_list":["post-48257","post","type-post","status-publish","format-standard","has-post-thumbnail","hentry","category-bahia"],"aioseo_notices":[],"_links":{"self":[{"href":"https:\/\/newsinfoco.com.br\/inicio\/wp-json\/wp\/v2\/posts\/48257","targetHints":{"allow":["GET"]}}],"collection":[{"href":"https:\/\/newsinfoco.com.br\/inicio\/wp-json\/wp\/v2\/posts"}],"about":[{"href":"https:\/\/newsinfoco.com.br\/inicio\/wp-json\/wp\/v2\/types\/post"}],"author":[{"embeddable":true,"href":"https:\/\/newsinfoco.com.br\/inicio\/wp-json\/wp\/v2\/users\/1"}],"replies":[{"embeddable":true,"href":"https:\/\/newsinfoco.com.br\/inicio\/wp-json\/wp\/v2\/comments?post=48257"}],"version-history":[{"count":1,"href":"https:\/\/newsinfoco.com.br\/inicio\/wp-json\/wp\/v2\/posts\/48257\/revisions"}],"predecessor-version":[{"id":48259,"href":"https:\/\/newsinfoco.com.br\/inicio\/wp-json\/wp\/v2\/posts\/48257\/revisions\/48259"}],"wp:featuredmedia":[{"embeddable":true,"href":"https:\/\/newsinfoco.com.br\/inicio\/wp-json\/wp\/v2\/media\/48258"}],"wp:attachment":[{"href":"https:\/\/newsinfoco.com.br\/inicio\/wp-json\/wp\/v2\/media?parent=48257"}],"wp:term":[{"taxonomy":"category","embeddable":true,"href":"https:\/\/newsinfoco.com.br\/inicio\/wp-json\/wp\/v2\/categories?post=48257"},{"taxonomy":"post_tag","embeddable":true,"href":"https:\/\/newsinfoco.com.br\/inicio\/wp-json\/wp\/v2\/tags?post=48257"}],"curies":[{"name":"wp","href":"https:\/\/api.w.org\/{rel}","templated":true}]}}