{"id":4826,"date":"2018-06-05T19:13:49","date_gmt":"2018-06-05T22:13:49","guid":{"rendered":"http:\/\/newsinfoco.com.br\/?p=4826"},"modified":"2018-06-05T19:13:49","modified_gmt":"2018-06-05T22:13:49","slug":"cras-nova-brasilia-realiza-atividades-socioeducativas-e-ensaios-para-festejos-juninos-confira-programacao","status":"publish","type":"post","link":"https:\/\/newsinfoco.com.br\/inicio\/cras-nova-brasilia-realiza-atividades-socioeducativas-e-ensaios-para-festejos-juninos-confira-programacao\/","title":{"rendered":"CRAS Nova Bras\u00edlia realiza atividades socioeducativas e ensaios para festejos juninos; confira programa\u00e7\u00e3o"},"content":{"rendered":"<p style=\"text-align: justify;\"><span style=\"color: #000000;\">A Prefeitura de Alagoinhas, atrav\u00e9s da Secretaria Municipal de Assist\u00eancia Social (SEMAS), divulgou, nesta ter\u00e7a-feira (5), a programa\u00e7\u00e3o de atividades desta semana do Centro de Refer\u00eancia de Assist\u00eancia Social (CRAS) de Nova Bras\u00edlia.<\/span><\/p>\n<p style=\"text-align: justify;\"><span style=\"color: #000000;\">Com inten\u00e7\u00e3o de integrar os jovens em atividades socioeducativas, atrav\u00e9s do PAIF e SCFV, em especial, nesta semana, ser\u00e3o realizadas algumas atividades com o objetivo de prevenir os riscos sociais, ocasionado pelo trabalho infantil.<\/span><\/p><div class=\"newsi-conteudo_19\" id=\"newsi-1066809338\"><a href=\"https:\/\/www.instagram.com\/prefeituraalagoinhas?igsh=YzgzdDJ1bWR3aWI4\" aria-label=\"SAVE_20251006_221555\"><img loading=\"lazy\" decoding=\"async\" src=\"https:\/\/newsinfoco.com.br\/inicio\/wp-content\/uploads\/2025\/10\/SAVE_20251006_221555-rotated.jpg\" alt=\"\"  srcset=\"https:\/\/newsinfoco.com.br\/inicio\/wp-content\/uploads\/2025\/10\/SAVE_20251006_221555-rotated.jpg 1140w, https:\/\/newsinfoco.com.br\/inicio\/wp-content\/uploads\/2025\/10\/SAVE_20251006_221555-300x52.jpg 300w, https:\/\/newsinfoco.com.br\/inicio\/wp-content\/uploads\/2025\/10\/SAVE_20251006_221555-1024x177.jpg 1024w, https:\/\/newsinfoco.com.br\/inicio\/wp-content\/uploads\/2025\/10\/SAVE_20251006_221555-768x133.jpg 768w, https:\/\/newsinfoco.com.br\/inicio\/wp-content\/uploads\/2025\/10\/SAVE_20251006_221555-600x104.jpg 600w, https:\/\/newsinfoco.com.br\/inicio\/wp-content\/uploads\/2025\/10\/SAVE_20251006_221555-696x120.jpg 696w, https:\/\/newsinfoco.com.br\/inicio\/wp-content\/uploads\/2025\/10\/SAVE_20251006_221555-1068x185.jpg 1068w\" sizes=\"(max-width: 1140px) 100vw, 1140px\" width=\"1140\" height=\"197\"   \/><\/a><\/div>\n<p style=\"text-align: justify;\">\n<p style=\"text-align: justify;\"><span style=\"color: #000000;\"><strong>CONFIRA PROGRAMA\u00c7\u00c3O:<\/strong><\/span><\/p>\n<p style=\"text-align: justify;\">\n<p style=\"text-align: justify;\"><span style=\"color: #000000;\"><strong>Quarta-feira 06\/06:\u00a0<\/strong><\/span><\/p>\n<p style=\"text-align: justify;\"><span style=\"color: #000000;\">Oficina de dan\u00e7a;<\/span><\/p>\n<p style=\"text-align: justify;\"><span style=\"color: #000000;\">Encontro coletivo do Grupo de Homens do PAIF com Tema \u201cCarinho sim, abuso n\u00e3o\u201d, nele ser\u00e1 refor\u00e7ado a import\u00e2ncia do carinho na forma\u00e7\u00e3o da crian\u00e7a, de modo a o distinguir atos criminosos de abuso sexual infantil.<\/span><\/p>\n<p style=\"text-align: justify;\">\n<p style=\"text-align: justify;\"><span style=\"color: #000000;\"><strong>Quinta-feira 07\/06:<\/strong><\/span><\/p>\n<p style=\"text-align: justify;\"><span style=\"color: #000000;\">SCFV \u2013 Grupo de Mulheres (Conversas consentidas sobre o Trabalho Infantil com Grupo dos\/das Benefici\u00e1rias do PBF \u2013 Parceria AEPETI \u2013 ACESSUAS).<\/span><\/p>\n<p style=\"text-align: justify;\">\n<p style=\"text-align: justify;\"><span style=\"color: #000000;\"><strong>Sexta-feira 08\/06:<\/strong><\/span><\/p>\n<p style=\"text-align: justify;\"><span style=\"color: #000000;\">SCFV \u2013 Grupo de Crian\u00e7as 9 a 11 anos (Apresenta\u00e7\u00e3o das consequ\u00eancias que o trabalho infantil gera nas crian\u00e7as);<\/span><\/p>\n<p style=\"text-align: justify;\"><span style=\"color: #000000;\">Oficina de dan\u00e7a;<\/span><\/p>\n<p style=\"text-align: justify;\"><span style=\"color: #000000;\">Conversas Consentidas na Baixa da Candeia: \u201cTrabalho Infantil\u201d em Parceria com AEPETI.<\/span><\/p>\n<h6 style=\"text-align: right;\"><span style=\"color: #999999;\">Fonte: SECOM SEMAS Prefeitura<\/span><\/h6>\n<div style=\"text-align: justify;\" align=\"right\"><\/div>\n<div class='share-to-whatsapp-wrapper'><div class='share-on-whsp'>Share on: <\/div><a data-text='CRAS Nova Bras\u00edlia realiza atividades socioeducativas e ensaios para festejos juninos; confira programa\u00e7\u00e3o' data-link='https:\/\/newsinfoco.com.br\/inicio\/cras-nova-brasilia-realiza-atividades-socioeducativas-e-ensaios-para-festejos-juninos-confira-programacao\/' class='whatsapp-button whatsapp-share'>WhatsApp<\/a><div class='clear '><\/div><\/div>","protected":false},"excerpt":{"rendered":"<p>A Prefeitura de Alagoinhas, atrav\u00e9s da Secretaria Municipal de Assist\u00eancia Social (SEMAS), divulgou, nesta ter\u00e7a-feira (5), a programa\u00e7\u00e3o de atividades desta semana do Centro de Refer\u00eancia de Assist\u00eancia Social (CRAS) de Nova Bras\u00edlia. Com inten\u00e7\u00e3o de integrar os jovens em atividades socioeducativas, atrav\u00e9s do PAIF e SCFV, em especial, nesta semana, ser\u00e3o realizadas algumas atividades [&hellip;]<\/p>\n","protected":false},"author":1,"featured_media":294,"comment_status":"open","ping_status":"open","sticky":false,"template":"","format":"standard","meta":{"om_disable_all_campaigns":false,"_exactmetrics_skip_tracking":false,"_exactmetrics_sitenote_active":false,"_exactmetrics_sitenote_note":"","_exactmetrics_sitenote_category":0,"footnotes":""},"categories":[38,30],"tags":[53,54,120],"class_list":["post-4826","post","type-post","status-publish","format-standard","has-post-thumbnail","hentry","category-alagoinhas-e-regiao","category-destaque","tag-alagoinhas","tag-prefeitura","tag-secom-semas"],"aioseo_notices":[],"_links":{"self":[{"href":"https:\/\/newsinfoco.com.br\/inicio\/wp-json\/wp\/v2\/posts\/4826","targetHints":{"allow":["GET"]}}],"collection":[{"href":"https:\/\/newsinfoco.com.br\/inicio\/wp-json\/wp\/v2\/posts"}],"about":[{"href":"https:\/\/newsinfoco.com.br\/inicio\/wp-json\/wp\/v2\/types\/post"}],"author":[{"embeddable":true,"href":"https:\/\/newsinfoco.com.br\/inicio\/wp-json\/wp\/v2\/users\/1"}],"replies":[{"embeddable":true,"href":"https:\/\/newsinfoco.com.br\/inicio\/wp-json\/wp\/v2\/comments?post=4826"}],"version-history":[{"count":0,"href":"https:\/\/newsinfoco.com.br\/inicio\/wp-json\/wp\/v2\/posts\/4826\/revisions"}],"wp:featuredmedia":[{"embeddable":true,"href":"https:\/\/newsinfoco.com.br\/inicio\/wp-json\/wp\/v2\/media\/294"}],"wp:attachment":[{"href":"https:\/\/newsinfoco.com.br\/inicio\/wp-json\/wp\/v2\/media?parent=4826"}],"wp:term":[{"taxonomy":"category","embeddable":true,"href":"https:\/\/newsinfoco.com.br\/inicio\/wp-json\/wp\/v2\/categories?post=4826"},{"taxonomy":"post_tag","embeddable":true,"href":"https:\/\/newsinfoco.com.br\/inicio\/wp-json\/wp\/v2\/tags?post=4826"}],"curies":[{"name":"wp","href":"https:\/\/api.w.org\/{rel}","templated":true}]}}