{"id":48260,"date":"2025-12-06T14:07:44","date_gmt":"2025-12-06T17:07:44","guid":{"rendered":"https:\/\/newsinfoco.com.br\/inicio\/?p=48260"},"modified":"2025-12-06T14:07:44","modified_gmt":"2025-12-06T17:07:44","slug":"inmet-emite-alerta-de-chuvas-fortes-na-bahia-veja-cidades-com-maior-risco-de-alagamento","status":"publish","type":"post","link":"https:\/\/newsinfoco.com.br\/inicio\/inmet-emite-alerta-de-chuvas-fortes-na-bahia-veja-cidades-com-maior-risco-de-alagamento\/","title":{"rendered":"Inmet emite alerta de chuvas fortes na Bahia; veja cidades com maior risco de alagamento"},"content":{"rendered":"<p>Mais de\u00a0<b>200 munic\u00edpios baianos<\/b>\u00a0est\u00e3o sob aviso de chuvas intensas, classificados com alertas\u00a0<b>laranja<\/b>, de perigo, ou\u00a0<b>amarelo<\/b>, de perigo potencial, pelo Instituto Nacional de Meteorologia (Inmet) neste fim de semana.<\/p>\n<p>As regi\u00f5es\u00a0<b>Oeste<\/b>\u00a0e do\u00a0<b>Extremo Sul<\/b>\u00a0do estado s\u00e3o as mais afetadas, com previs\u00e3o de acumulados que variam entre\u00a0<b>30 e 60 mm por dia<\/b>\u00a0at\u00e9 este domingo (7). A capital,\u00a0<b>Salvador<\/b>, n\u00e3o consta em nenhuma das listas de alerta.<\/p><div class=\"newsi-conteudo_19\" id=\"newsi-1083274562\"><a href=\"https:\/\/www.instagram.com\/prefeituraalagoinhas?igsh=YzgzdDJ1bWR3aWI4\" aria-label=\"SAVE_20251006_221555\"><img loading=\"lazy\" decoding=\"async\" src=\"https:\/\/newsinfoco.com.br\/inicio\/wp-content\/uploads\/2025\/10\/SAVE_20251006_221555-rotated.jpg\" alt=\"\"  srcset=\"https:\/\/newsinfoco.com.br\/inicio\/wp-content\/uploads\/2025\/10\/SAVE_20251006_221555-rotated.jpg 1140w, https:\/\/newsinfoco.com.br\/inicio\/wp-content\/uploads\/2025\/10\/SAVE_20251006_221555-300x52.jpg 300w, https:\/\/newsinfoco.com.br\/inicio\/wp-content\/uploads\/2025\/10\/SAVE_20251006_221555-1024x177.jpg 1024w, https:\/\/newsinfoco.com.br\/inicio\/wp-content\/uploads\/2025\/10\/SAVE_20251006_221555-768x133.jpg 768w, https:\/\/newsinfoco.com.br\/inicio\/wp-content\/uploads\/2025\/10\/SAVE_20251006_221555-600x104.jpg 600w, https:\/\/newsinfoco.com.br\/inicio\/wp-content\/uploads\/2025\/10\/SAVE_20251006_221555-696x120.jpg 696w, https:\/\/newsinfoco.com.br\/inicio\/wp-content\/uploads\/2025\/10\/SAVE_20251006_221555-1068x185.jpg 1068w\" sizes=\"(max-width: 1140px) 100vw, 1140px\" width=\"1140\" height=\"197\"   \/><\/a><\/div>\n<p>O cen\u00e1rio mais cr\u00edtico de risco de alagamentos e danos j\u00e1 se manifesta no Sul da Bahia.<\/p>\n<p>Na cidade de\u00a0<b>Pau Brasil<\/b>, o n\u00edvel do rio \u00c1gua Preta subiu cerca de\u00a0<b>seis metros<\/b>\u00a0entre quinta (4) e sexta-feira (5) devido \u00e0s precipita\u00e7\u00f5es. A Defesa Civil local informou que o aumento do volume de \u00e1gua atingiu aproximadamente\u00a0<b>600 im\u00f3veis<\/b>, for\u00e7ando\u00a0<b>52 fam\u00edlias<\/b>\u00a0residentes nas proximidades do rio a deixarem suas casas.<\/p>\n<p><b>O alerta laranja\u00a0<\/b>abrange\u00a0<b>144 cidades<\/b>, com previs\u00e3o de chuvas de\u00a0<b>30 a 60 mm\/dia<\/b>. H\u00e1 risco de corte de energia el\u00e9trica, queda de galhos,\u00a0<b>alagamentos<\/b>\u00a0e descargas el\u00e9tricas.<\/p>\n<p><b>O alerta amarelo i<\/b>nclui\u00a0<b>266 cidades<\/b>, com chuvas esperadas entre\u00a0<b>20 e 30 mm\/dia<\/b>. O risco de incidentes como corte de energia, queda de galhos e alagamentos \u00e9 considerado\u00a0<b>baixo<\/b>.<\/p>\n<p>Entre as cidades com alertas de fortes chuvas est\u00e3o munic\u00edpios estrat\u00e9gicos do interior, como\u00a0<b>Vit\u00f3ria da Conquista, Itabuna, Ilh\u00e9us, Jequi\u00e9, Lu\u00eds Eduardo Magalh\u00e3es e Barreiras<\/b>.<\/p>\n<p><b>Veja as cidades com alerta laranja:<\/b><\/p>\n<p>Aba\u00edra<\/p>\n<p>Aiquara<\/p>\n<p>Almadina<\/p>\n<p>Anag\u00e9<\/p>\n<p>Andara\u00ed<\/p>\n<p>Angical<\/p>\n<p>Aracatu<\/p>\n<p>Arataca<\/p>\n<p>Aurelino Leal<\/p>\n<p>Baian\u00f3polis<\/p>\n<p>Barra<\/p>\n<p>Barra da Estiva<\/p>\n<p>Barra do Cho\u00e7a<\/p>\n<p>Barra do Mendes<\/p>\n<p>Barreiras<\/p>\n<p>Barro Preto<\/p>\n<p>Belo Campo<\/p>\n<p>Boa Nova<\/p>\n<p>Bom Jesus da Lapa<\/p>\n<p>Bom Jesus da Serra<\/p>\n<p>Boninal<\/p>\n<p>Boquira<\/p>\n<p>Botupor\u00e3<\/p>\n<p>Brejol\u00e2ndia<\/p>\n<p>Brotas de Maca\u00fabas<\/p>\n<p>Brumado<\/p>\n<p>Buerarema<\/p>\n<p>Buritirama<\/p>\n<p>Caatiba<\/p>\n<p>Cacul\u00e9<\/p>\n<p>Caetanos<\/p>\n<p>Caetit\u00e9<\/p>\n<p>Camacan<\/p>\n<p>Can\u00e1polis<\/p>\n<p>Candiba<\/p>\n<p>Cara\u00edbas<\/p>\n<p>Carinhanha<\/p>\n<p>Catol\u00e2ndia<\/p>\n<p>Caturama<\/p>\n<p>Coaraci<\/p>\n<p>Cocos<\/p>\n<p>Contendas do Sincor\u00e1<\/p>\n<p>Coribe<\/p>\n<p>Correntina<\/p>\n<p>Cotegipe<\/p>\n<p>Crist\u00f3polis<\/p>\n<p>D\u00e1rio Meira<\/p>\n<p>Dom Bas\u00edlio<\/p>\n<p>\u00c9rico Cardoso<\/p>\n<p>Feira da Mata<\/p>\n<p>Firmino Alves<\/p>\n<p>Floresta Azul<\/p>\n<p>Formosa do Rio Preto<\/p>\n<p>Gentio do Ouro<\/p>\n<p>Gongogi<\/p>\n<p>Guajeru<\/p>\n<p>Guanambi<\/p>\n<p>Ibiassuc\u00ea<\/p>\n<p>Ibicara\u00ed<\/p>\n<p>Ibicoara<\/p>\n<p>Ibicu\u00ed<\/p>\n<p>Ibipitanga<\/p>\n<p>Ibitiara<\/p>\n<p>Ibotirama<\/p>\n<p>Igapor\u00e3<\/p>\n<p>Igua\u00ed<\/p>\n<p>Ilh\u00e9us<\/p>\n<p>Ipupiara<\/p>\n<p>Iramaia<\/p>\n<p>Iraquara<\/p>\n<p>Itabuna<\/p>\n<p>Itaet\u00e9<\/p>\n<p>Itagi<\/p>\n<p>Itagib\u00e1<\/p>\n<p>Itaju do Col\u00f4nia<\/p>\n<p>Itaju\u00edpe<\/p>\n<p>Itamb\u00e9<\/p>\n<p>Itap\u00e9<\/p>\n<p>Itapetinga<\/p>\n<p>Itapitanga<\/p>\n<p>Itoror\u00f3<\/p>\n<p>Itua\u00e7u<\/p>\n<p>Iuiu<\/p>\n<p>Jaborandi<\/p>\n<p>Jequi\u00e9<\/p>\n<p>Jussari<\/p>\n<p>Jussiape<\/p>\n<p>Lagoa Real<\/p>\n<p>Len\u00e7\u00f3is<\/p>\n<p>Livramento de Nossa Senhora<\/p>\n<p>Lu\u00eds Eduardo Magalh\u00e3es<\/p>\n<p>Maca\u00fabas<\/p>\n<p>Maetinga<\/p>\n<p>Malhada<\/p>\n<p>Malhada de Pedras<\/p>\n<p>Manoel Vitorino<\/p>\n<p>Mansid\u00e3o<\/p>\n<p>Marac\u00e1s<\/p>\n<p>Marcion\u00edlio Souza<\/p>\n<p>Mascote<\/p>\n<p>Matina<\/p>\n<p>Mirante<\/p>\n<p>Morpar\u00e1<\/p>\n<p>Mucug\u00ea<\/p>\n<p>Muqu\u00e9m do S\u00e3o Francisco<\/p>\n<p>Nova Cana\u00e3<\/p>\n<p>Nova Reden\u00e7\u00e3o<\/p>\n<p>Novo Horizonte<\/p>\n<p>Oliveira dos Brejinhos<\/p>\n<p>Palmas de Monte Alto<\/p>\n<p>Palmeiras<\/p>\n<p>Paramirim<\/p>\n<p>Paratinga<\/p>\n<p>Pau Brasil<\/p>\n<p>Piat\u00e3<\/p>\n<p>Pil\u00e3o Arcado<\/p>\n<p>Planalto<\/p>\n<p>Po\u00e7\u00f5es<\/p>\n<p>Presidente J\u00e2nio Quadros<\/p>\n<p>Riach\u00e3o das Neves<\/p>\n<p>Riacho de Santana<\/p>\n<p>Rio de Contas<\/p>\n<p>Rio do Ant\u00f4nio<\/p>\n<p>Rio do Pires<\/p>\n<p>Santa Cruz da Vit\u00f3ria<\/p>\n<p>Santa Luzia<\/p>\n<p>Santa Maria da Vit\u00f3ria<\/p>\n<p>Santana<\/p>\n<p>Santa Rita de C\u00e1ssia<\/p>\n<p>S\u00e3o Desid\u00e9rio<\/p>\n<p>S\u00e3o F\u00e9lix do Coribe<\/p>\n<p>S\u00e3o Jos\u00e9 da Vit\u00f3ria<\/p>\n<p>Seabra<\/p>\n<p>Sebasti\u00e3o Laranjeiras<\/p>\n<p>Serra do Ramalho<\/p>\n<p>Serra Dourada<\/p>\n<p>S\u00edtio do Mato<\/p>\n<p>Tabocas do Brejo Velho<\/p>\n<p>Tanha\u00e7u<\/p>\n<p>Tanque Novo<\/p>\n<p>Una<\/p>\n<p>Vit\u00f3ria da Conquista<\/p>\n<p>Wanderley<\/p>\n<p>Xique-Xique<\/p>\n<p>Bahia.Ba<\/p>\n<div class='share-to-whatsapp-wrapper'><div class='share-on-whsp'>Share on: <\/div><a data-text='Inmet emite alerta de chuvas fortes na Bahia; veja cidades com maior risco de alagamento' data-link='https:\/\/newsinfoco.com.br\/inicio\/inmet-emite-alerta-de-chuvas-fortes-na-bahia-veja-cidades-com-maior-risco-de-alagamento\/' class='whatsapp-button whatsapp-share'>WhatsApp<\/a><div class='clear '><\/div><\/div>","protected":false},"excerpt":{"rendered":"<p>Mais de\u00a0200 munic\u00edpios baianos\u00a0est\u00e3o sob aviso de chuvas intensas, classificados com alertas\u00a0laranja, de perigo, ou\u00a0amarelo, de perigo potencial, pelo Instituto Nacional de Meteorologia (Inmet) neste fim de semana. As regi\u00f5es\u00a0Oeste\u00a0e do\u00a0Extremo Sul\u00a0do estado s\u00e3o as mais afetadas, com previs\u00e3o de acumulados que variam entre\u00a030 e 60 mm por dia\u00a0at\u00e9 este domingo (7). A capital,\u00a0Salvador, n\u00e3o [&hellip;]<\/p>\n","protected":false},"author":1,"featured_media":48261,"comment_status":"closed","ping_status":"closed","sticky":false,"template":"","format":"standard","meta":{"om_disable_all_campaigns":false,"_exactmetrics_skip_tracking":false,"_exactmetrics_sitenote_active":false,"_exactmetrics_sitenote_note":"","_exactmetrics_sitenote_category":0,"footnotes":""},"categories":[19],"tags":[],"class_list":["post-48260","post","type-post","status-publish","format-standard","has-post-thumbnail","hentry","category-bahia"],"aioseo_notices":[],"_links":{"self":[{"href":"https:\/\/newsinfoco.com.br\/inicio\/wp-json\/wp\/v2\/posts\/48260","targetHints":{"allow":["GET"]}}],"collection":[{"href":"https:\/\/newsinfoco.com.br\/inicio\/wp-json\/wp\/v2\/posts"}],"about":[{"href":"https:\/\/newsinfoco.com.br\/inicio\/wp-json\/wp\/v2\/types\/post"}],"author":[{"embeddable":true,"href":"https:\/\/newsinfoco.com.br\/inicio\/wp-json\/wp\/v2\/users\/1"}],"replies":[{"embeddable":true,"href":"https:\/\/newsinfoco.com.br\/inicio\/wp-json\/wp\/v2\/comments?post=48260"}],"version-history":[{"count":1,"href":"https:\/\/newsinfoco.com.br\/inicio\/wp-json\/wp\/v2\/posts\/48260\/revisions"}],"predecessor-version":[{"id":48262,"href":"https:\/\/newsinfoco.com.br\/inicio\/wp-json\/wp\/v2\/posts\/48260\/revisions\/48262"}],"wp:featuredmedia":[{"embeddable":true,"href":"https:\/\/newsinfoco.com.br\/inicio\/wp-json\/wp\/v2\/media\/48261"}],"wp:attachment":[{"href":"https:\/\/newsinfoco.com.br\/inicio\/wp-json\/wp\/v2\/media?parent=48260"}],"wp:term":[{"taxonomy":"category","embeddable":true,"href":"https:\/\/newsinfoco.com.br\/inicio\/wp-json\/wp\/v2\/categories?post=48260"},{"taxonomy":"post_tag","embeddable":true,"href":"https:\/\/newsinfoco.com.br\/inicio\/wp-json\/wp\/v2\/tags?post=48260"}],"curies":[{"name":"wp","href":"https:\/\/api.w.org\/{rel}","templated":true}]}}