{"id":48263,"date":"2025-12-06T14:15:13","date_gmt":"2025-12-06T17:15:13","guid":{"rendered":"https:\/\/newsinfoco.com.br\/inicio\/?p=48263"},"modified":"2025-12-06T14:15:13","modified_gmt":"2025-12-06T17:15:13","slug":"medico-veterinario-alerta-para-risco-da-raiva-e-reforca-importancia-da-vacinacao-anual","status":"publish","type":"post","link":"https:\/\/newsinfoco.com.br\/inicio\/medico-veterinario-alerta-para-risco-da-raiva-e-reforca-importancia-da-vacinacao-anual\/","title":{"rendered":"M\u00e9dico veterin\u00e1rio alerta para risco da raiva e refor\u00e7a import\u00e2ncia da vacina\u00e7\u00e3o anual"},"content":{"rendered":"<p>A suspeita de raiva em um filhote de cachorro em Salvador\u00a0<strong>que foi descartada posteriormente<\/strong>, levou a prefeitura a refor\u00e7ar a\u00e7\u00f5es de vigil\u00e2ncia e preven\u00e7\u00e3o contra a doen\u00e7a. O caso chegou a ser confirmado pelo Laborat\u00f3rio Central de Sa\u00fade P\u00fablica (Lacen), mas um novo exame excluiu a infec\u00e7\u00e3o. Mesmo assim, o munic\u00edpio manteve o alerta epidemiol\u00f3gico.<\/p>\n<p>O\u00a0<strong>m\u00e9dico veterin\u00e1rio Creso Neto<\/strong>\u00a0explica que a raiva continua sendo uma zoonose de alto risco e que qualquer mam\u00edfero pode transmiti-la. \u201cTodo mam\u00edfero pode fazer a transmiss\u00e3o e ele pode adquirir a doen\u00e7a. A transmiss\u00e3o \u00e9 feita pelo contato direto, mordida, arranhaduras, les\u00f5es, contato com mucosas\u201d, afirma.<\/p><div class=\"newsi-conteudo_19\" id=\"newsi-928160725\"><a href=\"https:\/\/www.instagram.com\/prefeituraalagoinhas?igsh=YzgzdDJ1bWR3aWI4\" aria-label=\"SAVE_20251006_221555\"><img loading=\"lazy\" decoding=\"async\" src=\"https:\/\/newsinfoco.com.br\/inicio\/wp-content\/uploads\/2025\/10\/SAVE_20251006_221555-rotated.jpg\" alt=\"\"  srcset=\"https:\/\/newsinfoco.com.br\/inicio\/wp-content\/uploads\/2025\/10\/SAVE_20251006_221555-rotated.jpg 1140w, https:\/\/newsinfoco.com.br\/inicio\/wp-content\/uploads\/2025\/10\/SAVE_20251006_221555-300x52.jpg 300w, https:\/\/newsinfoco.com.br\/inicio\/wp-content\/uploads\/2025\/10\/SAVE_20251006_221555-1024x177.jpg 1024w, https:\/\/newsinfoco.com.br\/inicio\/wp-content\/uploads\/2025\/10\/SAVE_20251006_221555-768x133.jpg 768w, https:\/\/newsinfoco.com.br\/inicio\/wp-content\/uploads\/2025\/10\/SAVE_20251006_221555-600x104.jpg 600w, https:\/\/newsinfoco.com.br\/inicio\/wp-content\/uploads\/2025\/10\/SAVE_20251006_221555-696x120.jpg 696w, https:\/\/newsinfoco.com.br\/inicio\/wp-content\/uploads\/2025\/10\/SAVE_20251006_221555-1068x185.jpg 1068w\" sizes=\"(max-width: 1140px) 100vw, 1140px\" width=\"1140\" height=\"197\"   \/><\/a><\/div>\n<p>Segundo ele, animais dom\u00e9sticos e silvestres t\u00eam potencial para contrair e disseminar o v\u00edrus. \u201cUm morcego infectado que cai no ch\u00e3o, e o animal est\u00e1 ali brincando ou se envolvendo, pode transmitir. Guaxinins, gamb\u00e1s, raposas, gatos e cachorros tamb\u00e9m podem apresentar a doen\u00e7a e transmitir para humanos e outros animais\u201d, explica.<\/p>\n<p><strong>Formas cl\u00ednicas e sintomas<\/strong><\/p>\n<p>Creso Neto detalha que a raiva pode se manifestar nas\u00a0<strong>formas inicial, agressiva e muda<\/strong>. Na fase inicial, o animal demonstra irritabilidade, sensibilidade \u00e0 luz e comportamento inquieto. A fase agressiva inclui ataques, mordidas em pessoas e objetos e saliva\u00e7\u00e3o intensa. J\u00e1 na forma muda, o animal tende ao isolamento, pode ter dificuldade de engolir e mand\u00edbula ca\u00edda.<\/p>\n<p>\u201cO principal sintoma est\u00e1 ligado \u00e0 forma mais agressiva, em que o animal fica mais sens\u00edvel, irritado, morde pessoas e objetos e apresenta espuma pela boca\u201d, diz o veterin\u00e1rio.<\/p>\n<p><strong>Vacina\u00e7\u00e3o \u00e9 a \u00fanica prote\u00e7\u00e3o<\/strong><\/p>\n<p>Creso refor\u00e7a que n\u00e3o existe tratamento alternativo contra a raiva. \u201cA primeira dose da vacina \u00e9 realizada a partir dos 3 meses e o refor\u00e7o deve ser feito anualmente. A \u00fanica forma de preven\u00e7\u00e3o \u00e9 a vacina antirr\u00e1bica\u201d, afirma.<\/p>\n<p>Ele orienta que animais sem vacina\u00e7\u00e3o completa n\u00e3o devem ser levados a locais com muitos outros bichos ou cujo hist\u00f3rico sanit\u00e1rio seja desconhecido.<\/p>\n<p>Para humanos que tenham sido arranhados ou mordidos por animais suspeitos, a recomenda\u00e7\u00e3o \u00e9 lavar o local da les\u00e3o por 15 minutos e procurar atendimento m\u00e9dico imediatamente para recebimento da vacina e do soro antirr\u00e1bico. \u201cDepois que os sintomas aparecem, a raiva n\u00e3o tem cura. \u00c9 uma doen\u00e7a letal\u201d, alerta.<\/p>\n<p>Mesmo com o resultado negativo no filhote, a Secretaria Municipal de Sa\u00fade decidiu manter as a\u00e7\u00f5es preventivas. O munic\u00edpio refor\u00e7a que a vigil\u00e2ncia \u00e9 fundamental para impedir a reintrodu\u00e7\u00e3o do v\u00edrus e lembra que o acompanhamento de animais suspeitos deve ocorrer por 10 a 15 dias, para definir a conduta adequada em casos de exposi\u00e7\u00e3o humana.<\/p>\n<p>\u201cA \u00fanica forma de preven\u00e7\u00e3o \u00e9 realizar a vacina. N\u00e3o existe tratamento precoce nem alternativas\u201d, conclui Creso Neto.<\/p>\n<p>Bahia.Ba<\/p>\n<div class='share-to-whatsapp-wrapper'><div class='share-on-whsp'>Share on: <\/div><a data-text='M\u00e9dico veterin\u00e1rio alerta para risco da raiva e refor\u00e7a import\u00e2ncia da vacina\u00e7\u00e3o anual' data-link='https:\/\/newsinfoco.com.br\/inicio\/medico-veterinario-alerta-para-risco-da-raiva-e-reforca-importancia-da-vacinacao-anual\/' class='whatsapp-button whatsapp-share'>WhatsApp<\/a><div class='clear '><\/div><\/div>","protected":false},"excerpt":{"rendered":"<p>A suspeita de raiva em um filhote de cachorro em Salvador\u00a0que foi descartada posteriormente, levou a prefeitura a refor\u00e7ar a\u00e7\u00f5es de vigil\u00e2ncia e preven\u00e7\u00e3o contra a doen\u00e7a. O caso chegou a ser confirmado pelo Laborat\u00f3rio Central de Sa\u00fade P\u00fablica (Lacen), mas um novo exame excluiu a infec\u00e7\u00e3o. Mesmo assim, o munic\u00edpio manteve o alerta epidemiol\u00f3gico. [&hellip;]<\/p>\n","protected":false},"author":1,"featured_media":48264,"comment_status":"closed","ping_status":"closed","sticky":false,"template":"","format":"standard","meta":{"om_disable_all_campaigns":false,"_exactmetrics_skip_tracking":false,"_exactmetrics_sitenote_active":false,"_exactmetrics_sitenote_note":"","_exactmetrics_sitenote_category":0,"footnotes":""},"categories":[21],"tags":[],"class_list":["post-48263","post","type-post","status-publish","format-standard","has-post-thumbnail","hentry","category-brasil"],"aioseo_notices":[],"_links":{"self":[{"href":"https:\/\/newsinfoco.com.br\/inicio\/wp-json\/wp\/v2\/posts\/48263","targetHints":{"allow":["GET"]}}],"collection":[{"href":"https:\/\/newsinfoco.com.br\/inicio\/wp-json\/wp\/v2\/posts"}],"about":[{"href":"https:\/\/newsinfoco.com.br\/inicio\/wp-json\/wp\/v2\/types\/post"}],"author":[{"embeddable":true,"href":"https:\/\/newsinfoco.com.br\/inicio\/wp-json\/wp\/v2\/users\/1"}],"replies":[{"embeddable":true,"href":"https:\/\/newsinfoco.com.br\/inicio\/wp-json\/wp\/v2\/comments?post=48263"}],"version-history":[{"count":1,"href":"https:\/\/newsinfoco.com.br\/inicio\/wp-json\/wp\/v2\/posts\/48263\/revisions"}],"predecessor-version":[{"id":48265,"href":"https:\/\/newsinfoco.com.br\/inicio\/wp-json\/wp\/v2\/posts\/48263\/revisions\/48265"}],"wp:featuredmedia":[{"embeddable":true,"href":"https:\/\/newsinfoco.com.br\/inicio\/wp-json\/wp\/v2\/media\/48264"}],"wp:attachment":[{"href":"https:\/\/newsinfoco.com.br\/inicio\/wp-json\/wp\/v2\/media?parent=48263"}],"wp:term":[{"taxonomy":"category","embeddable":true,"href":"https:\/\/newsinfoco.com.br\/inicio\/wp-json\/wp\/v2\/categories?post=48263"},{"taxonomy":"post_tag","embeddable":true,"href":"https:\/\/newsinfoco.com.br\/inicio\/wp-json\/wp\/v2\/tags?post=48263"}],"curies":[{"name":"wp","href":"https:\/\/api.w.org\/{rel}","templated":true}]}}