{"id":48266,"date":"2025-12-06T14:40:53","date_gmt":"2025-12-06T17:40:53","guid":{"rendered":"https:\/\/newsinfoco.com.br\/inicio\/?p=48266"},"modified":"2025-12-06T14:40:53","modified_gmt":"2025-12-06T17:40:53","slug":"policia-apreende-cosmeticos-desviados-antes-de-chegar-ao-mercado-no-interior-da-bahia","status":"publish","type":"post","link":"https:\/\/newsinfoco.com.br\/inicio\/policia-apreende-cosmeticos-desviados-antes-de-chegar-ao-mercado-no-interior-da-bahia\/","title":{"rendered":"Pol\u00edcia apreende cosm\u00e9ticos desviados antes de chegar ao mercado no interior da Bahia"},"content":{"rendered":"<p>A Pol\u00edcia Civil abriu um inqu\u00e9rito para apurar a origem de uma carga de cosm\u00e9ticos de uma multinacional brasileira encontrada em um box do Feiraguay, em Feira de Santana, antes mesmo do lan\u00e7amento oficial dos produtos. A linha em quest\u00e3o s\u00f3 deve chegar \u00e0s lojas franqueadas em maio de 2026, mas j\u00e1 era oferecida nas redes sociais e vendida sem nota fiscal.<\/p>\n<p>A investiga\u00e7\u00e3o come\u00e7ou ap\u00f3s o setor de intelig\u00eancia identificar v\u00eddeos e an\u00fancios feitos pelo comerciante respons\u00e1vel pelo box. Os agentes entraram em contato com a empresa fabricante, que confirmou que os itens ainda estavam em fase de pr\u00e9-distribui\u00e7\u00e3o e n\u00e3o tinham autoriza\u00e7\u00e3o para circula\u00e7\u00e3o no mercado.<\/p><div class=\"newsi-conteudo_19\" id=\"newsi-3542343961\"><a href=\"https:\/\/www.instagram.com\/prefeituraalagoinhas?igsh=YzgzdDJ1bWR3aWI4\" aria-label=\"SAVE_20251006_221555\"><img loading=\"lazy\" decoding=\"async\" src=\"https:\/\/newsinfoco.com.br\/inicio\/wp-content\/uploads\/2025\/10\/SAVE_20251006_221555-rotated.jpg\" alt=\"\"  srcset=\"https:\/\/newsinfoco.com.br\/inicio\/wp-content\/uploads\/2025\/10\/SAVE_20251006_221555-rotated.jpg 1140w, https:\/\/newsinfoco.com.br\/inicio\/wp-content\/uploads\/2025\/10\/SAVE_20251006_221555-300x52.jpg 300w, https:\/\/newsinfoco.com.br\/inicio\/wp-content\/uploads\/2025\/10\/SAVE_20251006_221555-1024x177.jpg 1024w, https:\/\/newsinfoco.com.br\/inicio\/wp-content\/uploads\/2025\/10\/SAVE_20251006_221555-768x133.jpg 768w, https:\/\/newsinfoco.com.br\/inicio\/wp-content\/uploads\/2025\/10\/SAVE_20251006_221555-600x104.jpg 600w, https:\/\/newsinfoco.com.br\/inicio\/wp-content\/uploads\/2025\/10\/SAVE_20251006_221555-696x120.jpg 696w, https:\/\/newsinfoco.com.br\/inicio\/wp-content\/uploads\/2025\/10\/SAVE_20251006_221555-1068x185.jpg 1068w\" sizes=\"(max-width: 1140px) 100vw, 1140px\" width=\"1140\" height=\"197\"   \/><\/a><\/div>\n<p>Equipes da 1\u00aa Coordenadoria Regional de Pol\u00edcia do Interior (1\u00aa Coorpin) foram at\u00e9 o estabelecimento e encontraram cinco caixas dos cosm\u00e9ticos. O material foi apreendido porque o comerciante n\u00e3o apresentou documentos fiscais que comprovassem a origem do estoque.<\/p>\n<div>\n<div>\n<div class=\"trv-player-container\">\n<div class=\"trv-wrapper\">\n<div id=\"br_video_player_e30253fcd9fcf483a254ea147751da9dc3c659f9\" class=\"trvd_video_player trvdinstream\">\n<div class=\"media-player\"><\/div>\n<div class=\"trv-autoskip-container\">\n<div class=\"trv-autoskip-background\">\n<div class=\"trv-autoskip-line-top\">\n<div>\n<div class=\"conteudo_post\">\n<p>O suspeito prestou depoimento e foi liberado. A Pol\u00edcia Civil agora tenta esclarecer como os produtos sa\u00edram das instala\u00e7\u00f5es industriais ou de centros log\u00edsticos antes do prazo oficial. O inqu\u00e9rito apura poss\u00edveis crimes de recepta\u00e7\u00e3o, furto, roubo e infra\u00e7\u00f5es contra a ordem tribut\u00e1ria.<\/p>\n<p>A opera\u00e7\u00e3o contou com agentes do Grupo de Apoio T\u00e9cnico e T\u00e1tico \u00e0s Investiga\u00e7\u00f5es (Gatti), da 1\u00aa Delegacia Territorial e da Delegacia de Repress\u00e3o a Furtos e Roubos de Cargas em Rodovias (Decarga).<\/p>\n<\/div>\n<div id=\"div-share\">Bahia.Ba<\/div>\n<\/div>\n<\/div>\n<div class=\"trv-autoskip-line-bottom\">\n<div><\/div>\n<\/div>\n<div class=\"trv-autoskip-line-left\">\n<div><\/div>\n<\/div>\n<\/div>\n<div class=\"autoskip-btn autoskip-btn-blue\"><\/div>\n<div class=\"autoskip-btn autoskip-btn-gray\"><\/div>\n<\/div>\n<div><\/div>\n<\/div>\n<\/div>\n<\/div>\n<\/div>\n<\/div>\n<div class='share-to-whatsapp-wrapper'><div class='share-on-whsp'>Share on: <\/div><a data-text='Pol\u00edcia apreende cosm\u00e9ticos desviados antes de chegar ao mercado no interior da Bahia' data-link='https:\/\/newsinfoco.com.br\/inicio\/policia-apreende-cosmeticos-desviados-antes-de-chegar-ao-mercado-no-interior-da-bahia\/' class='whatsapp-button whatsapp-share'>WhatsApp<\/a><div class='clear '><\/div><\/div>","protected":false},"excerpt":{"rendered":"<p>A Pol\u00edcia Civil abriu um inqu\u00e9rito para apurar a origem de uma carga de cosm\u00e9ticos de uma multinacional brasileira encontrada em um box do Feiraguay, em Feira de Santana, antes mesmo do lan\u00e7amento oficial dos produtos. A linha em quest\u00e3o s\u00f3 deve chegar \u00e0s lojas franqueadas em maio de 2026, mas j\u00e1 era oferecida nas [&hellip;]<\/p>\n","protected":false},"author":1,"featured_media":48267,"comment_status":"closed","ping_status":"closed","sticky":false,"template":"","format":"standard","meta":{"om_disable_all_campaigns":false,"_exactmetrics_skip_tracking":false,"_exactmetrics_sitenote_active":false,"_exactmetrics_sitenote_note":"","_exactmetrics_sitenote_category":0,"footnotes":""},"categories":[19],"tags":[],"class_list":["post-48266","post","type-post","status-publish","format-standard","has-post-thumbnail","hentry","category-bahia"],"aioseo_notices":[],"_links":{"self":[{"href":"https:\/\/newsinfoco.com.br\/inicio\/wp-json\/wp\/v2\/posts\/48266","targetHints":{"allow":["GET"]}}],"collection":[{"href":"https:\/\/newsinfoco.com.br\/inicio\/wp-json\/wp\/v2\/posts"}],"about":[{"href":"https:\/\/newsinfoco.com.br\/inicio\/wp-json\/wp\/v2\/types\/post"}],"author":[{"embeddable":true,"href":"https:\/\/newsinfoco.com.br\/inicio\/wp-json\/wp\/v2\/users\/1"}],"replies":[{"embeddable":true,"href":"https:\/\/newsinfoco.com.br\/inicio\/wp-json\/wp\/v2\/comments?post=48266"}],"version-history":[{"count":1,"href":"https:\/\/newsinfoco.com.br\/inicio\/wp-json\/wp\/v2\/posts\/48266\/revisions"}],"predecessor-version":[{"id":48268,"href":"https:\/\/newsinfoco.com.br\/inicio\/wp-json\/wp\/v2\/posts\/48266\/revisions\/48268"}],"wp:featuredmedia":[{"embeddable":true,"href":"https:\/\/newsinfoco.com.br\/inicio\/wp-json\/wp\/v2\/media\/48267"}],"wp:attachment":[{"href":"https:\/\/newsinfoco.com.br\/inicio\/wp-json\/wp\/v2\/media?parent=48266"}],"wp:term":[{"taxonomy":"category","embeddable":true,"href":"https:\/\/newsinfoco.com.br\/inicio\/wp-json\/wp\/v2\/categories?post=48266"},{"taxonomy":"post_tag","embeddable":true,"href":"https:\/\/newsinfoco.com.br\/inicio\/wp-json\/wp\/v2\/tags?post=48266"}],"curies":[{"name":"wp","href":"https:\/\/api.w.org\/{rel}","templated":true}]}}