{"id":48269,"date":"2025-12-06T14:57:39","date_gmt":"2025-12-06T17:57:39","guid":{"rendered":"https:\/\/newsinfoco.com.br\/inicio\/?p=48269"},"modified":"2025-12-06T14:57:39","modified_gmt":"2025-12-06T17:57:39","slug":"joao-roma-reage-a-escolha-de-flavio-bolsonaro-para-disputar-o-planalto-em-2026","status":"publish","type":"post","link":"https:\/\/newsinfoco.com.br\/inicio\/joao-roma-reage-a-escolha-de-flavio-bolsonaro-para-disputar-o-planalto-em-2026\/","title":{"rendered":"Jo\u00e3o Roma reage \u00e0 escolha de Fl\u00e1vio Bolsonaro para disputar o Planalto em 2026"},"content":{"rendered":"<p>O presidente do PL na Bahia e ex-ministro da Cidadania,\u00a0<strong>Jo\u00e3o Roma<\/strong>, saiu em defesa da candidatura de\u00a0<strong>Fl\u00e1vio Bolsonaro<\/strong>\u00a0(PL-RJ) ao\u00a0<strong>Planalto<\/strong>\u00a0em 2026, anunciada nesta sexta-feira (5).<\/p>\n<p>Em publica\u00e7\u00e3o nas redes sociais, Roma classificou o senador como o nome mais preparado para representar o bolsonarismo na elei\u00e7\u00e3o presidencial sem a presen\u00e7a do ex-presidente\u00a0<strong>Jair Bolsonaro<\/strong>, que segue ineleg\u00edvel.<\/p><div class=\"newsi-conteudo_19\" id=\"newsi-3609167874\"><a href=\"https:\/\/www.instagram.com\/prefeituraalagoinhas?igsh=YzgzdDJ1bWR3aWI4\" aria-label=\"SAVE_20251006_221555\"><img loading=\"lazy\" decoding=\"async\" src=\"https:\/\/newsinfoco.com.br\/inicio\/wp-content\/uploads\/2025\/10\/SAVE_20251006_221555-rotated.jpg\" alt=\"\"  srcset=\"https:\/\/newsinfoco.com.br\/inicio\/wp-content\/uploads\/2025\/10\/SAVE_20251006_221555-rotated.jpg 1140w, https:\/\/newsinfoco.com.br\/inicio\/wp-content\/uploads\/2025\/10\/SAVE_20251006_221555-300x52.jpg 300w, https:\/\/newsinfoco.com.br\/inicio\/wp-content\/uploads\/2025\/10\/SAVE_20251006_221555-1024x177.jpg 1024w, https:\/\/newsinfoco.com.br\/inicio\/wp-content\/uploads\/2025\/10\/SAVE_20251006_221555-768x133.jpg 768w, https:\/\/newsinfoco.com.br\/inicio\/wp-content\/uploads\/2025\/10\/SAVE_20251006_221555-600x104.jpg 600w, https:\/\/newsinfoco.com.br\/inicio\/wp-content\/uploads\/2025\/10\/SAVE_20251006_221555-696x120.jpg 696w, https:\/\/newsinfoco.com.br\/inicio\/wp-content\/uploads\/2025\/10\/SAVE_20251006_221555-1068x185.jpg 1068w\" sizes=\"(max-width: 1140px) 100vw, 1140px\" width=\"1140\" height=\"197\"   \/><\/a><\/div>\n<p>\u201cNingu\u00e9m melhor para representar o nosso Capit\u00e3o, Jair Messias Bolsonaro, do que Fl\u00e1vio Bolsonaro. Al\u00e9m de carregar o DNA, carrega os valores do amor ao Brasil, \u00e0 fam\u00edlia e \u00e0 liberdade de cada cidad\u00e3o. Rumo a 2026, Fl\u00e1vio! Estamos juntos\u201d, escreveu o dirigente do PL baiano.<\/p>\n<p>A declara\u00e7\u00e3o \u00e9 logo\u00a0<a href=\"https:\/\/bahia.ba\/politica\/flavio-bolsonaro-confirma-candidatura-ao-planalto-e-diz-assumir-missao-dada-pelo-pai\/\" target=\"_blank\" rel=\"noopener noreferrer\">ap\u00f3s\u00a0<strong>Fl\u00e1vio<\/strong>\u00a0confirmar publicamente que disputar\u00e1 a Presid\u00eancia<\/a>. O an\u00fancio, feito tamb\u00e9m por meio das redes sociais, coloca fim a meses de indefini\u00e7\u00e3o dentro do PL sobre quem ocuparia o lugar de Bolsonaro.<\/p>\n<p>\u201c\u00c9 com grande responsabilidade que confirmo a decis\u00e3o da maior lideran\u00e7a pol\u00edtica e moral do Brasil, Jair Messias Bolsonaro, de me conferir a miss\u00e3o de dar continuidade ao nosso projeto de na\u00e7\u00e3o\u201d, afirmou o senador.<\/p>\n<p>Bahia.Ba<\/p>\n<div class='share-to-whatsapp-wrapper'><div class='share-on-whsp'>Share on: <\/div><a data-text='Jo\u00e3o Roma reage \u00e0 escolha de Fl\u00e1vio Bolsonaro para disputar o Planalto em 2026' data-link='https:\/\/newsinfoco.com.br\/inicio\/joao-roma-reage-a-escolha-de-flavio-bolsonaro-para-disputar-o-planalto-em-2026\/' class='whatsapp-button whatsapp-share'>WhatsApp<\/a><div class='clear '><\/div><\/div>","protected":false},"excerpt":{"rendered":"<p>O presidente do PL na Bahia e ex-ministro da Cidadania,\u00a0Jo\u00e3o Roma, saiu em defesa da candidatura de\u00a0Fl\u00e1vio Bolsonaro\u00a0(PL-RJ) ao\u00a0Planalto\u00a0em 2026, anunciada nesta sexta-feira (5). Em publica\u00e7\u00e3o nas redes sociais, Roma classificou o senador como o nome mais preparado para representar o bolsonarismo na elei\u00e7\u00e3o presidencial sem a presen\u00e7a do ex-presidente\u00a0Jair Bolsonaro, que segue ineleg\u00edvel. \u201cNingu\u00e9m [&hellip;]<\/p>\n","protected":false},"author":1,"featured_media":48270,"comment_status":"closed","ping_status":"closed","sticky":false,"template":"","format":"standard","meta":{"om_disable_all_campaigns":false,"_exactmetrics_skip_tracking":false,"_exactmetrics_sitenote_active":false,"_exactmetrics_sitenote_note":"","_exactmetrics_sitenote_category":0,"footnotes":""},"categories":[19],"tags":[],"class_list":["post-48269","post","type-post","status-publish","format-standard","has-post-thumbnail","hentry","category-bahia"],"aioseo_notices":[],"_links":{"self":[{"href":"https:\/\/newsinfoco.com.br\/inicio\/wp-json\/wp\/v2\/posts\/48269","targetHints":{"allow":["GET"]}}],"collection":[{"href":"https:\/\/newsinfoco.com.br\/inicio\/wp-json\/wp\/v2\/posts"}],"about":[{"href":"https:\/\/newsinfoco.com.br\/inicio\/wp-json\/wp\/v2\/types\/post"}],"author":[{"embeddable":true,"href":"https:\/\/newsinfoco.com.br\/inicio\/wp-json\/wp\/v2\/users\/1"}],"replies":[{"embeddable":true,"href":"https:\/\/newsinfoco.com.br\/inicio\/wp-json\/wp\/v2\/comments?post=48269"}],"version-history":[{"count":1,"href":"https:\/\/newsinfoco.com.br\/inicio\/wp-json\/wp\/v2\/posts\/48269\/revisions"}],"predecessor-version":[{"id":48271,"href":"https:\/\/newsinfoco.com.br\/inicio\/wp-json\/wp\/v2\/posts\/48269\/revisions\/48271"}],"wp:featuredmedia":[{"embeddable":true,"href":"https:\/\/newsinfoco.com.br\/inicio\/wp-json\/wp\/v2\/media\/48270"}],"wp:attachment":[{"href":"https:\/\/newsinfoco.com.br\/inicio\/wp-json\/wp\/v2\/media?parent=48269"}],"wp:term":[{"taxonomy":"category","embeddable":true,"href":"https:\/\/newsinfoco.com.br\/inicio\/wp-json\/wp\/v2\/categories?post=48269"},{"taxonomy":"post_tag","embeddable":true,"href":"https:\/\/newsinfoco.com.br\/inicio\/wp-json\/wp\/v2\/tags?post=48269"}],"curies":[{"name":"wp","href":"https:\/\/api.w.org\/{rel}","templated":true}]}}