{"id":48273,"date":"2025-12-06T15:05:18","date_gmt":"2025-12-06T18:05:18","guid":{"rendered":"https:\/\/newsinfoco.com.br\/inicio\/?p=48273"},"modified":"2025-12-06T15:05:18","modified_gmt":"2025-12-06T18:05:18","slug":"caiado-reage-e-mantem-candidatura-apos-bolsonaro-escolher-flavio","status":"publish","type":"post","link":"https:\/\/newsinfoco.com.br\/inicio\/caiado-reage-e-mantem-candidatura-apos-bolsonaro-escolher-flavio\/","title":{"rendered":"Caiado reage e mant\u00e9m candidatura ap\u00f3s Bolsonaro escolher Fl\u00e1vio"},"content":{"rendered":"<p class=\"pf0\"><span class=\"cf0\">As movimenta\u00e7\u00f5es pol\u00edticas para 2026 seguem a todo vapor. Ap\u00f3s\u00a0<a href=\"https:\/\/bahia.ba\/politica\/flavio-bolsonaro-confirma-candidatura-ao-planalto-e-diz-assumir-missao-dada-pelo-pai\/\" target=\"_blank\" rel=\"noopener noreferrer\"><strong>o ex-presidente Jair Bolsonaro escolher o senador Fl\u00e1vio Bolsonaro (PL) como seu nome para disputar o Planalto<\/strong><\/a>, o governador de Goi\u00e1s e pr\u00e9-candidato \u00e0 Presid\u00eancia, Ronaldo Caiado (Uni\u00e3o Brasil), se pronunciou sobre o an\u00fancio.<\/span><\/p>\n<p class=\"pf0\"><span class=\"cf0\">Em postagem no Instagram nesta sexta-feira (5), Caiado afirmou respeitar a decis\u00e3o de Bolsonaro, mas destacou que permanece na corrida eleitoral.<\/span><\/p><div class=\"newsi-conteudo_19\" id=\"newsi-3421929444\"><a href=\"https:\/\/www.instagram.com\/prefeituraalagoinhas?igsh=YzgzdDJ1bWR3aWI4\" aria-label=\"SAVE_20251006_221555\"><img loading=\"lazy\" decoding=\"async\" src=\"https:\/\/newsinfoco.com.br\/inicio\/wp-content\/uploads\/2025\/10\/SAVE_20251006_221555-rotated.jpg\" alt=\"\"  srcset=\"https:\/\/newsinfoco.com.br\/inicio\/wp-content\/uploads\/2025\/10\/SAVE_20251006_221555-rotated.jpg 1140w, https:\/\/newsinfoco.com.br\/inicio\/wp-content\/uploads\/2025\/10\/SAVE_20251006_221555-300x52.jpg 300w, https:\/\/newsinfoco.com.br\/inicio\/wp-content\/uploads\/2025\/10\/SAVE_20251006_221555-1024x177.jpg 1024w, https:\/\/newsinfoco.com.br\/inicio\/wp-content\/uploads\/2025\/10\/SAVE_20251006_221555-768x133.jpg 768w, https:\/\/newsinfoco.com.br\/inicio\/wp-content\/uploads\/2025\/10\/SAVE_20251006_221555-600x104.jpg 600w, https:\/\/newsinfoco.com.br\/inicio\/wp-content\/uploads\/2025\/10\/SAVE_20251006_221555-696x120.jpg 696w, https:\/\/newsinfoco.com.br\/inicio\/wp-content\/uploads\/2025\/10\/SAVE_20251006_221555-1068x185.jpg 1068w\" sizes=\"(max-width: 1140px) 100vw, 1140px\" width=\"1140\" height=\"197\"   \/><\/a><\/div>\n<p class=\"pf0\"><span class=\"cf0\">\u201c\u00c9 uma decis\u00e3o do ex-presidente Jair Bolsonaro, juntamente com sua fam\u00edlia, e cabe a todos n\u00f3s respeit\u00e1-la. Ele tem o direito de buscar viabilizar a candidatura do senador Fl\u00e1vio Bolsonaro\u201d, declarou.<\/span><\/p>\n<p class=\"pf0\"><span class=\"cf0\">Caiado refor\u00e7ou que seu projeto est\u00e1 mantido. \u201cDa minha parte, sigo pr\u00e9-candidato a presidente e estou convicto de que no pr\u00f3ximo ano vamos tirar o PT do poder e devolver o Brasil aos brasileiros.\u201d<\/span><\/p>\n<div>\n<div>\n<div class=\"trv-player-container\">\n<div class=\"trv-wrapper\">\n<div id=\"br_video_player_00ad0e5ce7e4f163ae36ea147751da9dc3c659f9\" class=\"trvd_video_player trvdinstream\">\n<div class=\"media-player\">\n<div class=\"trv-video\">\n<div id=\"truvid_ima_container51569\" class=\"truvid_ima_container trv-ima-container-hidden\">\n<div>\n<div>\n<div class=\"trv-player-container\">\n<div class=\"trv-wrapper\">\n<div id=\"br_video_player_00ad0e5ce7e4f163ae36ea147751da9dc3c659f9\" class=\"trvd_video_player trvdinstream\">\n<div class=\"media-player\">\n<div class=\"trv-video\">\n<div id=\"truvid_ima_container51569\" class=\"truvid_ima_container trv-ima-container-hidden\">\n<div>\n<div>\n<div class=\"trv-player-container\">\n<div class=\"trv-wrapper\">\n<div id=\"br_video_player_00ad0e5ce7e4f163ae36ea147751da9dc3c659f9\" class=\"trvd_video_player trvdinstream\">\n<div class=\"media-player\">\n<div class=\"trv-video\">\n<div id=\"truvid_ima_container51569\" class=\"truvid_ima_container trv-ima-container-hidden\">\n<div>\n<div>\n<div class=\"trv-player-container\">\n<div class=\"trv-wrapper\">\n<div id=\"br_video_player_00ad0e5ce7e4f163ae36ea147751da9dc3c659f9\" class=\"trvd_video_player trvdinstream\">\n<div class=\"media-player\">\n<div class=\"trv-video\">\n<div id=\"truvid_ima_container51569\" class=\"truvid_ima_container trv-ima-container-hidden\">\n<div class=\"conteudo_post\">\n<p class=\"pf0\"><span class=\"cf0\">A manifesta\u00e7\u00e3o ocorreu ap\u00f3s Fl\u00e1vio Bolsonaro confirmar que recebeu do pai a miss\u00e3o de liderar o projeto pol\u00edtico do PL. Mesmo preso, o ex-presidente j\u00e1 havia comunicado a aliados que o senador era seu escolhido.<\/span><\/p>\n<p>Bahia.Ba<\/p>\n<\/div>\n<\/div>\n<\/div>\n<\/div>\n<\/div>\n<\/div>\n<\/div>\n<\/div>\n<\/div>\n<\/div>\n<\/div>\n<\/div>\n<\/div>\n<\/div>\n<\/div>\n<\/div>\n<\/div>\n<\/div>\n<\/div>\n<\/div>\n<\/div>\n<\/div>\n<\/div>\n<\/div>\n<\/div>\n<\/div>\n<\/div>\n<\/div>\n<\/div>\n<\/div>\n<\/div>\n<\/div>\n<\/div>\n<div class='share-to-whatsapp-wrapper'><div class='share-on-whsp'>Share on: <\/div><a data-text='Caiado reage e mant\u00e9m candidatura ap\u00f3s Bolsonaro escolher Fl\u00e1vio' data-link='https:\/\/newsinfoco.com.br\/inicio\/caiado-reage-e-mantem-candidatura-apos-bolsonaro-escolher-flavio\/' class='whatsapp-button whatsapp-share'>WhatsApp<\/a><div class='clear '><\/div><\/div>","protected":false},"excerpt":{"rendered":"<p>As movimenta\u00e7\u00f5es pol\u00edticas para 2026 seguem a todo vapor. Ap\u00f3s\u00a0o ex-presidente Jair Bolsonaro escolher o senador Fl\u00e1vio Bolsonaro (PL) como seu nome para disputar o Planalto, o governador de Goi\u00e1s e pr\u00e9-candidato \u00e0 Presid\u00eancia, Ronaldo Caiado (Uni\u00e3o Brasil), se pronunciou sobre o an\u00fancio. Em postagem no Instagram nesta sexta-feira (5), Caiado afirmou respeitar a decis\u00e3o [&hellip;]<\/p>\n","protected":false},"author":1,"featured_media":48274,"comment_status":"closed","ping_status":"closed","sticky":false,"template":"","format":"standard","meta":{"om_disable_all_campaigns":false,"_exactmetrics_skip_tracking":false,"_exactmetrics_sitenote_active":false,"_exactmetrics_sitenote_note":"","_exactmetrics_sitenote_category":0,"footnotes":""},"categories":[21],"tags":[],"class_list":["post-48273","post","type-post","status-publish","format-standard","has-post-thumbnail","hentry","category-brasil"],"aioseo_notices":[],"_links":{"self":[{"href":"https:\/\/newsinfoco.com.br\/inicio\/wp-json\/wp\/v2\/posts\/48273","targetHints":{"allow":["GET"]}}],"collection":[{"href":"https:\/\/newsinfoco.com.br\/inicio\/wp-json\/wp\/v2\/posts"}],"about":[{"href":"https:\/\/newsinfoco.com.br\/inicio\/wp-json\/wp\/v2\/types\/post"}],"author":[{"embeddable":true,"href":"https:\/\/newsinfoco.com.br\/inicio\/wp-json\/wp\/v2\/users\/1"}],"replies":[{"embeddable":true,"href":"https:\/\/newsinfoco.com.br\/inicio\/wp-json\/wp\/v2\/comments?post=48273"}],"version-history":[{"count":1,"href":"https:\/\/newsinfoco.com.br\/inicio\/wp-json\/wp\/v2\/posts\/48273\/revisions"}],"predecessor-version":[{"id":48275,"href":"https:\/\/newsinfoco.com.br\/inicio\/wp-json\/wp\/v2\/posts\/48273\/revisions\/48275"}],"wp:featuredmedia":[{"embeddable":true,"href":"https:\/\/newsinfoco.com.br\/inicio\/wp-json\/wp\/v2\/media\/48274"}],"wp:attachment":[{"href":"https:\/\/newsinfoco.com.br\/inicio\/wp-json\/wp\/v2\/media?parent=48273"}],"wp:term":[{"taxonomy":"category","embeddable":true,"href":"https:\/\/newsinfoco.com.br\/inicio\/wp-json\/wp\/v2\/categories?post=48273"},{"taxonomy":"post_tag","embeddable":true,"href":"https:\/\/newsinfoco.com.br\/inicio\/wp-json\/wp\/v2\/tags?post=48273"}],"curies":[{"name":"wp","href":"https:\/\/api.w.org\/{rel}","templated":true}]}}