{"id":48277,"date":"2025-12-06T15:11:49","date_gmt":"2025-12-06T18:11:49","guid":{"rendered":"https:\/\/newsinfoco.com.br\/inicio\/?p=48277"},"modified":"2025-12-06T15:11:49","modified_gmt":"2025-12-06T18:11:49","slug":"flavio-bolsonaro-confirma-candidatura-ao-planalto-e-diz-assumir-missao-dada-pelo-pai","status":"publish","type":"post","link":"https:\/\/newsinfoco.com.br\/inicio\/flavio-bolsonaro-confirma-candidatura-ao-planalto-e-diz-assumir-missao-dada-pelo-pai\/","title":{"rendered":"Fl\u00e1vio Bolsonaro confirma candidatura ao Planalto e diz assumir miss\u00e3o dada pelo pai"},"content":{"rendered":"<p>O senador Fl\u00e1vio Bolsonaro (PL-RJ) confirmou, nesta sexta-feira (5), sua candidatura \u00e0 Presid\u00eancia da Rep\u00fablica em 2026. Em pronunciamento publicado nas redes sociais, ele afirmou ter recebido do pai, o ex-presidente Jair Bolsonaro (PL), a \u201cmiss\u00e3o\u201d de dar continuidade ao projeto pol\u00edtico do bolsonarismo.<\/p>\n<p>\u201c\u00c9 com grande responsabilidade que confirmo a decis\u00e3o da maior lideran\u00e7a pol\u00edtica e moral do Brasil, Jair Messias Bolsonaro, de me conferir a miss\u00e3o de dar continuidade ao nosso projeto de na\u00e7\u00e3o\u201d, escreveu o senador. A declara\u00e7\u00e3o encerra meses de especula\u00e7\u00e3o dentro do PL sobre quem ocuparia a cabe\u00e7a de chapa caso Bolsonaro permanecesse ineleg\u00edvel.<\/p><div class=\"newsi-conteudo_19\" id=\"newsi-4032743025\"><a href=\"https:\/\/www.instagram.com\/prefeituraalagoinhas?igsh=YzgzdDJ1bWR3aWI4\" aria-label=\"SAVE_20251006_221555\"><img loading=\"lazy\" decoding=\"async\" src=\"https:\/\/newsinfoco.com.br\/inicio\/wp-content\/uploads\/2025\/10\/SAVE_20251006_221555-rotated.jpg\" alt=\"\"  srcset=\"https:\/\/newsinfoco.com.br\/inicio\/wp-content\/uploads\/2025\/10\/SAVE_20251006_221555-rotated.jpg 1140w, https:\/\/newsinfoco.com.br\/inicio\/wp-content\/uploads\/2025\/10\/SAVE_20251006_221555-300x52.jpg 300w, https:\/\/newsinfoco.com.br\/inicio\/wp-content\/uploads\/2025\/10\/SAVE_20251006_221555-1024x177.jpg 1024w, https:\/\/newsinfoco.com.br\/inicio\/wp-content\/uploads\/2025\/10\/SAVE_20251006_221555-768x133.jpg 768w, https:\/\/newsinfoco.com.br\/inicio\/wp-content\/uploads\/2025\/10\/SAVE_20251006_221555-600x104.jpg 600w, https:\/\/newsinfoco.com.br\/inicio\/wp-content\/uploads\/2025\/10\/SAVE_20251006_221555-696x120.jpg 696w, https:\/\/newsinfoco.com.br\/inicio\/wp-content\/uploads\/2025\/10\/SAVE_20251006_221555-1068x185.jpg 1068w\" sizes=\"(max-width: 1140px) 100vw, 1140px\" width=\"1140\" height=\"197\"   \/><\/a><\/div>\n<p>No pronunciamento, Fl\u00e1vio adotou tom religioso e cr\u00edtico ao governo federal. Disse n\u00e3o aceitar \u201cver o pa\u00eds caminhar por um tempo de instabilidade, inseguran\u00e7a e des\u00e2nimo\u201d e afirmou que a democracia estaria \u201csucumbindo\u201d. Ele mencionou ainda temas recorrentes na ret\u00f3rica do bolsonarismo, como aumento de impostos, atua\u00e7\u00e3o de grupos criminosos e cr\u00edticas \u00e0 gest\u00e3o de estatais.<\/p>\n<p>\u201cO nosso pa\u00eds vive dias dif\u00edceis, em que muitos se sentem abandonados, aposentados s\u00e3o roubados pelo pr\u00f3prio governo, narco-terroristas dominam cidades e exploram trabalhadores, estatais voltaram a ser saqueadas, novos impostos n\u00e3o param de ser criados ou aumentados\u201d, escreveu. \u201cNingu\u00e9m aguenta mais!\u201d<\/p>\n<p>Ao longo do texto, Fl\u00e1vio refor\u00e7ou refer\u00eancias religiosas, dizendo acreditar que Deus \u201cabre portas\u201d e \u201cderruba muralhas\u201d, e que estaria se colocando \u201cdiante de Deus e diante do Brasil\u201d para cumprir a miss\u00e3o recebida.<\/p>\n<p>A confirma\u00e7\u00e3o da candidatura reorganiza a disputa interna no PL e coloca o senador como herdeiro direto do capital pol\u00edtico do pai. O partido ainda n\u00e3o detalhou os pr\u00f3ximos passos da pr\u00e9-campanha, mas aliados de Bolsonaro vinham defendendo a escolha de Fl\u00e1vio como estrat\u00e9gia para manter a coes\u00e3o da base e evitar divis\u00f5es no campo da direita.<\/p>\n<p>\u201cQue Deus aben\u00e7oe o nosso povo! Que Deus aben\u00e7oe o nosso Brasil!\u201d, encerrou o senador.<\/p>\n<p>Bahia.Ba<\/p>\n<div class='share-to-whatsapp-wrapper'><div class='share-on-whsp'>Share on: <\/div><a data-text='Fl\u00e1vio Bolsonaro confirma candidatura ao Planalto e diz assumir miss\u00e3o dada pelo pai' data-link='https:\/\/newsinfoco.com.br\/inicio\/flavio-bolsonaro-confirma-candidatura-ao-planalto-e-diz-assumir-missao-dada-pelo-pai\/' class='whatsapp-button whatsapp-share'>WhatsApp<\/a><div class='clear '><\/div><\/div>","protected":false},"excerpt":{"rendered":"<p>O senador Fl\u00e1vio Bolsonaro (PL-RJ) confirmou, nesta sexta-feira (5), sua candidatura \u00e0 Presid\u00eancia da Rep\u00fablica em 2026. Em pronunciamento publicado nas redes sociais, ele afirmou ter recebido do pai, o ex-presidente Jair Bolsonaro (PL), a \u201cmiss\u00e3o\u201d de dar continuidade ao projeto pol\u00edtico do bolsonarismo. \u201c\u00c9 com grande responsabilidade que confirmo a decis\u00e3o da maior lideran\u00e7a [&hellip;]<\/p>\n","protected":false},"author":1,"featured_media":48278,"comment_status":"closed","ping_status":"closed","sticky":false,"template":"","format":"standard","meta":{"om_disable_all_campaigns":false,"_exactmetrics_skip_tracking":false,"_exactmetrics_sitenote_active":false,"_exactmetrics_sitenote_note":"","_exactmetrics_sitenote_category":0,"footnotes":""},"categories":[21],"tags":[],"class_list":["post-48277","post","type-post","status-publish","format-standard","has-post-thumbnail","hentry","category-brasil"],"aioseo_notices":[],"_links":{"self":[{"href":"https:\/\/newsinfoco.com.br\/inicio\/wp-json\/wp\/v2\/posts\/48277","targetHints":{"allow":["GET"]}}],"collection":[{"href":"https:\/\/newsinfoco.com.br\/inicio\/wp-json\/wp\/v2\/posts"}],"about":[{"href":"https:\/\/newsinfoco.com.br\/inicio\/wp-json\/wp\/v2\/types\/post"}],"author":[{"embeddable":true,"href":"https:\/\/newsinfoco.com.br\/inicio\/wp-json\/wp\/v2\/users\/1"}],"replies":[{"embeddable":true,"href":"https:\/\/newsinfoco.com.br\/inicio\/wp-json\/wp\/v2\/comments?post=48277"}],"version-history":[{"count":1,"href":"https:\/\/newsinfoco.com.br\/inicio\/wp-json\/wp\/v2\/posts\/48277\/revisions"}],"predecessor-version":[{"id":48279,"href":"https:\/\/newsinfoco.com.br\/inicio\/wp-json\/wp\/v2\/posts\/48277\/revisions\/48279"}],"wp:featuredmedia":[{"embeddable":true,"href":"https:\/\/newsinfoco.com.br\/inicio\/wp-json\/wp\/v2\/media\/48278"}],"wp:attachment":[{"href":"https:\/\/newsinfoco.com.br\/inicio\/wp-json\/wp\/v2\/media?parent=48277"}],"wp:term":[{"taxonomy":"category","embeddable":true,"href":"https:\/\/newsinfoco.com.br\/inicio\/wp-json\/wp\/v2\/categories?post=48277"},{"taxonomy":"post_tag","embeddable":true,"href":"https:\/\/newsinfoco.com.br\/inicio\/wp-json\/wp\/v2\/tags?post=48277"}],"curies":[{"name":"wp","href":"https:\/\/api.w.org\/{rel}","templated":true}]}}