{"id":4828,"date":"2018-06-05T19:18:40","date_gmt":"2018-06-05T22:18:40","guid":{"rendered":"http:\/\/newsinfoco.com.br\/?p=4828"},"modified":"2018-06-05T19:18:40","modified_gmt":"2018-06-05T22:18:40","slug":"secretario-de-infraestrutura-faz-visita-tecnica-ao-carneirao-para-dar-inicio-as-melhorias-na-estrutura-do-estadio","status":"publish","type":"post","link":"https:\/\/newsinfoco.com.br\/inicio\/secretario-de-infraestrutura-faz-visita-tecnica-ao-carneirao-para-dar-inicio-as-melhorias-na-estrutura-do-estadio\/","title":{"rendered":"Secret\u00e1rio de Infraestrutura faz visita t\u00e9cnica ao Carneir\u00e3o para dar in\u00edcio \u00e0s melhorias na estrutura do est\u00e1dio"},"content":{"rendered":"<p style=\"text-align: justify;\"><span style=\"color: #000000;\">O Secret\u00e1rio Municipal de Infraestrutura Andr\u00e9 Lu\u00eds de Carvalho se reuniu nesta ter\u00e7a-feira com representantes da Secretaria Municipal de Cultura, Esporte e Turismo (SECET) no est\u00e1dio Ant\u00f4nio de Figueiredo Carneiro, o \u201cCarneir\u00e3o\u201d, para uma vistoria t\u00e9cnica que deve nortear a primeira etapa de reforma e manuten\u00e7\u00e3o do local.<\/span><\/p>\n<p style=\"text-align: justify;\"><span style=\"color: #000000;\">\u201cO objetivo \u00e9 tomarmos conhecimento da estrutura e das prioridades. Vamos dividir as obras em etapas, em fun\u00e7\u00e3o da demanda que nos foi passada. Daremos in\u00edcio \u00e0 parte emergencial e, j\u00e1 na pr\u00f3xima semana, entramos com a equipe para as primeiras interven\u00e7\u00f5es\u201d, afirmou o secret\u00e1rio.<\/span><\/p><div class=\"newsi-conteudo_19\" id=\"newsi-1977873160\"><a href=\"https:\/\/www.instagram.com\/prefeituraalagoinhas?igsh=YzgzdDJ1bWR3aWI4\" aria-label=\"SAVE_20251006_221555\"><img loading=\"lazy\" decoding=\"async\" src=\"https:\/\/newsinfoco.com.br\/inicio\/wp-content\/uploads\/2025\/10\/SAVE_20251006_221555-rotated.jpg\" alt=\"\"  srcset=\"https:\/\/newsinfoco.com.br\/inicio\/wp-content\/uploads\/2025\/10\/SAVE_20251006_221555-rotated.jpg 1140w, https:\/\/newsinfoco.com.br\/inicio\/wp-content\/uploads\/2025\/10\/SAVE_20251006_221555-300x52.jpg 300w, https:\/\/newsinfoco.com.br\/inicio\/wp-content\/uploads\/2025\/10\/SAVE_20251006_221555-1024x177.jpg 1024w, https:\/\/newsinfoco.com.br\/inicio\/wp-content\/uploads\/2025\/10\/SAVE_20251006_221555-768x133.jpg 768w, https:\/\/newsinfoco.com.br\/inicio\/wp-content\/uploads\/2025\/10\/SAVE_20251006_221555-600x104.jpg 600w, https:\/\/newsinfoco.com.br\/inicio\/wp-content\/uploads\/2025\/10\/SAVE_20251006_221555-696x120.jpg 696w, https:\/\/newsinfoco.com.br\/inicio\/wp-content\/uploads\/2025\/10\/SAVE_20251006_221555-1068x185.jpg 1068w\" sizes=\"(max-width: 1140px) 100vw, 1140px\" width=\"1140\" height=\"197\"   \/><\/a><\/div>\n<p style=\"text-align: justify;\"><span style=\"color: #000000;\">As obras come\u00e7am a partir da pr\u00f3xima ter\u00e7a-feira e, de acordo com o secret\u00e1rio de infraestrutura, a interven\u00e7\u00e3o deve contemplar a recupera\u00e7\u00e3o da arquibancada que est\u00e1 com problemas de infiltra\u00e7\u00e3o, a reforma do bar, dos banheiros, dos acessos e tamb\u00e9m do vesti\u00e1rio, al\u00e9m da adequa\u00e7\u00e3o do banco de reservas, do monitoramento eletr\u00f4nico e da troca completa do gramado.<\/span><\/p>\n<p style=\"text-align: justify;\"><span style=\"color: #000000;\">A recupera\u00e7\u00e3o do est\u00e1dio, segundo o subsecret\u00e1rio da SECET, Arnaldo Garrido, faz parte de uma exig\u00eancia da Federa\u00e7\u00e3o Bahiana, que estabeleceu um cronograma de vistorias para avaliar as condi\u00e7\u00f5es de seguran\u00e7a, capacidade, higiene e engenharia dos est\u00e1dios que abrigam jogos oficiais das s\u00e9ries \u201cA\u201d e \u201cB\u201d. \u201cO prazo final que a Federa\u00e7\u00e3o deu para a gente \u00e9 15 de dezembro. Se at\u00e9 15 de dezembro n\u00f3s n\u00e3o estivermos com nosso campo em perfeito estado para ter a primeira partida, vamos ficar fora do calend\u00e1rio de 2019 e eu acho que a popula\u00e7\u00e3o n\u00e3o merece isso\u201d, enfatizou Garrido.<\/span><\/p>\n<p style=\"text-align: justify;\"><span style=\"color: #000000;\">O subsecret\u00e1rio rebateu as cr\u00edticas sobre a interdi\u00e7\u00e3o tempor\u00e1ria do local, que n\u00e3o deve abrigar os jogos da Liga Desportiva (LDA) at\u00e9 que a primeira etapa da obras seja conclu\u00edda. \u201cPedimos a compreens\u00e3o da popula\u00e7\u00e3o e dos clubes. N\u00e3o \u00e9 uma quest\u00e3o de vontade do governo, \u00e9 uma necessidade imposta para que consigamos melhorar as condi\u00e7\u00f5es do est\u00e1dio. O campeonato da LDA vai acontecer, s\u00f3 que em outro campo. Est\u00e1 prometido o campeonato com arbitragem, premia\u00e7\u00e3o, com tudo. O \u00fanico problema \u00e9 que precisamos parar completamente para que ano que vem n\u00f3s possamos ver n\u00e3o s\u00f3 o atl\u00e9tico jogar aqui, como quem sabe outros times, de outros estados, para que estejamos com um campo em perfeito estado para receber as equipes e tamb\u00e9m a popula\u00e7\u00e3o. O benef\u00edcio, nesse caso, n\u00e3o chega apenas ao Atl\u00e9tico, mas \u00e0 popula\u00e7\u00e3o, que vai poder vir ao est\u00e1dio, assistir ao jogo, ver os times da s\u00e9rie A jogando aqui\u201d, explicou.<\/span><\/p>\n<p style=\"text-align: justify;\"><span style=\"color: #000000;\">Com as interven\u00e7\u00f5es, o est\u00e1dio passar\u00e1 a contar tamb\u00e9m com acessibilidade para cadeirantes e o novo projeto promete revitalizar uma \u00e1rea que permanecia h\u00e1 mais de 20 anos sem nenhum tipo de manuten\u00e7\u00e3o.<\/span><\/p>\n<p style=\"text-align: justify;\"><span style=\"color: #000000;\">A primeira vistoria da Federa\u00e7\u00e3o Bahiana de Futebol ao Carneir\u00e3o, em Alagoinhas, est\u00e1 marcada para os dias 27 e 28 de julho, com prazo de conclus\u00e3o das melhorias e apresenta\u00e7\u00e3o dos laudos t\u00e9cnicos at\u00e9 15 de dezembro.<\/span><\/p>\n<h6 style=\"text-align: right;\"><span style=\"color: #999999;\">Fonte: SECOM SECET Prefeitura<\/span><\/h6>\n<div style=\"text-align: justify;\" align=\"right\"><\/div>\n<div class='share-to-whatsapp-wrapper'><div class='share-on-whsp'>Share on: <\/div><a data-text='Secret\u00e1rio de Infraestrutura faz visita t\u00e9cnica ao Carneir\u00e3o para dar in\u00edcio \u00e0s melhorias na estrutura do est\u00e1dio' data-link='https:\/\/newsinfoco.com.br\/inicio\/secretario-de-infraestrutura-faz-visita-tecnica-ao-carneirao-para-dar-inicio-as-melhorias-na-estrutura-do-estadio\/' class='whatsapp-button whatsapp-share'>WhatsApp<\/a><div class='clear '><\/div><\/div>","protected":false},"excerpt":{"rendered":"<p>O Secret\u00e1rio Municipal de Infraestrutura Andr\u00e9 Lu\u00eds de Carvalho se reuniu nesta ter\u00e7a-feira com representantes da Secretaria Municipal de Cultura, Esporte e Turismo (SECET) no est\u00e1dio Ant\u00f4nio de Figueiredo Carneiro, o \u201cCarneir\u00e3o\u201d, para uma vistoria t\u00e9cnica que deve nortear a primeira etapa de reforma e manuten\u00e7\u00e3o do local. \u201cO objetivo \u00e9 tomarmos conhecimento da estrutura [&hellip;]<\/p>\n","protected":false},"author":1,"featured_media":4777,"comment_status":"open","ping_status":"open","sticky":false,"template":"","format":"standard","meta":{"om_disable_all_campaigns":false,"_exactmetrics_skip_tracking":false,"_exactmetrics_sitenote_active":false,"_exactmetrics_sitenote_note":"","_exactmetrics_sitenote_category":0,"footnotes":""},"categories":[38,30],"tags":[53,54,121],"class_list":["post-4828","post","type-post","status-publish","format-standard","has-post-thumbnail","hentry","category-alagoinhas-e-regiao","category-destaque","tag-alagoinhas","tag-prefeitura","tag-secom-secet"],"aioseo_notices":[],"_links":{"self":[{"href":"https:\/\/newsinfoco.com.br\/inicio\/wp-json\/wp\/v2\/posts\/4828","targetHints":{"allow":["GET"]}}],"collection":[{"href":"https:\/\/newsinfoco.com.br\/inicio\/wp-json\/wp\/v2\/posts"}],"about":[{"href":"https:\/\/newsinfoco.com.br\/inicio\/wp-json\/wp\/v2\/types\/post"}],"author":[{"embeddable":true,"href":"https:\/\/newsinfoco.com.br\/inicio\/wp-json\/wp\/v2\/users\/1"}],"replies":[{"embeddable":true,"href":"https:\/\/newsinfoco.com.br\/inicio\/wp-json\/wp\/v2\/comments?post=4828"}],"version-history":[{"count":0,"href":"https:\/\/newsinfoco.com.br\/inicio\/wp-json\/wp\/v2\/posts\/4828\/revisions"}],"wp:featuredmedia":[{"embeddable":true,"href":"https:\/\/newsinfoco.com.br\/inicio\/wp-json\/wp\/v2\/media\/4777"}],"wp:attachment":[{"href":"https:\/\/newsinfoco.com.br\/inicio\/wp-json\/wp\/v2\/media?parent=4828"}],"wp:term":[{"taxonomy":"category","embeddable":true,"href":"https:\/\/newsinfoco.com.br\/inicio\/wp-json\/wp\/v2\/categories?post=4828"},{"taxonomy":"post_tag","embeddable":true,"href":"https:\/\/newsinfoco.com.br\/inicio\/wp-json\/wp\/v2\/tags?post=4828"}],"curies":[{"name":"wp","href":"https:\/\/api.w.org\/{rel}","templated":true}]}}