{"id":48280,"date":"2025-12-06T20:36:00","date_gmt":"2025-12-06T23:36:00","guid":{"rendered":"https:\/\/newsinfoco.com.br\/inicio\/?p=48280"},"modified":"2025-12-06T21:00:25","modified_gmt":"2025-12-07T00:00:25","slug":"prefeito-gustavo-carmo-diz-que-lista-de-contemplados-do-minha-casa-minha-vida-nao-e-definitiva-e-garante-lisura-da-selecao","status":"publish","type":"post","link":"https:\/\/newsinfoco.com.br\/inicio\/prefeito-gustavo-carmo-diz-que-lista-de-contemplados-do-minha-casa-minha-vida-nao-e-definitiva-e-garante-lisura-da-selecao\/","title":{"rendered":"Prefeito Gustavo Carmo diz que lista de contemplados do Minha Casa, Minha Vida n\u00e3o \u00e9 definitiva e garante lisura da sele\u00e7\u00e3o"},"content":{"rendered":"<p>O prefeito Gustavo Carmo se pronunciou nas redes sociais sobre as reclama\u00e7\u00f5es quanto \u00e0 escolha das 418 fam\u00edlias contempladas pelo programa federal Minha Casa, Minha Vida, incorporado pelo programa municipal Doce Lar. Gustavo esclareceu que a lista divulgada n\u00e3o \u00e9 definitiva, que os pr\u00e9-selecionados ter\u00e3o que comprovar as informa\u00e7\u00f5es fornecidos no ato da inscri\u00e7\u00e3o e que compreende a frustra\u00e7\u00e3o de quem n\u00e3o foi beneficiado.<\/p>\n<p>Nas redes sociais v\u00e1rias reclama\u00e7\u00f5es sobre pessoas que entraram na lista sem estar nas condi\u00e7\u00f5es de vulnerabilidade exigidas foram registadas. O suposto descr\u00e9dito, segundo o prefeito, deve-se aos erros cometidos na concess\u00e3o de unidades habitacionais em gest\u00f5es passadas. O prefeito, inclusive, estimula as pessoas a denunciarem \u00e0 Ouvidoria casos de pessoas que supostamente burlaram o sistema de sele\u00e7\u00e3o, por meio do n\u00famero 156. Os supostos infratores ser\u00e3o encaminhados tamb\u00e9m \u00e0 Pol\u00edcia Civil, garantiu.<\/p><div class=\"newsi-conteudo_19\" id=\"newsi-3963010756\"><a href=\"https:\/\/www.instagram.com\/prefeituraalagoinhas?igsh=YzgzdDJ1bWR3aWI4\" aria-label=\"SAVE_20251006_221555\"><img loading=\"lazy\" decoding=\"async\" src=\"https:\/\/newsinfoco.com.br\/inicio\/wp-content\/uploads\/2025\/10\/SAVE_20251006_221555-rotated.jpg\" alt=\"\"  srcset=\"https:\/\/newsinfoco.com.br\/inicio\/wp-content\/uploads\/2025\/10\/SAVE_20251006_221555-rotated.jpg 1140w, https:\/\/newsinfoco.com.br\/inicio\/wp-content\/uploads\/2025\/10\/SAVE_20251006_221555-300x52.jpg 300w, https:\/\/newsinfoco.com.br\/inicio\/wp-content\/uploads\/2025\/10\/SAVE_20251006_221555-1024x177.jpg 1024w, https:\/\/newsinfoco.com.br\/inicio\/wp-content\/uploads\/2025\/10\/SAVE_20251006_221555-768x133.jpg 768w, https:\/\/newsinfoco.com.br\/inicio\/wp-content\/uploads\/2025\/10\/SAVE_20251006_221555-600x104.jpg 600w, https:\/\/newsinfoco.com.br\/inicio\/wp-content\/uploads\/2025\/10\/SAVE_20251006_221555-696x120.jpg 696w, https:\/\/newsinfoco.com.br\/inicio\/wp-content\/uploads\/2025\/10\/SAVE_20251006_221555-1068x185.jpg 1068w\" sizes=\"(max-width: 1140px) 100vw, 1140px\" width=\"1140\" height=\"197\"   \/><\/a><\/div>\n<p>A repercuss\u00e3o do processo seletivo mostra, segundo o prefeito, que \u00e9 grande a demanda por moradia no munic\u00edpio. O cadastro realizado indica o tamanho do d\u00e9ficit habitacional. Foram quase 30.000 inscritos para 418 unidades habitacionais dispon\u00edveis. Ele diz que est\u00e1 atento a grande demanda habitacional do munic\u00edpio e que tratou do tema com o ministro Rui Costa, em sua \u00faltima viagem \u00e0 Bras\u00edlia, onde solicitou novas unidades do programa Minha Casa Minha Vida.<\/p>\n<p>Por Paulo Dias para o News Infoco<\/p>\n<p>&nbsp;<\/p>\n<div class='share-to-whatsapp-wrapper'><div class='share-on-whsp'>Share on: <\/div><a data-text='Prefeito Gustavo Carmo diz que lista de contemplados do Minha Casa, Minha Vida n\u00e3o \u00e9 definitiva e garante lisura da sele\u00e7\u00e3o' data-link='https:\/\/newsinfoco.com.br\/inicio\/prefeito-gustavo-carmo-diz-que-lista-de-contemplados-do-minha-casa-minha-vida-nao-e-definitiva-e-garante-lisura-da-selecao\/' class='whatsapp-button whatsapp-share'>WhatsApp<\/a><div class='clear '><\/div><\/div>","protected":false},"excerpt":{"rendered":"<p>O prefeito Gustavo Carmo se pronunciou nas redes sociais sobre as reclama\u00e7\u00f5es quanto \u00e0 escolha das 418 fam\u00edlias contempladas pelo programa federal Minha Casa, Minha Vida, incorporado pelo programa municipal Doce Lar. Gustavo esclareceu que a lista divulgada n\u00e3o \u00e9 definitiva, que os pr\u00e9-selecionados ter\u00e3o que comprovar as informa\u00e7\u00f5es fornecidos no ato da inscri\u00e7\u00e3o e [&hellip;]<\/p>\n","protected":false},"author":1,"featured_media":40519,"comment_status":"closed","ping_status":"closed","sticky":false,"template":"","format":"standard","meta":{"om_disable_all_campaigns":false,"_exactmetrics_skip_tracking":false,"_exactmetrics_sitenote_active":false,"_exactmetrics_sitenote_note":"","_exactmetrics_sitenote_category":0,"footnotes":""},"categories":[38,30,167,1],"tags":[],"class_list":["post-48280","post","type-post","status-publish","format-standard","has-post-thumbnail","hentry","category-alagoinhas-e-regiao","category-destaque","category-exclusivas","category-sem-categoria"],"aioseo_notices":[],"_links":{"self":[{"href":"https:\/\/newsinfoco.com.br\/inicio\/wp-json\/wp\/v2\/posts\/48280","targetHints":{"allow":["GET"]}}],"collection":[{"href":"https:\/\/newsinfoco.com.br\/inicio\/wp-json\/wp\/v2\/posts"}],"about":[{"href":"https:\/\/newsinfoco.com.br\/inicio\/wp-json\/wp\/v2\/types\/post"}],"author":[{"embeddable":true,"href":"https:\/\/newsinfoco.com.br\/inicio\/wp-json\/wp\/v2\/users\/1"}],"replies":[{"embeddable":true,"href":"https:\/\/newsinfoco.com.br\/inicio\/wp-json\/wp\/v2\/comments?post=48280"}],"version-history":[{"count":4,"href":"https:\/\/newsinfoco.com.br\/inicio\/wp-json\/wp\/v2\/posts\/48280\/revisions"}],"predecessor-version":[{"id":48284,"href":"https:\/\/newsinfoco.com.br\/inicio\/wp-json\/wp\/v2\/posts\/48280\/revisions\/48284"}],"wp:featuredmedia":[{"embeddable":true,"href":"https:\/\/newsinfoco.com.br\/inicio\/wp-json\/wp\/v2\/media\/40519"}],"wp:attachment":[{"href":"https:\/\/newsinfoco.com.br\/inicio\/wp-json\/wp\/v2\/media?parent=48280"}],"wp:term":[{"taxonomy":"category","embeddable":true,"href":"https:\/\/newsinfoco.com.br\/inicio\/wp-json\/wp\/v2\/categories?post=48280"},{"taxonomy":"post_tag","embeddable":true,"href":"https:\/\/newsinfoco.com.br\/inicio\/wp-json\/wp\/v2\/tags?post=48280"}],"curies":[{"name":"wp","href":"https:\/\/api.w.org\/{rel}","templated":true}]}}