{"id":48285,"date":"2025-12-08T14:17:10","date_gmt":"2025-12-08T17:17:10","guid":{"rendered":"https:\/\/newsinfoco.com.br\/inicio\/?p=48285"},"modified":"2025-12-08T14:17:10","modified_gmt":"2025-12-08T17:17:10","slug":"novas-regras-para-tirar-a-cnh-entram-em-vigor-nesta-semana","status":"publish","type":"post","link":"https:\/\/newsinfoco.com.br\/inicio\/novas-regras-para-tirar-a-cnh-entram-em-vigor-nesta-semana\/","title":{"rendered":"Novas regras para tirar a CNH entram em vigor nesta semana"},"content":{"rendered":"<p>As novas regras para a Carteira Nacional de Habilita\u00e7\u00e3o (CNH) passam a valer esta semana, logo ap\u00f3s a publica\u00e7\u00e3o da resolu\u00e7\u00e3o aprovada pelo Conselho Nacional de Tr\u00e2nsito que dispensou, por exemplo, as aulas de autoescola obrigat\u00f3rias para poder obter o documento. As informa\u00e7\u00f5es s\u00e3o do portal Ag\u00eancia Brasil.<\/p>\n<p>O ministro dos Transportes, Renan Filho, confirmou \u00e0 Ag\u00eancia Brasil que a resolu\u00e7\u00e3o com novas regras ser\u00e1 publicada nesta semana no Di\u00e1rio Oficial da Uni\u00e3o (DOU), com validade imediata. A expectativa \u00e9 que a publica\u00e7\u00e3o ocorra nesta ter\u00e7a-feira (9), ap\u00f3s cerim\u00f4nia no Pal\u00e1cio no Planalto para lan\u00e7ar o novo aplicativo para celular CNH do Brasil.<\/p><div class=\"newsi-conteudo_19\" id=\"newsi-2777933094\"><a href=\"https:\/\/www.instagram.com\/prefeituraalagoinhas?igsh=YzgzdDJ1bWR3aWI4\" aria-label=\"SAVE_20251006_221555\"><img loading=\"lazy\" decoding=\"async\" src=\"https:\/\/newsinfoco.com.br\/inicio\/wp-content\/uploads\/2025\/10\/SAVE_20251006_221555-rotated.jpg\" alt=\"\"  srcset=\"https:\/\/newsinfoco.com.br\/inicio\/wp-content\/uploads\/2025\/10\/SAVE_20251006_221555-rotated.jpg 1140w, https:\/\/newsinfoco.com.br\/inicio\/wp-content\/uploads\/2025\/10\/SAVE_20251006_221555-300x52.jpg 300w, https:\/\/newsinfoco.com.br\/inicio\/wp-content\/uploads\/2025\/10\/SAVE_20251006_221555-1024x177.jpg 1024w, https:\/\/newsinfoco.com.br\/inicio\/wp-content\/uploads\/2025\/10\/SAVE_20251006_221555-768x133.jpg 768w, https:\/\/newsinfoco.com.br\/inicio\/wp-content\/uploads\/2025\/10\/SAVE_20251006_221555-600x104.jpg 600w, https:\/\/newsinfoco.com.br\/inicio\/wp-content\/uploads\/2025\/10\/SAVE_20251006_221555-696x120.jpg 696w, https:\/\/newsinfoco.com.br\/inicio\/wp-content\/uploads\/2025\/10\/SAVE_20251006_221555-1068x185.jpg 1068w\" sizes=\"(max-width: 1140px) 100vw, 1140px\" width=\"1140\" height=\"197\"   \/><\/a><\/div>\n<p>O aplicativo deve viabilizar a obten\u00e7\u00e3o da CNH sem necessidade de passar por uma autoescola, disponibilizando o material para que os pretendentes a condutor estudem as regras de tr\u00e2nsito. Quem quiser ainda poder\u00e1 fazer aulas te\u00f3ricas e pr\u00e1ticas em uma autoescola.<\/p>\n<p>Segundo o Minist\u00e9rio dos Transportes, as medidas podem reduzir em at\u00e9 80% o custo total da CNH.<\/p>\n<p><strong>Veja as principais mudan\u00e7as:<\/strong><\/p>\n<p><strong>Abertura do processo<\/strong><\/p>\n<ul>\n<li>Poder\u00e1 ser feita pelo site do Minist\u00e9rio dos Transportes ou pelo aplicativo da Carteira Digital de Tr\u00e2nsito (CDT).<\/li>\n<\/ul>\n<p><strong>Aulas te\u00f3ricas<\/strong><\/p>\n<ul>\n<li>O Minist\u00e9rio dos Transportes ir\u00e1 disponibilizar todo o conte\u00fado te\u00f3rico online gratuitamente.<\/li>\n<li>Quem preferir poder\u00e1 estudar presencialmente em autoescolas ou institui\u00e7\u00f5es credenciadas.<\/li>\n<\/ul>\n<p><strong>Aulas pr\u00e1ticas<\/strong><\/p>\n<ul>\n<li>A exig\u00eancia de aulas pr\u00e1ticas passar\u00e1 das atuais 20 horas-aula para duas horas.<\/li>\n<li>O candidato poder\u00e1 escolher entre: autoescolas tradicionais, instrutores aut\u00f4nomos credenciados pelos Detrans ou prepara\u00e7\u00f5es personalizadas.<\/li>\n<li>Ser\u00e1 permitido uso de carro pr\u00f3prio para as aulas pr\u00e1ticas<\/li>\n<\/ul>\n<div>\n<div>\n<div class=\"trv-player-container\">\n<div class=\"trv-wrapper\">\n<div id=\"br_video_player_0dbfe758241e7bf789e0ea147751da9dc3c659f9\" class=\"trvd_video_player trvdinstream\">\n<div class=\"media-player\">\n<div class=\"trv-video\">\n<div id=\"truvid_ima_container66547\" class=\"truvid_ima_container trv-ima-container-hidden\">\n<div class=\"conteudo_post\">\n<p><strong>Provas<\/strong><\/p>\n<ul>\n<li>Mesmo sem a obrigatoriedade das aulas, o condutor ainda \u00e9 obrigado a fazer as provas te\u00f3rica e pr\u00e1tica para obter a CNH.<\/li>\n<li>Outras etapas obrigat\u00f3rias como coleta biom\u00e9trica e exame m\u00e9dico devem ser feitas presencialmente no Detran.<\/li>\n<\/ul>\n<p><strong>Instrutores<\/strong><\/p>\n<ul>\n<li>Os instrutores aut\u00f4nomos ser\u00e3o autorizados e fiscalizados pelos \u00f3rg\u00e3os estaduais, com crit\u00e9rios padronizados nacionalmente.<\/li>\n<li>A identifica\u00e7\u00e3o e o controle ser\u00e3o integrados \u00e0 Carteira Digital de Tr\u00e2nsito.<\/li>\n<\/ul>\n<\/div>\n<div id=\"div-share\">\n<div class=\"conteudo_post\"><\/div>\n<div id=\"div-share\">\n<div id=\"div-share\">\n<div id=\"div-share\">Bahia.Ba<\/div>\n<\/div>\n<\/div>\n<\/div>\n<\/div>\n<\/div>\n<\/div>\n<\/div>\n<\/div>\n<\/div>\n<\/div>\n<\/div>\n<div class='share-to-whatsapp-wrapper'><div class='share-on-whsp'>Share on: <\/div><a data-text='Novas regras para tirar a CNH entram em vigor nesta semana' data-link='https:\/\/newsinfoco.com.br\/inicio\/novas-regras-para-tirar-a-cnh-entram-em-vigor-nesta-semana\/' class='whatsapp-button whatsapp-share'>WhatsApp<\/a><div class='clear '><\/div><\/div>","protected":false},"excerpt":{"rendered":"<p>As novas regras para a Carteira Nacional de Habilita\u00e7\u00e3o (CNH) passam a valer esta semana, logo ap\u00f3s a publica\u00e7\u00e3o da resolu\u00e7\u00e3o aprovada pelo Conselho Nacional de Tr\u00e2nsito que dispensou, por exemplo, as aulas de autoescola obrigat\u00f3rias para poder obter o documento. As informa\u00e7\u00f5es s\u00e3o do portal Ag\u00eancia Brasil. O ministro dos Transportes, Renan Filho, confirmou [&hellip;]<\/p>\n","protected":false},"author":1,"featured_media":48286,"comment_status":"closed","ping_status":"closed","sticky":false,"template":"","format":"standard","meta":{"om_disable_all_campaigns":false,"_exactmetrics_skip_tracking":false,"_exactmetrics_sitenote_active":false,"_exactmetrics_sitenote_note":"","_exactmetrics_sitenote_category":0,"footnotes":""},"categories":[21],"tags":[],"class_list":["post-48285","post","type-post","status-publish","format-standard","has-post-thumbnail","hentry","category-brasil"],"aioseo_notices":[],"_links":{"self":[{"href":"https:\/\/newsinfoco.com.br\/inicio\/wp-json\/wp\/v2\/posts\/48285","targetHints":{"allow":["GET"]}}],"collection":[{"href":"https:\/\/newsinfoco.com.br\/inicio\/wp-json\/wp\/v2\/posts"}],"about":[{"href":"https:\/\/newsinfoco.com.br\/inicio\/wp-json\/wp\/v2\/types\/post"}],"author":[{"embeddable":true,"href":"https:\/\/newsinfoco.com.br\/inicio\/wp-json\/wp\/v2\/users\/1"}],"replies":[{"embeddable":true,"href":"https:\/\/newsinfoco.com.br\/inicio\/wp-json\/wp\/v2\/comments?post=48285"}],"version-history":[{"count":1,"href":"https:\/\/newsinfoco.com.br\/inicio\/wp-json\/wp\/v2\/posts\/48285\/revisions"}],"predecessor-version":[{"id":48287,"href":"https:\/\/newsinfoco.com.br\/inicio\/wp-json\/wp\/v2\/posts\/48285\/revisions\/48287"}],"wp:featuredmedia":[{"embeddable":true,"href":"https:\/\/newsinfoco.com.br\/inicio\/wp-json\/wp\/v2\/media\/48286"}],"wp:attachment":[{"href":"https:\/\/newsinfoco.com.br\/inicio\/wp-json\/wp\/v2\/media?parent=48285"}],"wp:term":[{"taxonomy":"category","embeddable":true,"href":"https:\/\/newsinfoco.com.br\/inicio\/wp-json\/wp\/v2\/categories?post=48285"},{"taxonomy":"post_tag","embeddable":true,"href":"https:\/\/newsinfoco.com.br\/inicio\/wp-json\/wp\/v2\/tags?post=48285"}],"curies":[{"name":"wp","href":"https:\/\/api.w.org\/{rel}","templated":true}]}}