{"id":48291,"date":"2025-12-08T14:34:37","date_gmt":"2025-12-08T17:34:37","guid":{"rendered":"https:\/\/newsinfoco.com.br\/inicio\/?p=48291"},"modified":"2025-12-08T14:34:37","modified_gmt":"2025-12-08T17:34:37","slug":"16a-feira-baiana-destaca-debates-e-acoes-estrategicas-para-o-desenvolvimento-rural","status":"publish","type":"post","link":"https:\/\/newsinfoco.com.br\/inicio\/16a-feira-baiana-destaca-debates-e-acoes-estrategicas-para-o-desenvolvimento-rural\/","title":{"rendered":"16\u00aa Feira Baiana destaca debates e a\u00e7\u00f5es estrat\u00e9gicas para o desenvolvimento rural"},"content":{"rendered":"<p>A 16\u00aa Feira Baiana da Agricultura Familiar e Economia Solid\u00e1ria ser\u00e1 realizada de 10 a 14 de dezembro, no Parque Costa Azul, em Salvador, com uma programa\u00e7\u00e3o t\u00e9cnica ampliada que re\u00fane debates estrat\u00e9gicos, lan\u00e7amentos e articula\u00e7\u00f5es decisivas para o futuro do rural baiano.<\/p>\n<p>Em 2025, a agenda se consolida como um dos pilares centrais do evento, com cerca de 30 atividades voltadas ao conhecimento, \u00e0 forma\u00e7\u00e3o e ao fortalecimento das pol\u00edticas p\u00fablicas que impulsionam a agricultura familiar em todo o estado.<\/p><div class=\"newsi-conteudo_19\" id=\"newsi-564608236\"><a href=\"https:\/\/www.instagram.com\/prefeituraalagoinhas?igsh=YzgzdDJ1bWR3aWI4\" aria-label=\"SAVE_20251006_221555\"><img loading=\"lazy\" decoding=\"async\" src=\"https:\/\/newsinfoco.com.br\/inicio\/wp-content\/uploads\/2025\/10\/SAVE_20251006_221555-rotated.jpg\" alt=\"\"  srcset=\"https:\/\/newsinfoco.com.br\/inicio\/wp-content\/uploads\/2025\/10\/SAVE_20251006_221555-rotated.jpg 1140w, https:\/\/newsinfoco.com.br\/inicio\/wp-content\/uploads\/2025\/10\/SAVE_20251006_221555-300x52.jpg 300w, https:\/\/newsinfoco.com.br\/inicio\/wp-content\/uploads\/2025\/10\/SAVE_20251006_221555-1024x177.jpg 1024w, https:\/\/newsinfoco.com.br\/inicio\/wp-content\/uploads\/2025\/10\/SAVE_20251006_221555-768x133.jpg 768w, https:\/\/newsinfoco.com.br\/inicio\/wp-content\/uploads\/2025\/10\/SAVE_20251006_221555-600x104.jpg 600w, https:\/\/newsinfoco.com.br\/inicio\/wp-content\/uploads\/2025\/10\/SAVE_20251006_221555-696x120.jpg 696w, https:\/\/newsinfoco.com.br\/inicio\/wp-content\/uploads\/2025\/10\/SAVE_20251006_221555-1068x185.jpg 1068w\" sizes=\"(max-width: 1140px) 100vw, 1140px\" width=\"1140\" height=\"197\"   \/><\/a><\/div>\n<p>A programa\u00e7\u00e3o envolver\u00e1 institui\u00e7\u00f5es p\u00fablicas, movimentos sociais, cooperativas, universidades, institutos de pesquisa e especialistas de diversas \u00e1reas ligadas ao rural. Ao longo dos cinco dias, encontros, capacita\u00e7\u00f5es e debates mobilizar\u00e3o centenas de participantes dos 27 Territ\u00f3rios de Identidade da Bahia, e de outros estados brasileiros, fortalecendo um ambiente de constru\u00e7\u00e3o coletiva, inova\u00e7\u00e3o e articula\u00e7\u00e3o pol\u00edtica.<\/p>\n<p>Entre os momentos mais aguardados est\u00e1 o Encontro Estadual das Mulheres Rurais, que ser\u00e1 realizado entre os dias 08 e 10 de dezembro, no Hotel Bahiamar, reunindo 250 lideran\u00e7as femininas. A atividade refor\u00e7a o papel estrat\u00e9gico das mulheres na produ\u00e7\u00e3o, gest\u00e3o e organiza\u00e7\u00e3o das atividades agr\u00edcolas no estado.<\/p>\n<p><strong>Gest\u00e3o e inova\u00e7\u00e3o para organiza\u00e7\u00f5es produtivas<\/strong><\/p>\n<p>Outro destaque \u00e9 o lan\u00e7amento do Programa Mais Gest\u00e3o Bahia, uma parceria entre a UFRB e o Minist\u00e9rio do Desenvolvimento Agr\u00e1rio e Agricultura Familiar (MDA). O programa oferecer\u00e1 assessoria e capacita\u00e7\u00e3o em gest\u00e3o e comercializa\u00e7\u00e3o para 40 organiza\u00e7\u00f5es produtivas da agricultura familiar e de Povos e Comunidades Tradicionais.<\/p>\n<p>Tamb\u00e9m integram a agenda temas essenciais para a organiza\u00e7\u00e3o do rural, como o Encontro Estadual dos Territ\u00f3rios de Identidade. A inova\u00e7\u00e3o e a sustentabilidade ter\u00e3o espa\u00e7o garantido no Semin\u00e1rio Nacional do Programa de Biodiesel e no Semin\u00e1rio Estadual de Agroecologia, reafirmando a Feira como um dos principais palcos de articula\u00e7\u00e3o t\u00e9cnica e pol\u00edtica para o desenvolvimento rural da Bahia.<\/p>\n<p><strong>Troca de saberes e experi\u00eancia<\/strong><\/p>\n<p>A programa\u00e7\u00e3o segue com atividades que valorizam a troca de experi\u00eancias e saberes, como o 9\u00ba Simp\u00f3sio de Experi\u00eancias da Agricultura Familiar, o 2\u00ba Semin\u00e1rio Estadual da Avicultura Caipira Familiar de Postura e o Encontro Estadual do Programa Mais Gest\u00e3o Quilombola, refor\u00e7ando a diversidade produtiva e cultural do estado.<\/p>\n<p><strong>Cooperativismo ganha espa\u00e7o nacional<\/strong><\/p>\n<p>O ponto culminante da agenda t\u00e9cnica ser\u00e1 o Encontro Nacional de Cooperativas da Agricultura Familiar, marcado por lan\u00e7amentos e iniciativas estrat\u00e9gicas para fortalecer e internacionalizar o cooperativismo. Entre elas, o Programa Cooperar para Exportar, que vai preparar 200 cooperativas para acessar o mercado externo e garantir cotas exclusivas em feiras internacionais de 2026; e o Programa Exporta Mais Cooperativas, com rodadas de neg\u00f3cios envolvendo 31 compradores internacionais de 11 segmentos. Outro momento simb\u00f3lico ser\u00e1 a assinatura de um contrato de exporta\u00e7\u00e3o para Portugal, abrindo novos caminhos para os produtos da agricultura familiar baiana no mercado europeu.<\/p>\n<p><strong>Novos editais e investimentos no rural baiano<\/strong><\/p>\n<p>Durante a Feira, o Governo do Estado tamb\u00e9m autorizar\u00e1 a Companhia de Desenvolvimento e A\u00e7\u00e3o Regional (CAR) a lan\u00e7ar cinco novos editais do projeto Bahia que Produz e Alimenta, voltados ao fortalecimento das cadeias produtivas da mandioca, caprinovinocultura, avicultura caipira, fitoter\u00e1picos e turismo rural de base comunit\u00e1ria.<\/p>\n<p>Com uma programa\u00e7\u00e3o robusta, diversa e conectada \u00e0s demandas do rural, a Feira reafirma seu papel como o maior espa\u00e7o de articula\u00e7\u00e3o, forma\u00e7\u00e3o e inova\u00e7\u00e3o do setor no estado. Realizada pelo Governo do Estado, por meio da Secretaria de Desenvolvimento Rural (SDR) e da CAR, em parceria com o Minist\u00e9rio do Desenvolvimento Agr\u00e1rio e Agricultura Familiar (MDA) e a UNICAFES Bahia, a 16\u00aa edi\u00e7\u00e3o reunir\u00e1 mais de seis mil produtos da agricultura familiar dos 27 Territ\u00f3rios de Identidade da Bahia, entre alimentos, bebidas, artesanato, cosm\u00e9ticos, flores e itens da economia solid\u00e1ria.<\/p>\n<div>\n<div>\n<div class=\"trv-player-container\">\n<div class=\"trv-wrapper\">\n<div id=\"br_video_player_7da43006369a90a37bbfea147751da9dc3c659f9\" class=\"trvd_video_player trvdinstream\">\n<div class=\"media-player\">\n<div class=\"trv-video\">\n<div id=\"truvid_ima_container52014\" class=\"truvid_ima_container\">\n<div>\n<div>\n<div>\n<div>\n<div>\n<div class=\"trv-player-container\">\n<div class=\"trv-wrapper\">\n<div id=\"br_video_player_7da43006369a90a37bbfea147751da9dc3c659f9\" class=\"trvd_video_player trvdinstream\">\n<div class=\"media-player\">\n<div class=\"trv-video\">\n<div id=\"truvid_ima_container52014\" class=\"truvid_ima_container\">\n<div>\n<div>\n<div>\n<div>\n<div>\n<div class=\"trv-player-container\">\n<div class=\"trv-wrapper\">\n<div id=\"br_video_player_7da43006369a90a37bbfea147751da9dc3c659f9\" class=\"trvd_video_player trvdinstream\">\n<div class=\"media-player\">\n<div class=\"trv-video\">\n<div id=\"truvid_ima_container52014\" class=\"truvid_ima_container\">\n<div>\n<div>\n<div>\n<div>\n<div>\n<div class=\"trv-player-container\">\n<div class=\"trv-wrapper\">\n<div id=\"br_video_player_7da43006369a90a37bbfea147751da9dc3c659f9\" class=\"trvd_video_player trvdinstream\">\n<div class=\"media-player\">\n<div class=\"trv-video\">\n<div id=\"truvid_ima_container52014\" class=\"truvid_ima_container\">\n<div>\n<div>\n<div>\n<div>\n<div>\n<div class=\"trv-player-container\">\n<div class=\"trv-wrapper\">\n<div id=\"br_video_player_7da43006369a90a37bbfea147751da9dc3c659f9\" class=\"trvd_video_player trvdinstream\">\n<div class=\"media-player\">\n<div class=\"trv-video\">\n<div id=\"truvid_ima_container52014\" class=\"truvid_ima_container\">\n<div>\n<div>\n<div>\n<div>\n<div>\n<div class=\"trv-player-container\">\n<div class=\"trv-wrapper\">\n<div id=\"br_video_player_7da43006369a90a37bbfea147751da9dc3c659f9\" class=\"trvd_video_player trvdinstream\">\n<div class=\"media-player\">\n<div class=\"trv-video\">\n<div id=\"truvid_ima_container52014\" class=\"truvid_ima_container\">\n<div>\n<div>\n<div>\n<div>\n<div>\n<div class=\"trv-player-container\">\n<div class=\"trv-wrapper\">\n<div id=\"br_video_player_7da43006369a90a37bbfea147751da9dc3c659f9\" class=\"trvd_video_player trvdinstream\">\n<div class=\"media-player\">\n<div class=\"trv-video\">\n<div id=\"truvid_ima_container52014\" class=\"truvid_ima_container\">\n<div>\n<div>\n<div>\n<div>\n<div>\n<div class=\"trv-player-container\">\n<div class=\"trv-wrapper\">\n<div id=\"br_video_player_7da43006369a90a37bbfea147751da9dc3c659f9\" class=\"trvd_video_player trvdinstream\">\n<div class=\"media-player\">\n<div class=\"trv-video\">\n<div id=\"truvid_ima_container52014\" class=\"truvid_ima_container\">\n<div>\n<div>\n<div>\n<div>\n<div>\n<div class=\"trv-player-container\">\n<div class=\"trv-wrapper\">\n<div id=\"br_video_player_7da43006369a90a37bbfea147751da9dc3c659f9\" class=\"trvd_video_player trvdinstream\">\n<div class=\"media-player\">\n<div class=\"trv-video\">\n<div id=\"truvid_ima_container52014\" class=\"truvid_ima_container\">\n<div>\n<div>\n<div>\n<div class=\"conteudo_post\">\n<p>Al\u00e9m da programa\u00e7\u00e3o t\u00e9cnica, o p\u00fablico encontrar\u00e1 espa\u00e7os tradicionais e amplamente aguardados, como a Tenda Quilombola, Tenda Ind\u00edgena, Tenda de Artesanato, a 3\u00aa Feira Agroecol\u00f3gica da Bahia, duas pra\u00e7as gastron\u00f4micas, atra\u00e7\u00f5es musicais e diversas atividades formativas e culturais.<\/p>\n<p>&nbsp;<\/p>\n<\/div>\n<div id=\"div-share\">Bahia.Ba<\/div>\n<\/div>\n<\/div>\n<\/div>\n<\/div>\n<\/div>\n<\/div>\n<\/div>\n<\/div>\n<\/div>\n<\/div>\n<\/div>\n<\/div>\n<\/div>\n<\/div>\n<\/div>\n<\/div>\n<\/div>\n<\/div>\n<\/div>\n<\/div>\n<\/div>\n<\/div>\n<\/div>\n<\/div>\n<\/div>\n<\/div>\n<\/div>\n<\/div>\n<\/div>\n<\/div>\n<\/div>\n<\/div>\n<\/div>\n<\/div>\n<\/div>\n<\/div>\n<\/div>\n<\/div>\n<\/div>\n<\/div>\n<\/div>\n<\/div>\n<\/div>\n<\/div>\n<\/div>\n<\/div>\n<\/div>\n<\/div>\n<\/div>\n<\/div>\n<\/div>\n<\/div>\n<\/div>\n<\/div>\n<\/div>\n<\/div>\n<\/div>\n<\/div>\n<\/div>\n<\/div>\n<\/div>\n<\/div>\n<\/div>\n<\/div>\n<\/div>\n<\/div>\n<\/div>\n<\/div>\n<\/div>\n<\/div>\n<\/div>\n<\/div>\n<\/div>\n<\/div>\n<\/div>\n<\/div>\n<\/div>\n<\/div>\n<\/div>\n<\/div>\n<\/div>\n<\/div>\n<\/div>\n<\/div>\n<\/div>\n<\/div>\n<\/div>\n<\/div>\n<\/div>\n<\/div>\n<\/div>\n<\/div>\n<\/div>\n<\/div>\n<\/div>\n<\/div>\n<\/div>\n<\/div>\n<\/div>\n<div class='share-to-whatsapp-wrapper'><div class='share-on-whsp'>Share on: <\/div><a data-text='16\u00aa Feira Baiana destaca debates e a\u00e7\u00f5es estrat\u00e9gicas para o desenvolvimento rural' data-link='https:\/\/newsinfoco.com.br\/inicio\/16a-feira-baiana-destaca-debates-e-acoes-estrategicas-para-o-desenvolvimento-rural\/' class='whatsapp-button whatsapp-share'>WhatsApp<\/a><div class='clear '><\/div><\/div>","protected":false},"excerpt":{"rendered":"<p>A 16\u00aa Feira Baiana da Agricultura Familiar e Economia Solid\u00e1ria ser\u00e1 realizada de 10 a 14 de dezembro, no Parque Costa Azul, em Salvador, com uma programa\u00e7\u00e3o t\u00e9cnica ampliada que re\u00fane debates estrat\u00e9gicos, lan\u00e7amentos e articula\u00e7\u00f5es decisivas para o futuro do rural baiano. Em 2025, a agenda se consolida como um dos pilares centrais do [&hellip;]<\/p>\n","protected":false},"author":1,"featured_media":48292,"comment_status":"closed","ping_status":"closed","sticky":false,"template":"","format":"standard","meta":{"om_disable_all_campaigns":false,"_exactmetrics_skip_tracking":false,"_exactmetrics_sitenote_active":false,"_exactmetrics_sitenote_note":"","_exactmetrics_sitenote_category":0,"footnotes":""},"categories":[19],"tags":[],"class_list":["post-48291","post","type-post","status-publish","format-standard","has-post-thumbnail","hentry","category-bahia"],"aioseo_notices":[],"_links":{"self":[{"href":"https:\/\/newsinfoco.com.br\/inicio\/wp-json\/wp\/v2\/posts\/48291","targetHints":{"allow":["GET"]}}],"collection":[{"href":"https:\/\/newsinfoco.com.br\/inicio\/wp-json\/wp\/v2\/posts"}],"about":[{"href":"https:\/\/newsinfoco.com.br\/inicio\/wp-json\/wp\/v2\/types\/post"}],"author":[{"embeddable":true,"href":"https:\/\/newsinfoco.com.br\/inicio\/wp-json\/wp\/v2\/users\/1"}],"replies":[{"embeddable":true,"href":"https:\/\/newsinfoco.com.br\/inicio\/wp-json\/wp\/v2\/comments?post=48291"}],"version-history":[{"count":1,"href":"https:\/\/newsinfoco.com.br\/inicio\/wp-json\/wp\/v2\/posts\/48291\/revisions"}],"predecessor-version":[{"id":48293,"href":"https:\/\/newsinfoco.com.br\/inicio\/wp-json\/wp\/v2\/posts\/48291\/revisions\/48293"}],"wp:featuredmedia":[{"embeddable":true,"href":"https:\/\/newsinfoco.com.br\/inicio\/wp-json\/wp\/v2\/media\/48292"}],"wp:attachment":[{"href":"https:\/\/newsinfoco.com.br\/inicio\/wp-json\/wp\/v2\/media?parent=48291"}],"wp:term":[{"taxonomy":"category","embeddable":true,"href":"https:\/\/newsinfoco.com.br\/inicio\/wp-json\/wp\/v2\/categories?post=48291"},{"taxonomy":"post_tag","embeddable":true,"href":"https:\/\/newsinfoco.com.br\/inicio\/wp-json\/wp\/v2\/tags?post=48291"}],"curies":[{"name":"wp","href":"https:\/\/api.w.org\/{rel}","templated":true}]}}