{"id":48298,"date":"2025-12-08T14:51:31","date_gmt":"2025-12-08T17:51:31","guid":{"rendered":"https:\/\/newsinfoco.com.br\/inicio\/?p=48298"},"modified":"2025-12-08T14:51:31","modified_gmt":"2025-12-08T17:51:31","slug":"wagner-moura-e-o-agente-secreto-sao-indicados-ao-globo-de-ouro-confira","status":"publish","type":"post","link":"https:\/\/newsinfoco.com.br\/inicio\/wagner-moura-e-o-agente-secreto-sao-indicados-ao-globo-de-ouro-confira\/","title":{"rendered":"Wagner Moura e \u2018O Agente Secreto\u2019 s\u00e3o indicados ao Globo de Ouro; confira"},"content":{"rendered":"<p>O ator Wagner Moura foi indicado nesta segunda-feira (8) ao Globo de Ouro na categoria de Melhor Ator em filme de drama por seu papel em \u201cO Agente Secreto\u201d. A premia\u00e7\u00e3o \u00e9 considerada um dos \u201cterm\u00f4metros\u201d para o Oscar e tem sua cerim\u00f4nia marcada para o dia 11 de janeiro, \u00e0s 21h, em Los Angeles, nos Estados Unidos.<\/p>\n<p>O longa-metragem, dirigido por Kleber Mendon\u00e7a Filho, tamb\u00e9m recebeu outras duas indica\u00e7\u00f5es nas categorias de Melhor Filme de Drama e Melhor Filme de L\u00edngua N\u00e3o-Inglesa. Esta \u00e9 a primeira vez um filme brasileiro \u00e9 indicado \u00e0 categoria principal do Globo de Ouro.<\/p><div class=\"newsi-conteudo_19\" id=\"newsi-2473846140\"><a href=\"https:\/\/www.instagram.com\/prefeituraalagoinhas?igsh=YzgzdDJ1bWR3aWI4\" aria-label=\"SAVE_20251006_221555\"><img loading=\"lazy\" decoding=\"async\" src=\"https:\/\/newsinfoco.com.br\/inicio\/wp-content\/uploads\/2025\/10\/SAVE_20251006_221555-rotated.jpg\" alt=\"\"  srcset=\"https:\/\/newsinfoco.com.br\/inicio\/wp-content\/uploads\/2025\/10\/SAVE_20251006_221555-rotated.jpg 1140w, https:\/\/newsinfoco.com.br\/inicio\/wp-content\/uploads\/2025\/10\/SAVE_20251006_221555-300x52.jpg 300w, https:\/\/newsinfoco.com.br\/inicio\/wp-content\/uploads\/2025\/10\/SAVE_20251006_221555-1024x177.jpg 1024w, https:\/\/newsinfoco.com.br\/inicio\/wp-content\/uploads\/2025\/10\/SAVE_20251006_221555-768x133.jpg 768w, https:\/\/newsinfoco.com.br\/inicio\/wp-content\/uploads\/2025\/10\/SAVE_20251006_221555-600x104.jpg 600w, https:\/\/newsinfoco.com.br\/inicio\/wp-content\/uploads\/2025\/10\/SAVE_20251006_221555-696x120.jpg 696w, https:\/\/newsinfoco.com.br\/inicio\/wp-content\/uploads\/2025\/10\/SAVE_20251006_221555-1068x185.jpg 1068w\" sizes=\"(max-width: 1140px) 100vw, 1140px\" width=\"1140\" height=\"197\"   \/><\/a><\/div>\n<p>A obra tamb\u00e9m bateu o recorde de indica\u00e7\u00f5es de um longa brasileiro na premia\u00e7\u00e3o, superando Central do Brasil (1998) e Ainda Estou Aqui (2024), que haviam sido indicados somente \u00e0 Melhor Filme de L\u00edngua N\u00e3o-Inglesa e Melhor Atriz.<\/p>\n<p>J\u00e1 Wagner Moura acumula sua segunda indica\u00e7\u00e3o no Globo de Ouro. Em 2016, ele concorreu na categoria de Melhor Ator em S\u00e9rie de Drama por sua atua\u00e7\u00e3o na s\u00e9rie \u201cNarcos\u201d, da Netflix, onde interpretava o narcotraficante colombiano Pablo Escobar.<\/p>\n<div>\n<div>\n<div class=\"trv-player-container\">\n<div class=\"trv-wrapper\">\n<div id=\"br_video_player_b5507c7ca8cfa4c51b7cea147751da9dc3c659f9\" class=\"trvd_video_player trvdinstream\">\n<div class=\"media-player\">\n<div class=\"trv-video\">\n<div id=\"truvid_ima_container18278\" class=\"truvid_ima_container trv-ima-container-hidden\">\n<div class=\"conteudo_post\">\n<p>Moura tem sido um dos principais nomes cotados para o Oscar 2026, com sua performance sendo bastante elogiada pela cr\u00edtica e p\u00fablico desde a estreia de \u201cO Agente Secreto\u201d no Festival de Cannes. Ele j\u00e1 soma mais de cinco de pr\u00eamio internacionais, entre eles o da mostra francesa, o do Festival de Chicago, o da cr\u00edtica de Nova York e mais.<\/p>\n<p>Neste ano, a atriz brasileira Fernanda Torres fez hist\u00f3ria ao ganhar o pr\u00eamio Melhor Atriz por \u201cAinda Estou Aqui\u201d. Algumas semanas depois, ela foi indicada ao Oscar.<\/p>\n<\/div>\n<div id=\"div-share\">\n<div class=\"conteudo_post\"><\/div>\n<div id=\"div-share\">Bahia.Ba<\/div>\n<\/div>\n<\/div>\n<\/div>\n<\/div>\n<\/div>\n<\/div>\n<\/div>\n<\/div>\n<\/div>\n<div class='share-to-whatsapp-wrapper'><div class='share-on-whsp'>Share on: <\/div><a data-text='Wagner Moura e \u2018O Agente Secreto\u2019 s\u00e3o indicados ao Globo de Ouro; confira' data-link='https:\/\/newsinfoco.com.br\/inicio\/wagner-moura-e-o-agente-secreto-sao-indicados-ao-globo-de-ouro-confira\/' class='whatsapp-button whatsapp-share'>WhatsApp<\/a><div class='clear '><\/div><\/div>","protected":false},"excerpt":{"rendered":"<p>O ator Wagner Moura foi indicado nesta segunda-feira (8) ao Globo de Ouro na categoria de Melhor Ator em filme de drama por seu papel em \u201cO Agente Secreto\u201d. A premia\u00e7\u00e3o \u00e9 considerada um dos \u201cterm\u00f4metros\u201d para o Oscar e tem sua cerim\u00f4nia marcada para o dia 11 de janeiro, \u00e0s 21h, em Los Angeles, [&hellip;]<\/p>\n","protected":false},"author":1,"featured_media":48299,"comment_status":"closed","ping_status":"closed","sticky":false,"template":"","format":"standard","meta":{"om_disable_all_campaigns":false,"_exactmetrics_skip_tracking":false,"_exactmetrics_sitenote_active":false,"_exactmetrics_sitenote_note":"","_exactmetrics_sitenote_category":0,"footnotes":""},"categories":[21],"tags":[],"class_list":["post-48298","post","type-post","status-publish","format-standard","has-post-thumbnail","hentry","category-brasil"],"aioseo_notices":[],"_links":{"self":[{"href":"https:\/\/newsinfoco.com.br\/inicio\/wp-json\/wp\/v2\/posts\/48298","targetHints":{"allow":["GET"]}}],"collection":[{"href":"https:\/\/newsinfoco.com.br\/inicio\/wp-json\/wp\/v2\/posts"}],"about":[{"href":"https:\/\/newsinfoco.com.br\/inicio\/wp-json\/wp\/v2\/types\/post"}],"author":[{"embeddable":true,"href":"https:\/\/newsinfoco.com.br\/inicio\/wp-json\/wp\/v2\/users\/1"}],"replies":[{"embeddable":true,"href":"https:\/\/newsinfoco.com.br\/inicio\/wp-json\/wp\/v2\/comments?post=48298"}],"version-history":[{"count":1,"href":"https:\/\/newsinfoco.com.br\/inicio\/wp-json\/wp\/v2\/posts\/48298\/revisions"}],"predecessor-version":[{"id":48300,"href":"https:\/\/newsinfoco.com.br\/inicio\/wp-json\/wp\/v2\/posts\/48298\/revisions\/48300"}],"wp:featuredmedia":[{"embeddable":true,"href":"https:\/\/newsinfoco.com.br\/inicio\/wp-json\/wp\/v2\/media\/48299"}],"wp:attachment":[{"href":"https:\/\/newsinfoco.com.br\/inicio\/wp-json\/wp\/v2\/media?parent=48298"}],"wp:term":[{"taxonomy":"category","embeddable":true,"href":"https:\/\/newsinfoco.com.br\/inicio\/wp-json\/wp\/v2\/categories?post=48298"},{"taxonomy":"post_tag","embeddable":true,"href":"https:\/\/newsinfoco.com.br\/inicio\/wp-json\/wp\/v2\/tags?post=48298"}],"curies":[{"name":"wp","href":"https:\/\/api.w.org\/{rel}","templated":true}]}}