{"id":48302,"date":"2025-12-08T15:06:04","date_gmt":"2025-12-08T18:06:04","guid":{"rendered":"https:\/\/newsinfoco.com.br\/inicio\/?p=48302"},"modified":"2025-12-08T15:06:04","modified_gmt":"2025-12-08T18:06:04","slug":"empresa-lanca-mega-projeto-de-energia-alternativa-na-bahia-e-mg","status":"publish","type":"post","link":"https:\/\/newsinfoco.com.br\/inicio\/empresa-lanca-mega-projeto-de-energia-alternativa-na-bahia-e-mg\/","title":{"rendered":"Empresa lan\u00e7a mega projeto de energia alternativa na Bahia e MG"},"content":{"rendered":"<p>O governador Jer\u00f4nimo Rodrigues prestigiou, nesta segunda-feira (8), ao lado do senador Jaques Wagner e de secret\u00e1rios estaduais, o evento de lan\u00e7amento da pedra fundamental do projeto Serra Dourada, da empresa Isa Energia Brasil, que ampliar\u00e1 o acesso de 20 munic\u00edpios da Bahia \u00e0s energias solar e e\u00f3lica at\u00e9 2026.<\/p>\n<p>A cerim\u00f4nia, realizada no Palacete Tira-chap\u00e9u, no Centro Hist\u00f3rico de Salvador, apresentou o projeto, que prev\u00ea a constru\u00e7\u00e3o de cinco linhas de transmiss\u00e3o a\u00e9rea em 500 kV, com 1.097 quil\u00f4metros de extens\u00e3o, que v\u00e3o alcan\u00e7ar cidades do Oeste da Bahia e do Norte de Minas Gerais.<\/p><div class=\"newsi-conteudo_19\" id=\"newsi-2294540970\"><a href=\"https:\/\/www.instagram.com\/prefeituraalagoinhas?igsh=YzgzdDJ1bWR3aWI4\" aria-label=\"SAVE_20251006_221555\"><img loading=\"lazy\" decoding=\"async\" src=\"https:\/\/newsinfoco.com.br\/inicio\/wp-content\/uploads\/2025\/10\/SAVE_20251006_221555-rotated.jpg\" alt=\"\"  srcset=\"https:\/\/newsinfoco.com.br\/inicio\/wp-content\/uploads\/2025\/10\/SAVE_20251006_221555-rotated.jpg 1140w, https:\/\/newsinfoco.com.br\/inicio\/wp-content\/uploads\/2025\/10\/SAVE_20251006_221555-300x52.jpg 300w, https:\/\/newsinfoco.com.br\/inicio\/wp-content\/uploads\/2025\/10\/SAVE_20251006_221555-1024x177.jpg 1024w, https:\/\/newsinfoco.com.br\/inicio\/wp-content\/uploads\/2025\/10\/SAVE_20251006_221555-768x133.jpg 768w, https:\/\/newsinfoco.com.br\/inicio\/wp-content\/uploads\/2025\/10\/SAVE_20251006_221555-600x104.jpg 600w, https:\/\/newsinfoco.com.br\/inicio\/wp-content\/uploads\/2025\/10\/SAVE_20251006_221555-696x120.jpg 696w, https:\/\/newsinfoco.com.br\/inicio\/wp-content\/uploads\/2025\/10\/SAVE_20251006_221555-1068x185.jpg 1068w\" sizes=\"(max-width: 1140px) 100vw, 1140px\" width=\"1140\" height=\"197\"   \/><\/a><\/div>\n<p>\u201cEstou muito feliz, j\u00e1 s\u00e3o 1.500 pessoas trabalhando nesse empreendimento, 20 munic\u00edpios da Bahia ser\u00e3o contemplados e queria refor\u00e7ar que essa \u00e9 uma agenda estruturante. O Brasil enfrenta uma s\u00e9rie de problemas hoje em rela\u00e7\u00e3o \u00e0 quest\u00e3o dos cortes na gera\u00e7\u00e3o. Ent\u00e3o, os linh\u00f5es servem para isso. Teremos essas linhas de transmiss\u00e3o tirando a energia da fonte e levando para os lugares que mais precisam\u201d, disse o chefe do executivo baiano, que acrescentou que a Bahia \u00e9 l\u00edder em energias renov\u00e1veis no pa\u00eds.<\/p>\n<p>Ser\u00e3o 23 munic\u00edpios \u2014 20 deles baianos e 3 mineiros \u2014 beneficiados com acesso \u00e0s energias renov\u00e1veis. Ainda est\u00e1 prevista a constru\u00e7\u00e3o de tr\u00eas novas subesta\u00e7\u00f5es de energia em Campo Formoso II, Barra II e Correntina, com proje\u00e7\u00e3o de aliviar o carregamento na rede j\u00e1 existente e fortalecer a interliga\u00e7\u00e3o entre os sistemas Nordeste e Sudeste. Segundo o diretor-presidente da Isa Energia Brasil, Rui Chammas, o pa\u00eds tem grandes geradores, parques e\u00f3licos e solares, mas a transmiss\u00e3o \u00e9 fundamental para fazer a grande conex\u00e3o entre as redes e a resid\u00eancia das pessoas.<\/p>\n<div class=\"conteudo_post\">\n<p>\u201c\u00c9 um potencial \u00fanico. Eu diria que esse projeto \u00e9 uma das espinhas dorsais da transi\u00e7\u00e3o energ\u00e9tica do nosso pa\u00eds. O Brasil tem grandes geradores, parques e\u00f3licos e solares, e linhas que conectam a gera\u00e7\u00e3o \u00e0s distribuidoras nas v\u00e1rias regi\u00f5es, garantindo a entrega. Sem a transmiss\u00e3o voc\u00ea n\u00e3o consegue conectar a gera\u00e7\u00e3o \u00e0 demanda final\u201d, comentou.<\/p>\n<p>Conquistado no Leil\u00e3o de Transmiss\u00e3o da Ag\u00eancia Nacional de Energia El\u00e9trica (ANEEL) n\u00ba 01\/2023 \u2013 lote 01, o projeto Serra Dourada ter\u00e1 investimento de R$ 3,2 bilh\u00f5es e integra os incentivos que comp\u00f5em as a\u00e7\u00f5es do Programa de Acelera\u00e7\u00e3o do Crescimento (PAC), do Governo Federal, para o escoamento da produ\u00e7\u00e3o de energias renov\u00e1veis na Bahia e em Minas Gerais.<\/p>\n<\/div>\n<div id=\"div-share\">Bahia.Ba<\/div>\n<div class='share-to-whatsapp-wrapper'><div class='share-on-whsp'>Share on: <\/div><a data-text='Empresa lan\u00e7a mega projeto de energia alternativa na Bahia e MG' data-link='https:\/\/newsinfoco.com.br\/inicio\/empresa-lanca-mega-projeto-de-energia-alternativa-na-bahia-e-mg\/' class='whatsapp-button whatsapp-share'>WhatsApp<\/a><div class='clear '><\/div><\/div>","protected":false},"excerpt":{"rendered":"<p>O governador Jer\u00f4nimo Rodrigues prestigiou, nesta segunda-feira (8), ao lado do senador Jaques Wagner e de secret\u00e1rios estaduais, o evento de lan\u00e7amento da pedra fundamental do projeto Serra Dourada, da empresa Isa Energia Brasil, que ampliar\u00e1 o acesso de 20 munic\u00edpios da Bahia \u00e0s energias solar e e\u00f3lica at\u00e9 2026. A cerim\u00f4nia, realizada no Palacete [&hellip;]<\/p>\n","protected":false},"author":1,"featured_media":48303,"comment_status":"closed","ping_status":"closed","sticky":false,"template":"","format":"standard","meta":{"om_disable_all_campaigns":false,"_exactmetrics_skip_tracking":false,"_exactmetrics_sitenote_active":false,"_exactmetrics_sitenote_note":"","_exactmetrics_sitenote_category":0,"footnotes":""},"categories":[19],"tags":[],"class_list":["post-48302","post","type-post","status-publish","format-standard","has-post-thumbnail","hentry","category-bahia"],"aioseo_notices":[],"_links":{"self":[{"href":"https:\/\/newsinfoco.com.br\/inicio\/wp-json\/wp\/v2\/posts\/48302","targetHints":{"allow":["GET"]}}],"collection":[{"href":"https:\/\/newsinfoco.com.br\/inicio\/wp-json\/wp\/v2\/posts"}],"about":[{"href":"https:\/\/newsinfoco.com.br\/inicio\/wp-json\/wp\/v2\/types\/post"}],"author":[{"embeddable":true,"href":"https:\/\/newsinfoco.com.br\/inicio\/wp-json\/wp\/v2\/users\/1"}],"replies":[{"embeddable":true,"href":"https:\/\/newsinfoco.com.br\/inicio\/wp-json\/wp\/v2\/comments?post=48302"}],"version-history":[{"count":1,"href":"https:\/\/newsinfoco.com.br\/inicio\/wp-json\/wp\/v2\/posts\/48302\/revisions"}],"predecessor-version":[{"id":48304,"href":"https:\/\/newsinfoco.com.br\/inicio\/wp-json\/wp\/v2\/posts\/48302\/revisions\/48304"}],"wp:featuredmedia":[{"embeddable":true,"href":"https:\/\/newsinfoco.com.br\/inicio\/wp-json\/wp\/v2\/media\/48303"}],"wp:attachment":[{"href":"https:\/\/newsinfoco.com.br\/inicio\/wp-json\/wp\/v2\/media?parent=48302"}],"wp:term":[{"taxonomy":"category","embeddable":true,"href":"https:\/\/newsinfoco.com.br\/inicio\/wp-json\/wp\/v2\/categories?post=48302"},{"taxonomy":"post_tag","embeddable":true,"href":"https:\/\/newsinfoco.com.br\/inicio\/wp-json\/wp\/v2\/tags?post=48302"}],"curies":[{"name":"wp","href":"https:\/\/api.w.org\/{rel}","templated":true}]}}