{"id":48305,"date":"2025-12-08T15:18:51","date_gmt":"2025-12-08T18:18:51","guid":{"rendered":"https:\/\/newsinfoco.com.br\/inicio\/?p=48305"},"modified":"2025-12-08T19:16:00","modified_gmt":"2025-12-08T22:16:00","slug":"flavio-bolsonaro-apresenta-menor-desempenho-do-que-tarcisio-de-freitas-e-michelle-no-segundo-turno","status":"publish","type":"post","link":"https:\/\/newsinfoco.com.br\/inicio\/flavio-bolsonaro-apresenta-menor-desempenho-do-que-tarcisio-de-freitas-e-michelle-no-segundo-turno\/","title":{"rendered":"Fl\u00e1vio Bolsonaro apresenta menor desempenho do que Tarc\u00edsio de Freitas e Michelle no segundo turno"},"content":{"rendered":"<p>O senador Fl\u00e1vio Bolsonaro (PL-RJ), um dos nomes cotados pela direita para disputar as elei\u00e7\u00f5es presidenciais de 2026 contra o presidente Luiz In\u00e1cio Lula da Silva (PT), possui o menor \u00edndice de inten\u00e7\u00e3o de votos contra o petista em um eventual segundo turno, \u00e9 o que apontam os dados da pesquisa Datafolha divulgados no s\u00e1bado (6). As informa\u00e7\u00f5es s\u00e3o do jornal Estad\u00e3o e do portal InfoMoney.<\/p>\n<p>De acordo com a pesquisa, o parlamentar, filho mais velho do ex-presidente Jair Bolsonaro (PL), ficaria at\u00e9 15 pontos atr\u00e1s de Lula na disputa de um eventual segundo turno, alcan\u00e7ando 36% dos votos, contra 51% do petista. Os votos brancos e nulos somariam 12%. A margem de erro \u00e9 de 2 pontos para mais ou para menos.<\/p><div class=\"newsi-conteudo_19\" id=\"newsi-3731723693\"><a href=\"https:\/\/www.instagram.com\/prefeituraalagoinhas?igsh=YzgzdDJ1bWR3aWI4\" aria-label=\"SAVE_20251006_221555\"><img loading=\"lazy\" decoding=\"async\" src=\"https:\/\/newsinfoco.com.br\/inicio\/wp-content\/uploads\/2025\/10\/SAVE_20251006_221555-rotated.jpg\" alt=\"\"  srcset=\"https:\/\/newsinfoco.com.br\/inicio\/wp-content\/uploads\/2025\/10\/SAVE_20251006_221555-rotated.jpg 1140w, https:\/\/newsinfoco.com.br\/inicio\/wp-content\/uploads\/2025\/10\/SAVE_20251006_221555-300x52.jpg 300w, https:\/\/newsinfoco.com.br\/inicio\/wp-content\/uploads\/2025\/10\/SAVE_20251006_221555-1024x177.jpg 1024w, https:\/\/newsinfoco.com.br\/inicio\/wp-content\/uploads\/2025\/10\/SAVE_20251006_221555-768x133.jpg 768w, https:\/\/newsinfoco.com.br\/inicio\/wp-content\/uploads\/2025\/10\/SAVE_20251006_221555-600x104.jpg 600w, https:\/\/newsinfoco.com.br\/inicio\/wp-content\/uploads\/2025\/10\/SAVE_20251006_221555-696x120.jpg 696w, https:\/\/newsinfoco.com.br\/inicio\/wp-content\/uploads\/2025\/10\/SAVE_20251006_221555-1068x185.jpg 1068w\" sizes=\"(max-width: 1140px) 100vw, 1140px\" width=\"1140\" height=\"197\"   \/><\/a><\/div>\n<p>Fl\u00e1vio, que anunciou sua pr\u00e9-candidatura ao Pal\u00e1cio do Planalto na sexta-feira (5), foi rejeitado por 38% dos entrevistados na pesquisa. Ao todo, os membros da fam\u00edlia Bolsonaro acumularam uma rejei\u00e7\u00e3o de 35% no levantamento. O deputado federal Eduardo Bolsonaro (PL-SP), por exemplo, conseguiria apenas 35% das inten\u00e7\u00f5es de voto em um cen\u00e1rio de segundo turno com Lula.<\/p>\n<p>J\u00e1 a ex-primeira-dama Michelle Bolsonaro (PL), membro mais bem avaliado da fam\u00edlia, conseguiria 39% dos votos, de acordo com a pesquisa. Na margem de erro, os tr\u00eas est\u00e3o praticamente empatados na rejei\u00e7\u00e3o pelos entrevistados pelo Datafolha: 37% disseram que n\u00e3o votariam de jeito nenhum em Eduardo, enquanto 35% afirmaram o mesmo sobre Michelle.<\/p>\n<p>Segundo a pesquisa, a rejei\u00e7\u00e3o a Lula chega a 44%. A direita enfrenta uma indefini\u00e7\u00e3o em torno de quem ser\u00e1 o representante de oposi\u00e7\u00e3o ao governo petista no pleito do pr\u00f3ximo ano. Com seu principal nome ineleg\u00edvel e condenado pelo Supremo Tribunal Federal (STF), diversos candidatos t\u00eam emergido pela posi\u00e7\u00e3o.<\/p>\n<p>Caso pudesse disputar as elei\u00e7\u00f5es do pr\u00f3ximo ano, Jair Bolsonaro seria o candidato com o maior \u00edndice de reprova\u00e7\u00e3o, 45%.<\/p>\n<p><strong>Governadores<\/strong><\/p>\n<p>O \u00edndice de rejei\u00e7\u00e3o entre governadores situados no campo da direita \u00e9 menor que o dos membros da fam\u00edlia Bolsonaro, apenas 20%. Por conta disso, uma vit\u00f3ria de Lula no segundo turno seria mais apertada contra os governadores de S\u00e3o Paulo, Tarc\u00edsio de Freitas (Republicanos) e do Paran\u00e1, Ratinho Jr. (PSD), mostra a pesquisa.<\/p>\n<p>Neste cen\u00e1rio, o petista venceria o atual governador paulista com 47% dos votos ante 42% de Tarc\u00edsio. J\u00e1 em uma disputa contra Ratinho Jr., o presidente tamb\u00e9m alcan\u00e7aria 47% dos votos, contra 41% do governador do Paran\u00e1.<\/p>\n<p>Considerando a taxa de rejei\u00e7\u00e3o, o \u00edndice de Tarc\u00edsio de Freitas \u00e9 de 20%, inferior aos 21% registrados por Ratinho Jr.<\/p>\n<p>Outros governadores da direita apresentaram um menor percentual de rejei\u00e7\u00e3o, como o governador de Goi\u00e1s, Ronaldo Caiado (Uni\u00e3o Brasil), que registrou 18%. J\u00e1 o gestor estadual de Minas Gerais, Romeu Zema (Novo), apresenta 21% de rejei\u00e7\u00e3o, segundo a pesquisa.<\/p>\n<p>Bahia.Ba<\/p>\n<div>\n<div class=\"trv-player-container\">\n<div class=\"trv-wrapper\">\n<div id=\"br_video_player_1b95bf5e1dcc10df2ac3ea147751da9dc3c659f9\" class=\"trvd_video_player trvdinstream\">\n<div class=\"media-player\">\n<div class=\"trv-video\">\n<div id=\"truvid_ima_container68854\" class=\"truvid_ima_container\"><\/div>\n<\/div>\n<\/div>\n<\/div>\n<\/div>\n<\/div>\n<\/div>\n<div class='share-to-whatsapp-wrapper'><div class='share-on-whsp'>Share on: <\/div><a data-text='Fl\u00e1vio Bolsonaro apresenta menor desempenho do que Tarc\u00edsio de Freitas e Michelle no segundo turno' data-link='https:\/\/newsinfoco.com.br\/inicio\/flavio-bolsonaro-apresenta-menor-desempenho-do-que-tarcisio-de-freitas-e-michelle-no-segundo-turno\/' class='whatsapp-button whatsapp-share'>WhatsApp<\/a><div class='clear '><\/div><\/div>","protected":false},"excerpt":{"rendered":"<p>O senador Fl\u00e1vio Bolsonaro (PL-RJ), um dos nomes cotados pela direita para disputar as elei\u00e7\u00f5es presidenciais de 2026 contra o presidente Luiz In\u00e1cio Lula da Silva (PT), possui o menor \u00edndice de inten\u00e7\u00e3o de votos contra o petista em um eventual segundo turno, \u00e9 o que apontam os dados da pesquisa Datafolha divulgados no s\u00e1bado [&hellip;]<\/p>\n","protected":false},"author":1,"featured_media":48306,"comment_status":"closed","ping_status":"closed","sticky":false,"template":"","format":"standard","meta":{"om_disable_all_campaigns":false,"_exactmetrics_skip_tracking":false,"_exactmetrics_sitenote_active":false,"_exactmetrics_sitenote_note":"","_exactmetrics_sitenote_category":0,"footnotes":""},"categories":[21],"tags":[],"class_list":["post-48305","post","type-post","status-publish","format-standard","has-post-thumbnail","hentry","category-brasil"],"aioseo_notices":[],"_links":{"self":[{"href":"https:\/\/newsinfoco.com.br\/inicio\/wp-json\/wp\/v2\/posts\/48305","targetHints":{"allow":["GET"]}}],"collection":[{"href":"https:\/\/newsinfoco.com.br\/inicio\/wp-json\/wp\/v2\/posts"}],"about":[{"href":"https:\/\/newsinfoco.com.br\/inicio\/wp-json\/wp\/v2\/types\/post"}],"author":[{"embeddable":true,"href":"https:\/\/newsinfoco.com.br\/inicio\/wp-json\/wp\/v2\/users\/1"}],"replies":[{"embeddable":true,"href":"https:\/\/newsinfoco.com.br\/inicio\/wp-json\/wp\/v2\/comments?post=48305"}],"version-history":[{"count":3,"href":"https:\/\/newsinfoco.com.br\/inicio\/wp-json\/wp\/v2\/posts\/48305\/revisions"}],"predecessor-version":[{"id":48329,"href":"https:\/\/newsinfoco.com.br\/inicio\/wp-json\/wp\/v2\/posts\/48305\/revisions\/48329"}],"wp:featuredmedia":[{"embeddable":true,"href":"https:\/\/newsinfoco.com.br\/inicio\/wp-json\/wp\/v2\/media\/48306"}],"wp:attachment":[{"href":"https:\/\/newsinfoco.com.br\/inicio\/wp-json\/wp\/v2\/media?parent=48305"}],"wp:term":[{"taxonomy":"category","embeddable":true,"href":"https:\/\/newsinfoco.com.br\/inicio\/wp-json\/wp\/v2\/categories?post=48305"},{"taxonomy":"post_tag","embeddable":true,"href":"https:\/\/newsinfoco.com.br\/inicio\/wp-json\/wp\/v2\/tags?post=48305"}],"curies":[{"name":"wp","href":"https:\/\/api.w.org\/{rel}","templated":true}]}}