{"id":48309,"date":"2025-12-08T15:33:41","date_gmt":"2025-12-08T18:33:41","guid":{"rendered":"https:\/\/newsinfoco.com.br\/inicio\/?p=48309"},"modified":"2025-12-08T15:33:41","modified_gmt":"2025-12-08T18:33:41","slug":"bruno-reis-anuncia-que-salvador-tera-100-da-frota-de-onibus-com-ar-condicionado-ate-2028","status":"publish","type":"post","link":"https:\/\/newsinfoco.com.br\/inicio\/bruno-reis-anuncia-que-salvador-tera-100-da-frota-de-onibus-com-ar-condicionado-ate-2028\/","title":{"rendered":"Bruno Reis anuncia que Salvador ter\u00e1 100% da frota de \u00f4nibus com ar-condicionado at\u00e9 2028"},"content":{"rendered":"<p>O prefeito de Salvador, Bruno Reis (Uni\u00e3o Brasil), afirmou nesta sexta-feira (5) que a capital baiana ter\u00e1 100% da frota de \u00f4nibus equipada com ar-condicionado at\u00e9 o final de 2028. A declara\u00e7\u00e3o ocorre ap\u00f3s, a C\u00e2mara Municipal de Salvador aprovar, em novembro, o Projeto de Lei de n\u00ba 522\/25, que<a href=\"https:\/\/bahia.ba\/politica\/camara-de-salvador-aprova-subsidio-de-r-67-mi-para-transporte-publico\/\" target=\"_blank\" rel=\"noopener noreferrer\">\u00a0autoriza concess\u00e3o de subs\u00eddio or\u00e7ament\u00e1rio ao servi\u00e7o de transporte p\u00fablico no valor de R$ 67 milh\u00f5es<\/a>.<\/p>\n<p>O prefeito destacou que\u00a0 prefeitura est\u00e1 destinando R$ 264 milh\u00f5es para a compra de 330 novos ve\u00edculos, todos com ar-condicionado e padr\u00e3o Euro 6, que come\u00e7am a chegar \u00e0 capital no in\u00edcio de 2026. Al\u00e9m disso, as concession\u00e1rias do sistema dever\u00e3o adquirir mais 200 \u00f4nibus ainda este ano, tamb\u00e9m para entrega no come\u00e7o do pr\u00f3ximo.<\/p><div class=\"newsi-conteudo_19\" id=\"newsi-3739793663\"><a href=\"https:\/\/www.instagram.com\/prefeituraalagoinhas?igsh=YzgzdDJ1bWR3aWI4\" aria-label=\"SAVE_20251006_221555\"><img loading=\"lazy\" decoding=\"async\" src=\"https:\/\/newsinfoco.com.br\/inicio\/wp-content\/uploads\/2025\/10\/SAVE_20251006_221555-rotated.jpg\" alt=\"\"  srcset=\"https:\/\/newsinfoco.com.br\/inicio\/wp-content\/uploads\/2025\/10\/SAVE_20251006_221555-rotated.jpg 1140w, https:\/\/newsinfoco.com.br\/inicio\/wp-content\/uploads\/2025\/10\/SAVE_20251006_221555-300x52.jpg 300w, https:\/\/newsinfoco.com.br\/inicio\/wp-content\/uploads\/2025\/10\/SAVE_20251006_221555-1024x177.jpg 1024w, https:\/\/newsinfoco.com.br\/inicio\/wp-content\/uploads\/2025\/10\/SAVE_20251006_221555-768x133.jpg 768w, https:\/\/newsinfoco.com.br\/inicio\/wp-content\/uploads\/2025\/10\/SAVE_20251006_221555-600x104.jpg 600w, https:\/\/newsinfoco.com.br\/inicio\/wp-content\/uploads\/2025\/10\/SAVE_20251006_221555-696x120.jpg 696w, https:\/\/newsinfoco.com.br\/inicio\/wp-content\/uploads\/2025\/10\/SAVE_20251006_221555-1068x185.jpg 1068w\" sizes=\"(max-width: 1140px) 100vw, 1140px\" width=\"1140\" height=\"197\"   \/><\/a><\/div>\n<p>Com a soma desses esfor\u00e7os, a expectativa da gest\u00e3o \u00e9 entregar 530 novos ve\u00edculos at\u00e9 a metade de 2026, ampliando significativamente o percentual da frota climatizada. \u201cNossa expectativa \u00e9 que at\u00e9 o meio do ano que vem possamos entregar \u00e0 cidade 530 novos \u00f4nibus, com isso dando um passo significativo para chegar ao final de 2028, que \u00e9 o meu compromisso, com 100% da frota com ar-condicionado, com \u00f4nibus novos\u201d, garantiu.<\/p>\n<p><strong>Valor da tarifa<\/strong><\/p>\n<div>\n<div>\n<div class=\"trv-player-container\">\n<div class=\"trv-wrapper\">\n<div id=\"br_video_player_9f34dd5f70795ae5730cea147751da9dc3c659f9\" class=\"trvd_video_player trvdinstream\">\n<div class=\"media-player\">\n<div class=\"trv-video\">\n<div id=\"truvid_ima_container65629\" class=\"truvid_ima_container trv-ima-container-hidden\">\n<div>\n<div>\n<div>\n<div class=\"trv-player-container\">\n<div class=\"trv-wrapper\">\n<div id=\"br_video_player_9f34dd5f70795ae5730cea147751da9dc3c659f9\" class=\"trvd_video_player trvdinstream\">\n<div class=\"media-player\">\n<div class=\"trv-video\">\n<div id=\"truvid_ima_container65629\" class=\"truvid_ima_container trv-ima-container-hidden\">\n<div>\n<div>\n<div>\n<div class=\"trv-player-container\">\n<div class=\"trv-wrapper\">\n<div id=\"br_video_player_9f34dd5f70795ae5730cea147751da9dc3c659f9\" class=\"trvd_video_player trvdinstream\">\n<div class=\"media-player\">\n<div class=\"trv-video\">\n<div id=\"truvid_ima_container65629\" class=\"truvid_ima_container trv-ima-container-hidden\">\n<div>\n<p>\u201cA tarifa hoje, se a popula\u00e7\u00e3o fosse pagar, era R$ 6,19. N\u00e3o os R$ 5,60 que est\u00e3o sendo pagos. A prefeitura est\u00e1 arcando com os outros R$ 0,59 de diferen\u00e7a\u201d, afirmou. O subs\u00eddio, segundo ele, representar\u00e1 cerca de R$ 60 milh\u00f5es em 2024. \u201cN\u00f3s, prefeitos, n\u00e3o temos condi\u00e7\u00f5es de assumir mais esse compromisso. Ao longo dos anos, o que a gente vem acompanhando no Brasil \u00e9 cada vez mais os munic\u00edpios assumindo atribui\u00e7\u00f5es e responsabilidades\u201d, concluiu.<\/p>\n<p>Bahia.Ba<\/p>\n<\/div>\n<\/div>\n<\/div>\n<\/div>\n<\/div>\n<\/div>\n<\/div>\n<\/div>\n<\/div>\n<\/div>\n<\/div>\n<\/div>\n<\/div>\n<\/div>\n<\/div>\n<\/div>\n<\/div>\n<\/div>\n<\/div>\n<\/div>\n<\/div>\n<\/div>\n<\/div>\n<\/div>\n<\/div>\n<\/div>\n<\/div>\n<div class='share-to-whatsapp-wrapper'><div class='share-on-whsp'>Share on: <\/div><a data-text='Bruno Reis anuncia que Salvador ter\u00e1 100% da frota de \u00f4nibus com ar-condicionado at\u00e9 2028' data-link='https:\/\/newsinfoco.com.br\/inicio\/bruno-reis-anuncia-que-salvador-tera-100-da-frota-de-onibus-com-ar-condicionado-ate-2028\/' class='whatsapp-button whatsapp-share'>WhatsApp<\/a><div class='clear '><\/div><\/div>","protected":false},"excerpt":{"rendered":"<p>O prefeito de Salvador, Bruno Reis (Uni\u00e3o Brasil), afirmou nesta sexta-feira (5) que a capital baiana ter\u00e1 100% da frota de \u00f4nibus equipada com ar-condicionado at\u00e9 o final de 2028. A declara\u00e7\u00e3o ocorre ap\u00f3s, a C\u00e2mara Municipal de Salvador aprovar, em novembro, o Projeto de Lei de n\u00ba 522\/25, que\u00a0autoriza concess\u00e3o de subs\u00eddio or\u00e7ament\u00e1rio ao [&hellip;]<\/p>\n","protected":false},"author":1,"featured_media":48310,"comment_status":"closed","ping_status":"closed","sticky":false,"template":"","format":"standard","meta":{"om_disable_all_campaigns":false,"_exactmetrics_skip_tracking":false,"_exactmetrics_sitenote_active":false,"_exactmetrics_sitenote_note":"","_exactmetrics_sitenote_category":0,"footnotes":""},"categories":[19],"tags":[],"class_list":["post-48309","post","type-post","status-publish","format-standard","has-post-thumbnail","hentry","category-bahia"],"aioseo_notices":[],"_links":{"self":[{"href":"https:\/\/newsinfoco.com.br\/inicio\/wp-json\/wp\/v2\/posts\/48309","targetHints":{"allow":["GET"]}}],"collection":[{"href":"https:\/\/newsinfoco.com.br\/inicio\/wp-json\/wp\/v2\/posts"}],"about":[{"href":"https:\/\/newsinfoco.com.br\/inicio\/wp-json\/wp\/v2\/types\/post"}],"author":[{"embeddable":true,"href":"https:\/\/newsinfoco.com.br\/inicio\/wp-json\/wp\/v2\/users\/1"}],"replies":[{"embeddable":true,"href":"https:\/\/newsinfoco.com.br\/inicio\/wp-json\/wp\/v2\/comments?post=48309"}],"version-history":[{"count":1,"href":"https:\/\/newsinfoco.com.br\/inicio\/wp-json\/wp\/v2\/posts\/48309\/revisions"}],"predecessor-version":[{"id":48311,"href":"https:\/\/newsinfoco.com.br\/inicio\/wp-json\/wp\/v2\/posts\/48309\/revisions\/48311"}],"wp:featuredmedia":[{"embeddable":true,"href":"https:\/\/newsinfoco.com.br\/inicio\/wp-json\/wp\/v2\/media\/48310"}],"wp:attachment":[{"href":"https:\/\/newsinfoco.com.br\/inicio\/wp-json\/wp\/v2\/media?parent=48309"}],"wp:term":[{"taxonomy":"category","embeddable":true,"href":"https:\/\/newsinfoco.com.br\/inicio\/wp-json\/wp\/v2\/categories?post=48309"},{"taxonomy":"post_tag","embeddable":true,"href":"https:\/\/newsinfoco.com.br\/inicio\/wp-json\/wp\/v2\/tags?post=48309"}],"curies":[{"name":"wp","href":"https:\/\/api.w.org\/{rel}","templated":true}]}}