{"id":48312,"date":"2025-12-08T16:10:56","date_gmt":"2025-12-08T19:10:56","guid":{"rendered":"https:\/\/newsinfoco.com.br\/inicio\/?p=48312"},"modified":"2025-12-08T16:10:56","modified_gmt":"2025-12-08T19:10:56","slug":"prefeitura-inicia-pacote-de-obras-com-investimento-superior-a-r-12-milhao","status":"publish","type":"post","link":"https:\/\/newsinfoco.com.br\/inicio\/prefeitura-inicia-pacote-de-obras-com-investimento-superior-a-r-12-milhao\/","title":{"rendered":"Prefeitura inicia pacote de obras com investimento superior a R$ 1,2 milh\u00e3o"},"content":{"rendered":"<p>O prefeito de Alagoinhas, Gustavo Carmo, assinou nesta segunda-feira, 8, a autoriza\u00e7\u00e3o para in\u00edcio das obras nas ruas Thompson Flores, In\u00e1cio Bastos e Professor Arthur Pereira. Ao todo, ser\u00e3o feitos 1.543 metros de \u00e1rea totalmente requalificada com asfalto tipo CBUQ, incluindo servi\u00e7os de drenagem. O valor total da obra \u00e9 de R$ 1.245.811,16, com emendas dos deputados federais Joseildo Ramos e Otto Filho. A Secretaria Municipal de Obras e Projetos (Seop) ficar\u00e1 com a responsabilidade de fiscalizar e acompanhar o projeto, contando com os apoios da Secretaria Municipal de Manuten\u00e7\u00e3o (Seman) e do Saae. J\u00e1 a empresa Rockefeller Pavimenta\u00e7\u00f5es SPE Ltda executar\u00e1 os servi\u00e7os.<\/p>\n<p>\u201cEssas obras v\u00e3o requalificar mais de um quil\u00f4metro e meio dessa art\u00e9ria importante da nossa cidade e, para al\u00e9m disso, tamb\u00e9m faremos interven\u00e7\u00f5es em locais j\u00e1 estrategicamente levantados para corre\u00e7\u00e3o de drenagem, inclusive alguns pontos de substitui\u00e7\u00e3o dos tubos de abastecimento de \u00e1gua, trocando de amianto por Polietileno de Alta Densidade (PEAD). Fico muito feliz por esse momento e quero agradecer o apoio dos deputados federais Joseildo Ramos e Otto Filho, que enviaram emendas para esses projetos. Estamos firmes e convictos de onde queremos chegar, sempre pensando em nossa popula\u00e7\u00e3o\u201d, declarou Gustavo Carmo.<\/p><div class=\"newsi-conteudo_19\" id=\"newsi-1143278206\"><a href=\"https:\/\/www.instagram.com\/prefeituraalagoinhas?igsh=YzgzdDJ1bWR3aWI4\" aria-label=\"SAVE_20251006_221555\"><img loading=\"lazy\" decoding=\"async\" src=\"https:\/\/newsinfoco.com.br\/inicio\/wp-content\/uploads\/2025\/10\/SAVE_20251006_221555-rotated.jpg\" alt=\"\"  srcset=\"https:\/\/newsinfoco.com.br\/inicio\/wp-content\/uploads\/2025\/10\/SAVE_20251006_221555-rotated.jpg 1140w, https:\/\/newsinfoco.com.br\/inicio\/wp-content\/uploads\/2025\/10\/SAVE_20251006_221555-300x52.jpg 300w, https:\/\/newsinfoco.com.br\/inicio\/wp-content\/uploads\/2025\/10\/SAVE_20251006_221555-1024x177.jpg 1024w, https:\/\/newsinfoco.com.br\/inicio\/wp-content\/uploads\/2025\/10\/SAVE_20251006_221555-768x133.jpg 768w, https:\/\/newsinfoco.com.br\/inicio\/wp-content\/uploads\/2025\/10\/SAVE_20251006_221555-600x104.jpg 600w, https:\/\/newsinfoco.com.br\/inicio\/wp-content\/uploads\/2025\/10\/SAVE_20251006_221555-696x120.jpg 696w, https:\/\/newsinfoco.com.br\/inicio\/wp-content\/uploads\/2025\/10\/SAVE_20251006_221555-1068x185.jpg 1068w\" sizes=\"(max-width: 1140px) 100vw, 1140px\" width=\"1140\" height=\"197\"   \/><\/a><\/div>\n<p>Na ocasi\u00e3o, o prefeito tamb\u00e9m j\u00e1 adiantou alguns an\u00fancios futuros no setor de obras e projetos. \u201cVamos publicar ainda este ano duas licita\u00e7\u00f5es importantes, que s\u00e3o as requalifica\u00e7\u00f5es da Pra\u00e7a M\u00e1rio Laert, no entorno do Carneir\u00e3o, e a requalifica\u00e7\u00e3o na Nova Rep\u00fablica. Em janeiro, no retorno dos trabalhos, vamos come\u00e7ar a organiza\u00e7\u00e3o para iniciar as obras do Parque S\u00e3o Crist\u00f3v\u00e3o, do Parque Vit\u00f3ria e do Pedro Braga\u201d, informou.<\/p>\n<p>O deputado federal Joseildo Ramos, que direcionou cerca de um milh\u00e3o para o projeto, pontuou a import\u00e2ncia da obra para a popula\u00e7\u00e3o de Alagoinhas. \u201cEssas obras t\u00eam um significado muito grande para mim, pois nasci no 15 de Novembro. Considerando o tempo que essa parte da cidade tem, onde n\u00e3o se fez anteriormente a revis\u00e3o de drenagem nem a reforma das pavimenta\u00e7\u00f5es, este se torna um momento extraordin\u00e1rio que vai trazer melhorias e mais qualidade de vida para a popula\u00e7\u00e3o, visto tratar-se de um projeto que incluir\u00e1 saneamento e pavimenta\u00e7\u00e3o\u201d, pontuou o deputado.<\/p>\n<p>Para o vice-prefeito, Luciano S\u00e9rgio reiterou o trabalho da gest\u00e3o municipal em apresentar in\u00fameras melhorias nas \u00e1reas de infraestrutura da cidade. \u201cAqui, nessa assinatura de in\u00edcio de obra, tem muita luta, muito suor derramado, al\u00e9m de dedica\u00e7\u00e3o e entrega. Tanto Gustavo Carmo quanto eu estamos trabalhando incansavelmente para anunciarmos esse tipo de not\u00edcia. Aqui n\u00e3o \u00e9 s\u00f3 a pavimenta\u00e7\u00e3o, mas sim um passo importante para melhorar a vida das pessoas.\u201d<\/p>\n<p>A secret\u00e1ria da Seop, Maria das Gra\u00e7as Reis, destacou o momento como uma celebra\u00e7\u00e3o pela realiza\u00e7\u00e3o das obras, ressaltando a dimens\u00e3o social das interven\u00e7\u00f5es e o impacto positivo que elas trar\u00e3o, especialmente para a vida da popula\u00e7\u00e3o que reside na localidade. \u201cFaremos um conjunto de obras que n\u00e3o diz respeito apenas \u00e0 pavimenta\u00e7\u00e3o. O prefeito Gustavo Carmo quer corrigir problemas de drenagem, problemas de abastecimento de \u00e1gua e depois pavimentar. Sabemos do hist\u00f3rico das \u00e1guas invadindo as casas das pessoas, a poeira quando passa um carro e suja toda a limpeza das resid\u00eancias, entre outras situa\u00e7\u00f5es. Quando a gente alcan\u00e7a uma situa\u00e7\u00e3o como essa de obras t\u00e3o significativas, n\u00f3s festejamos esse acontecimento, por entendermos as necessidades do povo da nossa cidade\u201d, enfatizou a secret\u00e1ria.<\/p>\n<p><strong>Agradecimentos da popula\u00e7\u00e3o<\/strong><\/p>\n<p>Representando os moradores do bairro Silva Jardim, Dorgival Gomes da Silva ressaltou que o anseio por uma mudan\u00e7a estrutural na localidade j\u00e1 se arrastava h\u00e1 muitos anos e que o an\u00fancio das obras trouxe mobiliza\u00e7\u00e3o e esperan\u00e7a \u00e0 comunidade. \u201cTem muitos anos que a gente luta por isso, porque s\u00e3o v\u00e1rios problemas como cal\u00e7amento desnivelado, o esgoto quebrando o tempo todo, entre outros. Ped\u00edamos aos prefeitos anteriores e nada, mas agora chegou a nossa vez. Essas obras v\u00e3o valorizar nossos im\u00f3veis, dando maior condi\u00e7\u00e3o de vida para todo mundo daqui do bairro, permitindo um acesso facilitado\u201d, frisou.<\/p>\n<p>Morando h\u00e1 63 anos na localidade, Jair da Gl\u00f3ria Chaves falou da alegria que os moradores est\u00e3o sentindo por verem efetivado um desejo antigo. \u201cEssas ruas devem ter cerca de 70 anos, e para n\u00f3s \u00e9 um sonho. Queremos agradecer ao prefeito e aos deputados, em especial Joseildo, que frequentava a casa da minha fam\u00edlia e conhece todos n\u00f3s. Ser\u00e1 uma realiza\u00e7\u00e3o pessoal de todos n\u00f3s que moramos aqui vermos essas ruas sendo requalificadas\u201d, disse.<\/p>\n<p>A presidente da Associa\u00e7\u00e3o da Baixa da Candeia, Valdeci Santos, falou do impacto que a obra vai proporcionar tanto para os moradores das tr\u00eas ruas envolvidas quanto para a popula\u00e7\u00e3o que mora nas proximidades. \u201cQueremos agradecer de cora\u00e7\u00e3o ao nosso prefeito, que faz isso com tanto empenho. A gente sabe que foi um desafio este ano e teve muita luta para que essas obras comecem. Portanto, agradecemos ao prefeito, ao vice-prefeito, aos deputados envolvidos e a todos os vereadores presentes neste momento\u201d, pontuou.<\/p>\n<p>&nbsp;<\/p>\n<div class='share-to-whatsapp-wrapper'><div class='share-on-whsp'>Share on: <\/div><a data-text='Prefeitura inicia pacote de obras com investimento superior a R$ 1,2 milh\u00e3o' data-link='https:\/\/newsinfoco.com.br\/inicio\/prefeitura-inicia-pacote-de-obras-com-investimento-superior-a-r-12-milhao\/' class='whatsapp-button whatsapp-share'>WhatsApp<\/a><div class='clear '><\/div><\/div>","protected":false},"excerpt":{"rendered":"<p>O prefeito de Alagoinhas, Gustavo Carmo, assinou nesta segunda-feira, 8, a autoriza\u00e7\u00e3o para in\u00edcio das obras nas ruas Thompson Flores, In\u00e1cio Bastos e Professor Arthur Pereira. Ao todo, ser\u00e3o feitos 1.543 metros de \u00e1rea totalmente requalificada com asfalto tipo CBUQ, incluindo servi\u00e7os de drenagem. O valor total da obra \u00e9 de R$ 1.245.811,16, com emendas [&hellip;]<\/p>\n","protected":false},"author":1,"featured_media":48314,"comment_status":"closed","ping_status":"closed","sticky":false,"template":"","format":"standard","meta":{"om_disable_all_campaigns":false,"_exactmetrics_skip_tracking":false,"_exactmetrics_sitenote_active":false,"_exactmetrics_sitenote_note":"","_exactmetrics_sitenote_category":0,"footnotes":""},"categories":[38,167],"tags":[],"class_list":["post-48312","post","type-post","status-publish","format-standard","has-post-thumbnail","hentry","category-alagoinhas-e-regiao","category-exclusivas"],"aioseo_notices":[],"_links":{"self":[{"href":"https:\/\/newsinfoco.com.br\/inicio\/wp-json\/wp\/v2\/posts\/48312","targetHints":{"allow":["GET"]}}],"collection":[{"href":"https:\/\/newsinfoco.com.br\/inicio\/wp-json\/wp\/v2\/posts"}],"about":[{"href":"https:\/\/newsinfoco.com.br\/inicio\/wp-json\/wp\/v2\/types\/post"}],"author":[{"embeddable":true,"href":"https:\/\/newsinfoco.com.br\/inicio\/wp-json\/wp\/v2\/users\/1"}],"replies":[{"embeddable":true,"href":"https:\/\/newsinfoco.com.br\/inicio\/wp-json\/wp\/v2\/comments?post=48312"}],"version-history":[{"count":1,"href":"https:\/\/newsinfoco.com.br\/inicio\/wp-json\/wp\/v2\/posts\/48312\/revisions"}],"predecessor-version":[{"id":48315,"href":"https:\/\/newsinfoco.com.br\/inicio\/wp-json\/wp\/v2\/posts\/48312\/revisions\/48315"}],"wp:featuredmedia":[{"embeddable":true,"href":"https:\/\/newsinfoco.com.br\/inicio\/wp-json\/wp\/v2\/media\/48314"}],"wp:attachment":[{"href":"https:\/\/newsinfoco.com.br\/inicio\/wp-json\/wp\/v2\/media?parent=48312"}],"wp:term":[{"taxonomy":"category","embeddable":true,"href":"https:\/\/newsinfoco.com.br\/inicio\/wp-json\/wp\/v2\/categories?post=48312"},{"taxonomy":"post_tag","embeddable":true,"href":"https:\/\/newsinfoco.com.br\/inicio\/wp-json\/wp\/v2\/tags?post=48312"}],"curies":[{"name":"wp","href":"https:\/\/api.w.org\/{rel}","templated":true}]}}