{"id":48316,"date":"2025-12-08T16:31:08","date_gmt":"2025-12-08T19:31:08","guid":{"rendered":"https:\/\/newsinfoco.com.br\/inicio\/?p=48316"},"modified":"2025-12-08T16:31:08","modified_gmt":"2025-12-08T19:31:08","slug":"encerramento-do-ciclo-do-orcamento-participativo-acontece-em-10-de-dezembro-em-alagoinhas","status":"publish","type":"post","link":"https:\/\/newsinfoco.com.br\/inicio\/encerramento-do-ciclo-do-orcamento-participativo-acontece-em-10-de-dezembro-em-alagoinhas\/","title":{"rendered":"Encerramento do Ciclo do Or\u00e7amento Participativo acontece em 10 de dezembro em Alagoinhas"},"content":{"rendered":"<p>A Prefeitura Municipal de Alagoinhas, por meio da Superintend\u00eancia de Participa\u00e7\u00e3o Popular (SPP\/SEGOV), convida a sociedade civil para o encerramento do Ciclo do Or\u00e7amento Participativo, que acontecer\u00e1 no pr\u00f3ximo dia 10 de dezembro (quarta-feira), \u00e0s 18h, na Pastoral do Menor, localizada na Rua Jos\u00e9 Sobrinho da Silva, n\u00ba 42, bairro Teres\u00f3polis.<\/p>\n<p>Durante o evento, que marca a conclus\u00e3o de uma etapa essencial para o fortalecimento da participa\u00e7\u00e3o social e da gest\u00e3o democr\u00e1tica no munic\u00edpio, ser\u00e3o realizados alguns procedimentos, como: certifica\u00e7\u00e3o dos delegados e conselheiros, divulga\u00e7\u00e3o da apresenta\u00e7\u00e3o do Plano de Investimentos 2026 e assinatura do Protocolo de Inten\u00e7\u00e3o para Coopera\u00e7\u00e3o T\u00e9cnica com a Secretaria Nacional de Participa\u00e7\u00e3o Social\/Secretaria-Geral da Presid\u00eancia da Rep\u00fablica.<\/p><div class=\"newsi-conteudo_19\" id=\"newsi-841772448\"><a href=\"https:\/\/www.instagram.com\/prefeituraalagoinhas?igsh=YzgzdDJ1bWR3aWI4\" aria-label=\"SAVE_20251006_221555\"><img loading=\"lazy\" decoding=\"async\" src=\"https:\/\/newsinfoco.com.br\/inicio\/wp-content\/uploads\/2025\/10\/SAVE_20251006_221555-rotated.jpg\" alt=\"\"  srcset=\"https:\/\/newsinfoco.com.br\/inicio\/wp-content\/uploads\/2025\/10\/SAVE_20251006_221555-rotated.jpg 1140w, https:\/\/newsinfoco.com.br\/inicio\/wp-content\/uploads\/2025\/10\/SAVE_20251006_221555-300x52.jpg 300w, https:\/\/newsinfoco.com.br\/inicio\/wp-content\/uploads\/2025\/10\/SAVE_20251006_221555-1024x177.jpg 1024w, https:\/\/newsinfoco.com.br\/inicio\/wp-content\/uploads\/2025\/10\/SAVE_20251006_221555-768x133.jpg 768w, https:\/\/newsinfoco.com.br\/inicio\/wp-content\/uploads\/2025\/10\/SAVE_20251006_221555-600x104.jpg 600w, https:\/\/newsinfoco.com.br\/inicio\/wp-content\/uploads\/2025\/10\/SAVE_20251006_221555-696x120.jpg 696w, https:\/\/newsinfoco.com.br\/inicio\/wp-content\/uploads\/2025\/10\/SAVE_20251006_221555-1068x185.jpg 1068w\" sizes=\"(max-width: 1140px) 100vw, 1140px\" width=\"1140\" height=\"197\"   \/><\/a><\/div>\n<p><strong>SERVI\u00c7O<\/strong><\/p>\n<p><strong>O qu\u00ea:<\/strong>\u00a0Encerramento do Ciclo do Or\u00e7amento Participativo<\/p>\n<p><strong>Data:<\/strong>\u00a010 de dezembro de 2025 (quarta-feira)<\/p>\n<p><strong>Hor\u00e1rio:<\/strong>\u00a018h<\/p>\n<p><strong>Local:<\/strong>\u00a0Pastoral do Menor (rua Jos\u00e9 Sobrinho da Silva, n\u00ba 42 \u2013 Bairro Teres\u00f3polis)<\/p>\n<div class='share-to-whatsapp-wrapper'><div class='share-on-whsp'>Share on: <\/div><a data-text='Encerramento do Ciclo do Or\u00e7amento Participativo acontece em 10 de dezembro em Alagoinhas' data-link='https:\/\/newsinfoco.com.br\/inicio\/encerramento-do-ciclo-do-orcamento-participativo-acontece-em-10-de-dezembro-em-alagoinhas\/' class='whatsapp-button whatsapp-share'>WhatsApp<\/a><div class='clear '><\/div><\/div>","protected":false},"excerpt":{"rendered":"<p>A Prefeitura Municipal de Alagoinhas, por meio da Superintend\u00eancia de Participa\u00e7\u00e3o Popular (SPP\/SEGOV), convida a sociedade civil para o encerramento do Ciclo do Or\u00e7amento Participativo, que acontecer\u00e1 no pr\u00f3ximo dia 10 de dezembro (quarta-feira), \u00e0s 18h, na Pastoral do Menor, localizada na Rua Jos\u00e9 Sobrinho da Silva, n\u00ba 42, bairro Teres\u00f3polis. Durante o evento, que [&hellip;]<\/p>\n","protected":false},"author":1,"featured_media":48317,"comment_status":"closed","ping_status":"closed","sticky":false,"template":"","format":"standard","meta":{"om_disable_all_campaigns":false,"_exactmetrics_skip_tracking":false,"_exactmetrics_sitenote_active":false,"_exactmetrics_sitenote_note":"","_exactmetrics_sitenote_category":0,"footnotes":""},"categories":[38,167],"tags":[],"class_list":["post-48316","post","type-post","status-publish","format-standard","has-post-thumbnail","hentry","category-alagoinhas-e-regiao","category-exclusivas"],"aioseo_notices":[],"_links":{"self":[{"href":"https:\/\/newsinfoco.com.br\/inicio\/wp-json\/wp\/v2\/posts\/48316","targetHints":{"allow":["GET"]}}],"collection":[{"href":"https:\/\/newsinfoco.com.br\/inicio\/wp-json\/wp\/v2\/posts"}],"about":[{"href":"https:\/\/newsinfoco.com.br\/inicio\/wp-json\/wp\/v2\/types\/post"}],"author":[{"embeddable":true,"href":"https:\/\/newsinfoco.com.br\/inicio\/wp-json\/wp\/v2\/users\/1"}],"replies":[{"embeddable":true,"href":"https:\/\/newsinfoco.com.br\/inicio\/wp-json\/wp\/v2\/comments?post=48316"}],"version-history":[{"count":1,"href":"https:\/\/newsinfoco.com.br\/inicio\/wp-json\/wp\/v2\/posts\/48316\/revisions"}],"predecessor-version":[{"id":48318,"href":"https:\/\/newsinfoco.com.br\/inicio\/wp-json\/wp\/v2\/posts\/48316\/revisions\/48318"}],"wp:featuredmedia":[{"embeddable":true,"href":"https:\/\/newsinfoco.com.br\/inicio\/wp-json\/wp\/v2\/media\/48317"}],"wp:attachment":[{"href":"https:\/\/newsinfoco.com.br\/inicio\/wp-json\/wp\/v2\/media?parent=48316"}],"wp:term":[{"taxonomy":"category","embeddable":true,"href":"https:\/\/newsinfoco.com.br\/inicio\/wp-json\/wp\/v2\/categories?post=48316"},{"taxonomy":"post_tag","embeddable":true,"href":"https:\/\/newsinfoco.com.br\/inicio\/wp-json\/wp\/v2\/tags?post=48316"}],"curies":[{"name":"wp","href":"https:\/\/api.w.org\/{rel}","templated":true}]}}