{"id":48323,"date":"2025-12-08T16:49:23","date_gmt":"2025-12-08T19:49:23","guid":{"rendered":"https:\/\/newsinfoco.com.br\/inicio\/?p=48323"},"modified":"2025-12-08T16:49:23","modified_gmt":"2025-12-08T19:49:23","slug":"alagoinhas-realiza-5a-edicao-do-festival-cidade-das-aguas-e-da-capoeiragem","status":"publish","type":"post","link":"https:\/\/newsinfoco.com.br\/inicio\/alagoinhas-realiza-5a-edicao-do-festival-cidade-das-aguas-e-da-capoeiragem\/","title":{"rendered":"Alagoinhas realiza 5\u00aa edi\u00e7\u00e3o do Festival Cidade das \u00c1guas e da Capoeiragem"},"content":{"rendered":"<p>Entre os dias 6 e 7 de dezembro, a Pra\u00e7a dos Esportes, em Alagoinhas, foi palco do 5\u00ba Festival Cidade das \u00c1guas e da Capoeiragem, uma celebra\u00e7\u00e3o dedicada \u00e0 valoriza\u00e7\u00e3o da capoeira. O encontro reuniu grupos de Alagoinhas e regi\u00e3o, promovendo troca de saberes, valoriza\u00e7\u00e3o de mestres e a preserva\u00e7\u00e3o dessa arte que carrega tradi\u00e7\u00e3o, resist\u00eancia e ancestralidade.<\/p>\n<p>O festival foi uma realiza\u00e7\u00e3o conjunta da Prefeitura de Alagoinhas, por meio da Secretaria Municipal de Cultura, Esporte e Turismo (Secet), e da C\u00e2mara Municipal, por meio de emenda da vereadora Juci Cardoso.<\/p><div class=\"newsi-conteudo_19\" id=\"newsi-4169947867\"><a href=\"https:\/\/www.instagram.com\/prefeituraalagoinhas?igsh=YzgzdDJ1bWR3aWI4\" aria-label=\"SAVE_20251006_221555\"><img loading=\"lazy\" decoding=\"async\" src=\"https:\/\/newsinfoco.com.br\/inicio\/wp-content\/uploads\/2025\/10\/SAVE_20251006_221555-rotated.jpg\" alt=\"\"  srcset=\"https:\/\/newsinfoco.com.br\/inicio\/wp-content\/uploads\/2025\/10\/SAVE_20251006_221555-rotated.jpg 1140w, https:\/\/newsinfoco.com.br\/inicio\/wp-content\/uploads\/2025\/10\/SAVE_20251006_221555-300x52.jpg 300w, https:\/\/newsinfoco.com.br\/inicio\/wp-content\/uploads\/2025\/10\/SAVE_20251006_221555-1024x177.jpg 1024w, https:\/\/newsinfoco.com.br\/inicio\/wp-content\/uploads\/2025\/10\/SAVE_20251006_221555-768x133.jpg 768w, https:\/\/newsinfoco.com.br\/inicio\/wp-content\/uploads\/2025\/10\/SAVE_20251006_221555-600x104.jpg 600w, https:\/\/newsinfoco.com.br\/inicio\/wp-content\/uploads\/2025\/10\/SAVE_20251006_221555-696x120.jpg 696w, https:\/\/newsinfoco.com.br\/inicio\/wp-content\/uploads\/2025\/10\/SAVE_20251006_221555-1068x185.jpg 1068w\" sizes=\"(max-width: 1140px) 100vw, 1140px\" width=\"1140\" height=\"197\"   \/><\/a><\/div>\n<p>A programa\u00e7\u00e3o contou com rodas de capoeira, debates, samba de roda, concurso de cantigas e apresenta\u00e7\u00f5es art\u00edsticas exaltando ancestralidade africana e promovendo o fortalecimento da diversidade cultural no munic\u00edpio. O evento tamb\u00e9m ofereceu servi\u00e7os de massoterapia, ventosaterapia e massagem facial, proporcionando aos participantes cuidados de sa\u00fade e bem-estar.<\/p>\n<p>Segundo a vereadora, \u201ca iniciativa tem como prop\u00f3sito fortalecer a capoeira no munic\u00edpio, destacando sua import\u00e2ncia como patrim\u00f4nio cultural afro-brasileiro e como instrumento de resist\u00eancia, educa\u00e7\u00e3o e identidade. \u00c9 uma celebra\u00e7\u00e3o que preserva tradi\u00e7\u00f5es essenciais para a hist\u00f3ria dos alagoinhenses.\u201d<\/p>\n<p>O secret\u00e1rio da Secet, Jo\u00e3o Henrique Paolilo, celebrou o sucesso do festival. \u201cFoi uma edi\u00e7\u00e3o de sucesso, com uma programa\u00e7\u00e3o ampla que reuniu rodas de capoeira, dan\u00e7a, m\u00fasica, concursos e muito mais. Promover um evento como este \u00e9 essencial para que Alagoinhas continue valorizando a capoeira, uma arte carregada de energia, musicalidade e identidade brasileira\u201d.<\/p>\n<p>Para Mestre Deda, da escola Filhos de Shalon, o festival \u201c\u00e9 um espa\u00e7o importante para compartilhar conhecimento, celebrar nossa arte e ampliar sua visibilidade\u201d.<\/p>\n<p>&nbsp;<\/p>\n<p>&nbsp;<\/p>\n<div class='share-to-whatsapp-wrapper'><div class='share-on-whsp'>Share on: <\/div><a data-text='Alagoinhas realiza 5\u00aa edi\u00e7\u00e3o do Festival Cidade das \u00c1guas e da Capoeiragem' data-link='https:\/\/newsinfoco.com.br\/inicio\/alagoinhas-realiza-5a-edicao-do-festival-cidade-das-aguas-e-da-capoeiragem\/' class='whatsapp-button whatsapp-share'>WhatsApp<\/a><div class='clear '><\/div><\/div>","protected":false},"excerpt":{"rendered":"<p>Entre os dias 6 e 7 de dezembro, a Pra\u00e7a dos Esportes, em Alagoinhas, foi palco do 5\u00ba Festival Cidade das \u00c1guas e da Capoeiragem, uma celebra\u00e7\u00e3o dedicada \u00e0 valoriza\u00e7\u00e3o da capoeira. O encontro reuniu grupos de Alagoinhas e regi\u00e3o, promovendo troca de saberes, valoriza\u00e7\u00e3o de mestres e a preserva\u00e7\u00e3o dessa arte que carrega tradi\u00e7\u00e3o, [&hellip;]<\/p>\n","protected":false},"author":1,"featured_media":48324,"comment_status":"closed","ping_status":"closed","sticky":false,"template":"","format":"standard","meta":{"om_disable_all_campaigns":false,"_exactmetrics_skip_tracking":false,"_exactmetrics_sitenote_active":false,"_exactmetrics_sitenote_note":"","_exactmetrics_sitenote_category":0,"footnotes":""},"categories":[38,167],"tags":[],"class_list":["post-48323","post","type-post","status-publish","format-standard","has-post-thumbnail","hentry","category-alagoinhas-e-regiao","category-exclusivas"],"aioseo_notices":[],"_links":{"self":[{"href":"https:\/\/newsinfoco.com.br\/inicio\/wp-json\/wp\/v2\/posts\/48323","targetHints":{"allow":["GET"]}}],"collection":[{"href":"https:\/\/newsinfoco.com.br\/inicio\/wp-json\/wp\/v2\/posts"}],"about":[{"href":"https:\/\/newsinfoco.com.br\/inicio\/wp-json\/wp\/v2\/types\/post"}],"author":[{"embeddable":true,"href":"https:\/\/newsinfoco.com.br\/inicio\/wp-json\/wp\/v2\/users\/1"}],"replies":[{"embeddable":true,"href":"https:\/\/newsinfoco.com.br\/inicio\/wp-json\/wp\/v2\/comments?post=48323"}],"version-history":[{"count":1,"href":"https:\/\/newsinfoco.com.br\/inicio\/wp-json\/wp\/v2\/posts\/48323\/revisions"}],"predecessor-version":[{"id":48325,"href":"https:\/\/newsinfoco.com.br\/inicio\/wp-json\/wp\/v2\/posts\/48323\/revisions\/48325"}],"wp:featuredmedia":[{"embeddable":true,"href":"https:\/\/newsinfoco.com.br\/inicio\/wp-json\/wp\/v2\/media\/48324"}],"wp:attachment":[{"href":"https:\/\/newsinfoco.com.br\/inicio\/wp-json\/wp\/v2\/media?parent=48323"}],"wp:term":[{"taxonomy":"category","embeddable":true,"href":"https:\/\/newsinfoco.com.br\/inicio\/wp-json\/wp\/v2\/categories?post=48323"},{"taxonomy":"post_tag","embeddable":true,"href":"https:\/\/newsinfoco.com.br\/inicio\/wp-json\/wp\/v2\/tags?post=48323"}],"curies":[{"name":"wp","href":"https:\/\/api.w.org\/{rel}","templated":true}]}}