{"id":4834,"date":"2018-06-05T21:24:35","date_gmt":"2018-06-06T00:24:35","guid":{"rendered":"http:\/\/newsinfoco.com.br\/?p=4834"},"modified":"2018-06-05T21:24:35","modified_gmt":"2018-06-06T00:24:35","slug":"projeto-de-lei-que-promoveria-cortes-nos-salarios-dos-professores-municipais-e-rejeitado-pela-camara-de-vereadores-de-inhambupe","status":"publish","type":"post","link":"https:\/\/newsinfoco.com.br\/inicio\/projeto-de-lei-que-promoveria-cortes-nos-salarios-dos-professores-municipais-e-rejeitado-pela-camara-de-vereadores-de-inhambupe\/","title":{"rendered":"Projeto de Lei que promoveria cortes nos sal\u00e1rios dos professores municipais \u00e9 rejeitado pela C\u00e2mara de Vereadores de Inhambupe"},"content":{"rendered":"<p style=\"text-align: justify;\">\u201cVencemos esta batalha\u201d. Essa frase dita por uma professora presente na sess\u00e3o legislativa ocorrida nesta ter\u00e7a-feira(05) na C\u00e2mara Municipal de Inhambupe, expressa o sentimento de toda uma categoria que vem lutando a meses contra o desejo da administra\u00e7\u00e3o municipal de diminuir os seus vencimentos.<\/p>\n<p style=\"text-align: justify;\">Logo pelas primeiras horas do dia, professores se aglomeravam em frente \u00e0 C\u00e2mara Municipal numa tentativa de impedir alguma manobra da prefeitura, como a antecipa\u00e7\u00e3o da sess\u00e3o legislativa, para pegar a categoria de surpresa e aprovar o projeto. Por outro lado, \u00f4nibus eram preparados para o transporte de professores, alunos e pais de alunos de distritos e povoados do munic\u00edpio que desejassem assistir \u00e0 sess\u00e3o que estava prevista para ocorrer no inicio da noite.<\/p><div class=\"newsi-conteudo_19\" id=\"newsi-3419705033\"><a href=\"https:\/\/www.instagram.com\/prefeituraalagoinhas?igsh=YzgzdDJ1bWR3aWI4\" aria-label=\"SAVE_20251006_221555\"><img loading=\"lazy\" decoding=\"async\" src=\"https:\/\/newsinfoco.com.br\/inicio\/wp-content\/uploads\/2025\/10\/SAVE_20251006_221555-rotated.jpg\" alt=\"\"  srcset=\"https:\/\/newsinfoco.com.br\/inicio\/wp-content\/uploads\/2025\/10\/SAVE_20251006_221555-rotated.jpg 1140w, https:\/\/newsinfoco.com.br\/inicio\/wp-content\/uploads\/2025\/10\/SAVE_20251006_221555-300x52.jpg 300w, https:\/\/newsinfoco.com.br\/inicio\/wp-content\/uploads\/2025\/10\/SAVE_20251006_221555-1024x177.jpg 1024w, https:\/\/newsinfoco.com.br\/inicio\/wp-content\/uploads\/2025\/10\/SAVE_20251006_221555-768x133.jpg 768w, https:\/\/newsinfoco.com.br\/inicio\/wp-content\/uploads\/2025\/10\/SAVE_20251006_221555-600x104.jpg 600w, https:\/\/newsinfoco.com.br\/inicio\/wp-content\/uploads\/2025\/10\/SAVE_20251006_221555-696x120.jpg 696w, https:\/\/newsinfoco.com.br\/inicio\/wp-content\/uploads\/2025\/10\/SAVE_20251006_221555-1068x185.jpg 1068w\" sizes=\"(max-width: 1140px) 100vw, 1140px\" width=\"1140\" height=\"197\"   \/><\/a><\/div>\n<p style=\"text-align: justify;\">Nas ruas da cidade j\u00e1 circulavam a informa\u00e7\u00e3o de que a gest\u00e3o Nena teria os votos necess\u00e1rios para aprova\u00e7\u00e3o da PL,\u00a0 noticia fortalecida pela volta de Osvaldinho da Caja, at\u00e9 ent\u00e3o secret\u00e1rio municipal, ao cargo de vereador para refor\u00e7ar os votos favor\u00e1veis ao governo. Por\u00e9m os professores n\u00e3o se deixaram abater.<\/p>\n<p style=\"text-align: justify;\">Na sess\u00e3o, como era esperado, a presen\u00e7a maci\u00e7a de professores e simpatizantes fizeram da C\u00e2mara Municipal o palco da cidadania. E numa decis\u00e3o surpreendente, a maioria dos vereadores decidiu pela rejei\u00e7\u00e3o do projeto de lei, sepultando, pelo menos por enquanto, o desejo da prefeitura em promover cortes nos sal\u00e1rios dos educadores.<\/p>\n<p style=\"text-align: justify;\">Votaram a favor do projeto de lei os seguintes vereadores: Osvaldinho da Caja, Keu da sa\u00fade, Eliezer da Farinha, Z\u00e9 de Dite, Eres do Formoso e Ego da Caj\u00e1.<\/p>\n<p style=\"text-align: justify;\">Cabe retratar a manifesta\u00e7\u00e3o dos presentes na hora do vereador Osvaldinho da Caja pronunciar seu voto. Em sinal de protesto, todos os presentes viraram as costas para o vereador. J\u00e1 o Ego da Caja foi chamado de traidor, pois em ocasi\u00f5es anteriores havia prometido \u00e0 categoria que votaria contra o projeto.<\/p>\n<p style=\"text-align: justify;\">Votaram contra o projeto de lei de iniciativa da gest\u00e3o municipal os seguintes vereadores: Pai Uelson, Edilson Rocha, Humberto, Irm\u00e3o Gleibson, Inha da Lagoa, Dai e o presidente da C\u00e2mara Jeovan de Zezitinho.<\/p>\n<p style=\"text-align: justify;\">Por 7 votos a 6 o projeto de lei foi rejeitado.<\/p>\n<h6 style=\"text-align: right;\"><span style=\"color: #999999;\">Por Alex Almeida para o News Infoco<\/span><\/h6>\n<p style=\"text-align: justify;\">\n<div class='share-to-whatsapp-wrapper'><div class='share-on-whsp'>Share on: <\/div><a data-text='Projeto de Lei que promoveria cortes nos sal\u00e1rios dos professores municipais \u00e9 rejeitado pela C\u00e2mara de Vereadores de Inhambupe' data-link='https:\/\/newsinfoco.com.br\/inicio\/projeto-de-lei-que-promoveria-cortes-nos-salarios-dos-professores-municipais-e-rejeitado-pela-camara-de-vereadores-de-inhambupe\/' class='whatsapp-button whatsapp-share'>WhatsApp<\/a><div class='clear '><\/div><\/div>","protected":false},"excerpt":{"rendered":"<p>\u201cVencemos esta batalha\u201d. Essa frase dita por uma professora presente na sess\u00e3o legislativa ocorrida nesta ter\u00e7a-feira(05) na C\u00e2mara Municipal de Inhambupe, expressa o sentimento de toda uma categoria que vem lutando a meses contra o desejo da administra\u00e7\u00e3o municipal de diminuir os seus vencimentos. Logo pelas primeiras horas do dia, professores se aglomeravam em frente [&hellip;]<\/p>\n","protected":false},"author":1,"featured_media":4835,"comment_status":"open","ping_status":"open","sticky":false,"template":"","format":"standard","meta":{"om_disable_all_campaigns":false,"_exactmetrics_skip_tracking":false,"_exactmetrics_sitenote_active":false,"_exactmetrics_sitenote_note":"","_exactmetrics_sitenote_category":0,"footnotes":""},"categories":[38,30],"tags":[],"class_list":["post-4834","post","type-post","status-publish","format-standard","has-post-thumbnail","hentry","category-alagoinhas-e-regiao","category-destaque"],"aioseo_notices":[],"_links":{"self":[{"href":"https:\/\/newsinfoco.com.br\/inicio\/wp-json\/wp\/v2\/posts\/4834","targetHints":{"allow":["GET"]}}],"collection":[{"href":"https:\/\/newsinfoco.com.br\/inicio\/wp-json\/wp\/v2\/posts"}],"about":[{"href":"https:\/\/newsinfoco.com.br\/inicio\/wp-json\/wp\/v2\/types\/post"}],"author":[{"embeddable":true,"href":"https:\/\/newsinfoco.com.br\/inicio\/wp-json\/wp\/v2\/users\/1"}],"replies":[{"embeddable":true,"href":"https:\/\/newsinfoco.com.br\/inicio\/wp-json\/wp\/v2\/comments?post=4834"}],"version-history":[{"count":0,"href":"https:\/\/newsinfoco.com.br\/inicio\/wp-json\/wp\/v2\/posts\/4834\/revisions"}],"wp:featuredmedia":[{"embeddable":true,"href":"https:\/\/newsinfoco.com.br\/inicio\/wp-json\/wp\/v2\/media\/4835"}],"wp:attachment":[{"href":"https:\/\/newsinfoco.com.br\/inicio\/wp-json\/wp\/v2\/media?parent=4834"}],"wp:term":[{"taxonomy":"category","embeddable":true,"href":"https:\/\/newsinfoco.com.br\/inicio\/wp-json\/wp\/v2\/categories?post=4834"},{"taxonomy":"post_tag","embeddable":true,"href":"https:\/\/newsinfoco.com.br\/inicio\/wp-json\/wp\/v2\/tags?post=4834"}],"curies":[{"name":"wp","href":"https:\/\/api.w.org\/{rel}","templated":true}]}}