{"id":4837,"date":"2018-06-05T22:14:48","date_gmt":"2018-06-06T01:14:48","guid":{"rendered":"http:\/\/newsinfoco.com.br\/?p=4837"},"modified":"2018-06-05T22:15:53","modified_gmt":"2018-06-06T01:15:53","slug":"em-meio-a-greve-de-servidores-municipais-dr-ricardo-marcolin-e-exonerado-da-procuradoria-juridica-da-prefeitura-de-esplanada","status":"publish","type":"post","link":"https:\/\/newsinfoco.com.br\/inicio\/em-meio-a-greve-de-servidores-municipais-dr-ricardo-marcolin-e-exonerado-da-procuradoria-juridica-da-prefeitura-de-esplanada\/","title":{"rendered":"Em meio a greve de servidores municipais, Dr. Ricardo Marcolin \u00e9 exonerado da procuradoria jur\u00eddica da prefeitura de Esplanada"},"content":{"rendered":"<p style=\"text-align: justify;\">O Dr. Ricardo Marcolin n\u00e3o \u00e9 mais procurador geral do munic\u00edpio de Esplanada.<\/p>\n<p style=\"text-align: justify;\">A decis\u00e3o se tornou p\u00fablica nesta segunda-feira(04) ao ser publicada no di\u00e1rio oficial da prefeitura.<\/p><div class=\"newsi-conteudo_19\" id=\"newsi-1617455548\"><a href=\"https:\/\/www.instagram.com\/prefeituraalagoinhas?igsh=YzgzdDJ1bWR3aWI4\" aria-label=\"SAVE_20251006_221555\"><img loading=\"lazy\" decoding=\"async\" src=\"https:\/\/newsinfoco.com.br\/inicio\/wp-content\/uploads\/2025\/10\/SAVE_20251006_221555-rotated.jpg\" alt=\"\"  srcset=\"https:\/\/newsinfoco.com.br\/inicio\/wp-content\/uploads\/2025\/10\/SAVE_20251006_221555-rotated.jpg 1140w, https:\/\/newsinfoco.com.br\/inicio\/wp-content\/uploads\/2025\/10\/SAVE_20251006_221555-300x52.jpg 300w, https:\/\/newsinfoco.com.br\/inicio\/wp-content\/uploads\/2025\/10\/SAVE_20251006_221555-1024x177.jpg 1024w, https:\/\/newsinfoco.com.br\/inicio\/wp-content\/uploads\/2025\/10\/SAVE_20251006_221555-768x133.jpg 768w, https:\/\/newsinfoco.com.br\/inicio\/wp-content\/uploads\/2025\/10\/SAVE_20251006_221555-600x104.jpg 600w, https:\/\/newsinfoco.com.br\/inicio\/wp-content\/uploads\/2025\/10\/SAVE_20251006_221555-696x120.jpg 696w, https:\/\/newsinfoco.com.br\/inicio\/wp-content\/uploads\/2025\/10\/SAVE_20251006_221555-1068x185.jpg 1068w\" sizes=\"(max-width: 1140px) 100vw, 1140px\" width=\"1140\" height=\"197\"   \/><\/a><\/div>\n<p style=\"text-align: justify;\">O Dr. Ricardo Marcolin foi procurador geral da prefeitura de Alagoinhas na gest\u00e3o do ex-prefeito Paulo Cezar, acumulando vasta experi\u00eancia na \u00e1rea.<\/p>\n<p style=\"text-align: justify;\">A exonera\u00e7\u00e3o foi concedida pelo prefeito Franco de Aldemir a pedido do pr\u00f3prio Marcolin, conforme o di\u00e1rio oficial. Tamb\u00e9m se desliga da prefeitura municipal o sub-procurador jur\u00eddico Marco Palmeira, homem de confian\u00e7a de Ricardo Marcolin.<\/p>\n<p style=\"text-align: justify;\">As raz\u00f5es que motivaram a sa\u00edda da dupla ainda s\u00e3o desconhecidas.<\/p>\n<p style=\"text-align: justify;\">A prefeitura de Esplanada sofre desde ontem(04) com a deflagra\u00e7\u00e3o de uma greve dos servidores p\u00fablicos municipais.<\/p>\n<h6 style=\"text-align: right;\"><span style=\"color: #999999;\">Por Paulo Machado para o News Infoco<\/span><\/h6>\n<div class='share-to-whatsapp-wrapper'><div class='share-on-whsp'>Share on: <\/div><a data-text='Em meio a greve de servidores municipais, Dr. Ricardo Marcolin \u00e9 exonerado da procuradoria jur\u00eddica da prefeitura de Esplanada' data-link='https:\/\/newsinfoco.com.br\/inicio\/em-meio-a-greve-de-servidores-municipais-dr-ricardo-marcolin-e-exonerado-da-procuradoria-juridica-da-prefeitura-de-esplanada\/' class='whatsapp-button whatsapp-share'>WhatsApp<\/a><div class='clear '><\/div><\/div>","protected":false},"excerpt":{"rendered":"<p>O Dr. Ricardo Marcolin n\u00e3o \u00e9 mais procurador geral do munic\u00edpio de Esplanada. A decis\u00e3o se tornou p\u00fablica nesta segunda-feira(04) ao ser publicada no di\u00e1rio oficial da prefeitura. O Dr. Ricardo Marcolin foi procurador geral da prefeitura de Alagoinhas na gest\u00e3o do ex-prefeito Paulo Cezar, acumulando vasta experi\u00eancia na \u00e1rea. A exonera\u00e7\u00e3o foi concedida pelo [&hellip;]<\/p>\n","protected":false},"author":1,"featured_media":4839,"comment_status":"open","ping_status":"open","sticky":false,"template":"","format":"standard","meta":{"om_disable_all_campaigns":false,"_exactmetrics_skip_tracking":false,"_exactmetrics_sitenote_active":false,"_exactmetrics_sitenote_note":"","_exactmetrics_sitenote_category":0,"footnotes":""},"categories":[38,30],"tags":[],"class_list":["post-4837","post","type-post","status-publish","format-standard","has-post-thumbnail","hentry","category-alagoinhas-e-regiao","category-destaque"],"aioseo_notices":[],"_links":{"self":[{"href":"https:\/\/newsinfoco.com.br\/inicio\/wp-json\/wp\/v2\/posts\/4837","targetHints":{"allow":["GET"]}}],"collection":[{"href":"https:\/\/newsinfoco.com.br\/inicio\/wp-json\/wp\/v2\/posts"}],"about":[{"href":"https:\/\/newsinfoco.com.br\/inicio\/wp-json\/wp\/v2\/types\/post"}],"author":[{"embeddable":true,"href":"https:\/\/newsinfoco.com.br\/inicio\/wp-json\/wp\/v2\/users\/1"}],"replies":[{"embeddable":true,"href":"https:\/\/newsinfoco.com.br\/inicio\/wp-json\/wp\/v2\/comments?post=4837"}],"version-history":[{"count":0,"href":"https:\/\/newsinfoco.com.br\/inicio\/wp-json\/wp\/v2\/posts\/4837\/revisions"}],"wp:featuredmedia":[{"embeddable":true,"href":"https:\/\/newsinfoco.com.br\/inicio\/wp-json\/wp\/v2\/media\/4839"}],"wp:attachment":[{"href":"https:\/\/newsinfoco.com.br\/inicio\/wp-json\/wp\/v2\/media?parent=4837"}],"wp:term":[{"taxonomy":"category","embeddable":true,"href":"https:\/\/newsinfoco.com.br\/inicio\/wp-json\/wp\/v2\/categories?post=4837"},{"taxonomy":"post_tag","embeddable":true,"href":"https:\/\/newsinfoco.com.br\/inicio\/wp-json\/wp\/v2\/tags?post=4837"}],"curies":[{"name":"wp","href":"https:\/\/api.w.org\/{rel}","templated":true}]}}