{"id":48398,"date":"2025-12-09T16:19:33","date_gmt":"2025-12-09T19:19:33","guid":{"rendered":"https:\/\/newsinfoco.com.br\/inicio\/?p=48398"},"modified":"2025-12-09T16:19:33","modified_gmt":"2025-12-09T19:19:33","slug":"pp-do-parana-veta-candidatura-de-sergio-moro-e-abre-crise-na-federacao-com-uniao-brasil","status":"publish","type":"post","link":"https:\/\/newsinfoco.com.br\/inicio\/pp-do-parana-veta-candidatura-de-sergio-moro-e-abre-crise-na-federacao-com-uniao-brasil\/","title":{"rendered":"PP do Paran\u00e1 veta candidatura de Sergio Moro e abre crise na federa\u00e7\u00e3o com Uni\u00e3o Brasil"},"content":{"rendered":"<p>A decis\u00e3o do diret\u00f3rio estadual do PP no Paran\u00e1 de barrar a candidatura do senador Sergio Moro (Uni\u00e3o Brasil) ao governo em 2026 abriu uma crise na tentativa de forma\u00e7\u00e3o da federa\u00e7\u00e3o entre as duas siglas, prevista para se chamar Uni\u00e3o Progressista. O veto, aprovado por unanimidade nesta segunda-feira (8), coloca em xeque o alinhamento nacional que PP e Uni\u00e3o Brasil tentam consolidar no TSE (Tribunal Superior Eleitoral).<\/p>\n<p>O presidente nacional do PP, senador Ciro Nogueira (PI), afirmou que n\u00e3o ir\u00e1 interferir na delibera\u00e7\u00e3o paranaense, fortalecendo a posi\u00e7\u00e3o do deputado Ricardo Barros, l\u00edder da sigla no estado. \u201cHavia uma expectativa de entendimento com o Uni\u00e3o Brasil no Paran\u00e1, mas isso n\u00e3o ocorreu ao longo de sete meses\u201d, disse Barros. Segundo ele, Moro conversou com dirigentes locais, mas n\u00e3o conseguiu apoio suficiente dentro do Progressistas. \u201c\u00c9 o resultado de meses de di\u00e1logo que n\u00e3o prosperou.\u201d<\/p><div class=\"newsi-conteudo_19\" id=\"newsi-2276133850\"><a href=\"https:\/\/www.instagram.com\/prefeituraalagoinhas?igsh=YzgzdDJ1bWR3aWI4\" aria-label=\"SAVE_20251006_221555\"><img loading=\"lazy\" decoding=\"async\" src=\"https:\/\/newsinfoco.com.br\/inicio\/wp-content\/uploads\/2025\/10\/SAVE_20251006_221555-rotated.jpg\" alt=\"\"  srcset=\"https:\/\/newsinfoco.com.br\/inicio\/wp-content\/uploads\/2025\/10\/SAVE_20251006_221555-rotated.jpg 1140w, https:\/\/newsinfoco.com.br\/inicio\/wp-content\/uploads\/2025\/10\/SAVE_20251006_221555-300x52.jpg 300w, https:\/\/newsinfoco.com.br\/inicio\/wp-content\/uploads\/2025\/10\/SAVE_20251006_221555-1024x177.jpg 1024w, https:\/\/newsinfoco.com.br\/inicio\/wp-content\/uploads\/2025\/10\/SAVE_20251006_221555-768x133.jpg 768w, https:\/\/newsinfoco.com.br\/inicio\/wp-content\/uploads\/2025\/10\/SAVE_20251006_221555-600x104.jpg 600w, https:\/\/newsinfoco.com.br\/inicio\/wp-content\/uploads\/2025\/10\/SAVE_20251006_221555-696x120.jpg 696w, https:\/\/newsinfoco.com.br\/inicio\/wp-content\/uploads\/2025\/10\/SAVE_20251006_221555-1068x185.jpg 1068w\" sizes=\"(max-width: 1140px) 100vw, 1140px\" width=\"1140\" height=\"197\"   \/><\/a><\/div>\n<p>A rea\u00e7\u00e3o no Uni\u00e3o Brasil foi imediata. O presidente nacional da legenda, Antonio Rueda, classificou a decis\u00e3o do PP paranaense como \u201carbitr\u00e1ria\u201d e disse que o partido insistir\u00e1 na homologa\u00e7\u00e3o da candidatura de Moro, que lidera pesquisas internas e externas sobre a disputa no Paran\u00e1. \u201cA imposi\u00e7\u00e3o de vetos arbitr\u00e1rios \u00e9 inaceit\u00e1vel\u201d, escreveu. Moro replicou a mensagem, afirmando que seu compromisso \u00e9 com \u201ca boa gente do Paran\u00e1\u201d e defendendo que a pol\u00edtica deve ser constru\u00edda com \u201cdi\u00e1logo e respeito\u201d.<\/p>\n<p>No estado, a decis\u00e3o do PP atende tamb\u00e9m a interesses da base do governador Ratinho Junior (PSD), que pretende lan\u00e7ar um nome pr\u00f3prio para a sucess\u00e3o em 2026. Interlocutores do governo afirmam que Moro se tornou o maior obst\u00e1culo para a viabilidade eleitoral do grupo. Entre os cotados para a disputa est\u00e3o secret\u00e1rios estaduais, o vice-governador Darci Piana e o deputado estadual Alexandre Curi (PSD), presidente da Assembleia Legislativa.<\/p>\n<p>Barros indicou que, sem apoio do PP, Moro deve buscar outra legenda que garanta sua candidatura. \u201cEle ser\u00e1 candidato de qualquer forma, est\u00e1 no meio do mandato. Aqui na federa\u00e7\u00e3o, n\u00e3o ter\u00e1 condi\u00e7\u00e3o de registrar\u201d, disse o deputado.<\/p>\n<p>O impasse cria tens\u00e3o sobre o futuro da federa\u00e7\u00e3o Uni\u00e3o Progressista. A homologa\u00e7\u00e3o de uma chapa majorit\u00e1ria depende das assinaturas de Ciro Nogueira e Antonio Rueda, o que no momento \u00e9 invi\u00e1vel. \u201cNossa federa\u00e7\u00e3o n\u00e3o tem consenso para registrar uma chapa\u201d, afirmou Barros.<\/p>\n<div>\n<div>\n<div class=\"trv-player-container\">\n<div class=\"trv-wrapper\">\n<div id=\"br_video_player_6966208ed0e35799a616ea147751da9dc3c659f9\" class=\"trvd_video_player trvdinstream\">\n<div class=\"materia\">\n<div class=\"conteudo_post\">\n<p>Ciro tenta minimizar a crise, mas admite preocupa\u00e7\u00e3o. Ele defende que a decis\u00e3o do diret\u00f3rio paranaense seja respeitada, apesar de reconhecer a for\u00e7a eleitoral de Moro. \u201cEspero que n\u00e3o haja risco para a federa\u00e7\u00e3o. Minha rela\u00e7\u00e3o com Rueda \u00e9 a melhor poss\u00edvel. Vamos enfrentar isso com di\u00e1logo e com foco nos interesses nacionais.\u201d<\/p>\n<\/div>\n<\/div>\n<div class=\"mais-noticias-int\">Bahia.Ba<\/div>\n<\/div>\n<\/div>\n<\/div>\n<\/div>\n<\/div>\n<div class='share-to-whatsapp-wrapper'><div class='share-on-whsp'>Share on: <\/div><a data-text='PP do Paran\u00e1 veta candidatura de Sergio Moro e abre crise na federa\u00e7\u00e3o com Uni\u00e3o Brasil' data-link='https:\/\/newsinfoco.com.br\/inicio\/pp-do-parana-veta-candidatura-de-sergio-moro-e-abre-crise-na-federacao-com-uniao-brasil\/' class='whatsapp-button whatsapp-share'>WhatsApp<\/a><div class='clear '><\/div><\/div>","protected":false},"excerpt":{"rendered":"<p>A decis\u00e3o do diret\u00f3rio estadual do PP no Paran\u00e1 de barrar a candidatura do senador Sergio Moro (Uni\u00e3o Brasil) ao governo em 2026 abriu uma crise na tentativa de forma\u00e7\u00e3o da federa\u00e7\u00e3o entre as duas siglas, prevista para se chamar Uni\u00e3o Progressista. O veto, aprovado por unanimidade nesta segunda-feira (8), coloca em xeque o alinhamento [&hellip;]<\/p>\n","protected":false},"author":1,"featured_media":48399,"comment_status":"closed","ping_status":"closed","sticky":false,"template":"","format":"standard","meta":{"om_disable_all_campaigns":false,"_exactmetrics_skip_tracking":false,"_exactmetrics_sitenote_active":false,"_exactmetrics_sitenote_note":"","_exactmetrics_sitenote_category":0,"footnotes":""},"categories":[21],"tags":[],"class_list":["post-48398","post","type-post","status-publish","format-standard","has-post-thumbnail","hentry","category-brasil"],"aioseo_notices":[],"_links":{"self":[{"href":"https:\/\/newsinfoco.com.br\/inicio\/wp-json\/wp\/v2\/posts\/48398","targetHints":{"allow":["GET"]}}],"collection":[{"href":"https:\/\/newsinfoco.com.br\/inicio\/wp-json\/wp\/v2\/posts"}],"about":[{"href":"https:\/\/newsinfoco.com.br\/inicio\/wp-json\/wp\/v2\/types\/post"}],"author":[{"embeddable":true,"href":"https:\/\/newsinfoco.com.br\/inicio\/wp-json\/wp\/v2\/users\/1"}],"replies":[{"embeddable":true,"href":"https:\/\/newsinfoco.com.br\/inicio\/wp-json\/wp\/v2\/comments?post=48398"}],"version-history":[{"count":1,"href":"https:\/\/newsinfoco.com.br\/inicio\/wp-json\/wp\/v2\/posts\/48398\/revisions"}],"predecessor-version":[{"id":48400,"href":"https:\/\/newsinfoco.com.br\/inicio\/wp-json\/wp\/v2\/posts\/48398\/revisions\/48400"}],"wp:featuredmedia":[{"embeddable":true,"href":"https:\/\/newsinfoco.com.br\/inicio\/wp-json\/wp\/v2\/media\/48399"}],"wp:attachment":[{"href":"https:\/\/newsinfoco.com.br\/inicio\/wp-json\/wp\/v2\/media?parent=48398"}],"wp:term":[{"taxonomy":"category","embeddable":true,"href":"https:\/\/newsinfoco.com.br\/inicio\/wp-json\/wp\/v2\/categories?post=48398"},{"taxonomy":"post_tag","embeddable":true,"href":"https:\/\/newsinfoco.com.br\/inicio\/wp-json\/wp\/v2\/tags?post=48398"}],"curies":[{"name":"wp","href":"https:\/\/api.w.org\/{rel}","templated":true}]}}