{"id":48401,"date":"2025-12-09T18:18:45","date_gmt":"2025-12-09T21:18:45","guid":{"rendered":"https:\/\/newsinfoco.com.br\/inicio\/?p=48401"},"modified":"2025-12-09T18:18:45","modified_gmt":"2025-12-09T21:18:45","slug":"solidariedade-em-acao-cras-promove-lojinha-social-para-mulheres-e-idosas","status":"publish","type":"post","link":"https:\/\/newsinfoco.com.br\/inicio\/solidariedade-em-acao-cras-promove-lojinha-social-para-mulheres-e-idosas\/","title":{"rendered":"Solidariedade em a\u00e7\u00e3o: CRAS promove lojinha social para mulheres e idosas"},"content":{"rendered":"<p>Por meio da mobiliza\u00e7\u00e3o de toda a equipe t\u00e9cnica do CRAS Nova Bras\u00edlia, foi realizada, nesta ter\u00e7a-feira (9), a abertura da lojinha social \u201cCuidar e Compartilhar\u201d. A iniciativa arrecadou roupas e objetos destinados \u00e0 doa\u00e7\u00e3o, especialmente para as participantes dos grupos de Mulheres e Idosas.<\/p>\n<p>A proposta \u00e9 que cada visitante possa escolher at\u00e9 cinco pe\u00e7as, entre vestidos, cal\u00e7as, blusas, saias e sapatos. Al\u00e9m do vestu\u00e1rio, tamb\u00e9m foram disponibilizados alguns produtos de cuidado com a pele, maquiagem e bolsas.<\/p><div class=\"newsi-conteudo_19\" id=\"newsi-2074774404\"><a href=\"https:\/\/www.instagram.com\/prefeituraalagoinhas?igsh=YzgzdDJ1bWR3aWI4\" aria-label=\"SAVE_20251006_221555\"><img loading=\"lazy\" decoding=\"async\" src=\"https:\/\/newsinfoco.com.br\/inicio\/wp-content\/uploads\/2025\/10\/SAVE_20251006_221555-rotated.jpg\" alt=\"\"  srcset=\"https:\/\/newsinfoco.com.br\/inicio\/wp-content\/uploads\/2025\/10\/SAVE_20251006_221555-rotated.jpg 1140w, https:\/\/newsinfoco.com.br\/inicio\/wp-content\/uploads\/2025\/10\/SAVE_20251006_221555-300x52.jpg 300w, https:\/\/newsinfoco.com.br\/inicio\/wp-content\/uploads\/2025\/10\/SAVE_20251006_221555-1024x177.jpg 1024w, https:\/\/newsinfoco.com.br\/inicio\/wp-content\/uploads\/2025\/10\/SAVE_20251006_221555-768x133.jpg 768w, https:\/\/newsinfoco.com.br\/inicio\/wp-content\/uploads\/2025\/10\/SAVE_20251006_221555-600x104.jpg 600w, https:\/\/newsinfoco.com.br\/inicio\/wp-content\/uploads\/2025\/10\/SAVE_20251006_221555-696x120.jpg 696w, https:\/\/newsinfoco.com.br\/inicio\/wp-content\/uploads\/2025\/10\/SAVE_20251006_221555-1068x185.jpg 1068w\" sizes=\"(max-width: 1140px) 100vw, 1140px\" width=\"1140\" height=\"197\"   \/><\/a><\/div>\n<p>Juliete Silva Cardoso contou que ficou sabendo da iniciativa durante os encontros no Grupo de Mulheres do CRAS. \u201cAchei essa ideia \u00f3tima, porque facilita o nosso acesso a pe\u00e7as de qualidade e d\u00e1 um tchan no nosso guarda-roupa. Se o projeto continuar, trarei algumas pe\u00e7as minhas que n\u00e3o uso mais; dessa maneira, fazemos a lojinha de doa\u00e7\u00e3o circular\u201d, disse.<\/p>\n<p>Para Nise Lima, participar da lojinha foi gratificante. \u201cIntegro tamb\u00e9m o grupo e quero muito que essa ideia continue no pr\u00f3ximo ano, porque foi gratificante fazer parte de algo t\u00e3o bonito e cheio de respeito por n\u00f3s\u201d, pontuou.<\/p>\n<p>Segundo a diretora de Prote\u00e7\u00e3o Social da Secretaria Municipal de Desenvolvimento Social (Sedes), Leidiane Rocha, a ideia dos integrantes do CRAS Nova Bras\u00edlia surpreendeu pelo resultado positivo e pelo grande n\u00famero de visitantes. \u201cA lojinha foi criada para atender justamente nesse per\u00edodo de Natal, quando muitas fam\u00edlias, \u00e0s vezes, n\u00e3o t\u00eam condi\u00e7\u00f5es de ir a uma loja comprar uma roupa nova para a fam\u00edlia. Ent\u00e3o, a iniciativa da equipe permitiu que essas fam\u00edlias tivessem acesso a roupas seminovas, que foram selecionadas e tratadas para que, de forma adequada, fossem dispostas aqui para a doa\u00e7\u00e3o. A ideia \u00e9 copiar esse projeto e levar para os outros CRAS ainda este ano, formatando a a\u00e7\u00e3o para o pr\u00f3ximo ano tamb\u00e9m, incluindo o Centro Pop e o Centro de Refer\u00eancia Especializado de Assist\u00eancia Social (Creas)\u201d, contou.<\/p>\n<p>De acordo com a psic\u00f3loga do CRAS, Anne Quelle Lima Silva, desde novembro come\u00e7ou a mobiliza\u00e7\u00e3o da equipe para reunir, entre eles pr\u00f3prios, familiares e amigos, o maior n\u00famero de pe\u00e7as poss\u00edveis. \u201cO objetivo da lojinha surgiu no intuito de dar acesso \u00e0s pessoas em situa\u00e7\u00e3o de vulnerabilidade, que s\u00e3o acompanhadas aqui pelo nosso CRAS, onde recebem atendimento e acolhimento. Preparamos um ambiente onde elas sentiram, de fato, a dignidade de chegar a uma loja, tipo a de com\u00e9rcio, com espa\u00e7o organizado e arejado. Ao final da sele\u00e7\u00e3o das pe\u00e7as, elas tamb\u00e9m receberam um mimo da parte de beleza, que foram objetos de maquiagem novos, doados para compor a a\u00e7\u00e3o\u201d, explicou.<\/p>\n<p>A coordenadora de unidade do Sistema \u00danico de Assist\u00eancia Social (Suas), Munizzi Campos Silva Chaves, destacou que, al\u00e9m de todo o processo de circula\u00e7\u00e3o de pe\u00e7as de roupas, a lojinha tamb\u00e9m provocou discuss\u00f5es sobre sustentabilidade e afeto. \u201cO foco vai al\u00e9m da simples doa\u00e7\u00e3o, pois se trata de um momento de fortalecimento de v\u00ednculos e de conviv\u00eancia. Para al\u00e9m da grande import\u00e2ncia social, por promover a dignidade, temos tamb\u00e9m a quest\u00e3o da sustentabilidade sendo discutida entre as participantes, o que \u00e9 muito importante hoje em dia\u201d, enfatizou.<\/p>\n<div class='share-to-whatsapp-wrapper'><div class='share-on-whsp'>Share on: <\/div><a data-text='Solidariedade em a\u00e7\u00e3o: CRAS promove lojinha social para mulheres e idosas' data-link='https:\/\/newsinfoco.com.br\/inicio\/solidariedade-em-acao-cras-promove-lojinha-social-para-mulheres-e-idosas\/' class='whatsapp-button whatsapp-share'>WhatsApp<\/a><div class='clear '><\/div><\/div>","protected":false},"excerpt":{"rendered":"<p>Por meio da mobiliza\u00e7\u00e3o de toda a equipe t\u00e9cnica do CRAS Nova Bras\u00edlia, foi realizada, nesta ter\u00e7a-feira (9), a abertura da lojinha social \u201cCuidar e Compartilhar\u201d. A iniciativa arrecadou roupas e objetos destinados \u00e0 doa\u00e7\u00e3o, especialmente para as participantes dos grupos de Mulheres e Idosas. A proposta \u00e9 que cada visitante possa escolher at\u00e9 cinco [&hellip;]<\/p>\n","protected":false},"author":1,"featured_media":48402,"comment_status":"closed","ping_status":"closed","sticky":false,"template":"","format":"standard","meta":{"om_disable_all_campaigns":false,"_exactmetrics_skip_tracking":false,"_exactmetrics_sitenote_active":false,"_exactmetrics_sitenote_note":"","_exactmetrics_sitenote_category":0,"footnotes":""},"categories":[38,167],"tags":[],"class_list":["post-48401","post","type-post","status-publish","format-standard","has-post-thumbnail","hentry","category-alagoinhas-e-regiao","category-exclusivas"],"aioseo_notices":[],"_links":{"self":[{"href":"https:\/\/newsinfoco.com.br\/inicio\/wp-json\/wp\/v2\/posts\/48401","targetHints":{"allow":["GET"]}}],"collection":[{"href":"https:\/\/newsinfoco.com.br\/inicio\/wp-json\/wp\/v2\/posts"}],"about":[{"href":"https:\/\/newsinfoco.com.br\/inicio\/wp-json\/wp\/v2\/types\/post"}],"author":[{"embeddable":true,"href":"https:\/\/newsinfoco.com.br\/inicio\/wp-json\/wp\/v2\/users\/1"}],"replies":[{"embeddable":true,"href":"https:\/\/newsinfoco.com.br\/inicio\/wp-json\/wp\/v2\/comments?post=48401"}],"version-history":[{"count":1,"href":"https:\/\/newsinfoco.com.br\/inicio\/wp-json\/wp\/v2\/posts\/48401\/revisions"}],"predecessor-version":[{"id":48403,"href":"https:\/\/newsinfoco.com.br\/inicio\/wp-json\/wp\/v2\/posts\/48401\/revisions\/48403"}],"wp:featuredmedia":[{"embeddable":true,"href":"https:\/\/newsinfoco.com.br\/inicio\/wp-json\/wp\/v2\/media\/48402"}],"wp:attachment":[{"href":"https:\/\/newsinfoco.com.br\/inicio\/wp-json\/wp\/v2\/media?parent=48401"}],"wp:term":[{"taxonomy":"category","embeddable":true,"href":"https:\/\/newsinfoco.com.br\/inicio\/wp-json\/wp\/v2\/categories?post=48401"},{"taxonomy":"post_tag","embeddable":true,"href":"https:\/\/newsinfoco.com.br\/inicio\/wp-json\/wp\/v2\/tags?post=48401"}],"curies":[{"name":"wp","href":"https:\/\/api.w.org\/{rel}","templated":true}]}}