{"id":48405,"date":"2025-12-09T18:29:11","date_gmt":"2025-12-09T21:29:11","guid":{"rendered":"https:\/\/newsinfoco.com.br\/inicio\/?p=48405"},"modified":"2025-12-09T18:29:11","modified_gmt":"2025-12-09T21:29:11","slug":"saiba-os-criterios-de-pre-selecao-do-minha-casa-minha-vida-em-alagoinhas","status":"publish","type":"post","link":"https:\/\/newsinfoco.com.br\/inicio\/saiba-os-criterios-de-pre-selecao-do-minha-casa-minha-vida-em-alagoinhas\/","title":{"rendered":"Saiba os crit\u00e9rios de pr\u00e9-sele\u00e7\u00e3o do Minha Casa, Minha Vida em Alagoinhas"},"content":{"rendered":"<p>A Prefeitura Municipal de Alagoinhas informa que as fam\u00edlias pr\u00e9-selecionadas para o programa habitacional Minha Casa, Minha Vida foram definidas mediante par\u00e2metros estabelecidos pela Portaria n\u00ba 738\/2024, do Minist\u00e9rio das Cidades. Esse processo segue 11 crit\u00e9rios, que somam na pontua\u00e7\u00e3o, de acordo com o perfil de cada cidad\u00e3o inscrito.<br \/>\nAs informa\u00e7\u00f5es fornecidas na inscri\u00e7\u00e3o t\u00eam car\u00e1ter autodeclarat\u00f3rio e ser\u00e3o checadas na etapa de an\u00e1lise de documentos e visita social. Caso alguma declara\u00e7\u00e3o n\u00e3o seja comprovada, o candidato poder\u00e1 perder pontos, ser desclassificado ou substitu\u00eddo por um inscrito da lista de reserva.<br \/>\nOs t\u00f3picos que servem de refer\u00eancia para a sele\u00e7\u00e3o s\u00e3o:<br \/>\n\u2022 Mulher como respons\u00e1vel pela unidade familiar, declarada no Cad\u00danico<br \/>\n\u2022 Presen\u00e7a de pessoa negra na composi\u00e7\u00e3o familiar<br \/>\n\u2022 Pessoa com defici\u00eancia, comprovada por laudo m\u00e9dico com CID<br \/>\n\u2022 Pessoa idosa, mediante documento civil que comprove a idade<br \/>\n\u2022 Ter crian\u00e7a ou adolescente na fam\u00edlia, comprovado por certid\u00e3o de nascimento, guarda ou tutela<br \/>\n\u2022 Pessoa com c\u00e2ncer ou doen\u00e7a rara, cr\u00f4nica e degenerativa, atestada em laudo m\u00e9dico<br \/>\n\u2022 Mulher v\u00edtima de viol\u00eancia dom\u00e9stica, com registro no Cadastro Nacional de Viol\u00eancia Dom\u00e9stica<br \/>\n\u2022 Integrante de povos ind\u00edgenas ou quilombolas, mediante Declara\u00e7\u00e3o de Pertencimento \u00c9tnico<br \/>\n\u2022 Ser morador de \u00e1rea de risco, comprovado por laudo da Defesa Civil<br \/>\n\u2022 Benefici\u00e1rio que teve contrato habitacional distratado ou rescindido involuntariamente<br \/>\n\u2022 Pessoa em situa\u00e7\u00e3o de rua ou trajet\u00f3ria de rua, comprovada pela Secretaria Municipal de Desenvolvimento Social.<\/p>\n<div align=\"right\">\n<p>&nbsp;<\/p>\n<\/div>\n<div class='share-to-whatsapp-wrapper'><div class='share-on-whsp'>Share on: <\/div><a data-text='Saiba os crit\u00e9rios de pr\u00e9-sele\u00e7\u00e3o do Minha Casa, Minha Vida em Alagoinhas' data-link='https:\/\/newsinfoco.com.br\/inicio\/saiba-os-criterios-de-pre-selecao-do-minha-casa-minha-vida-em-alagoinhas\/' class='whatsapp-button whatsapp-share'>WhatsApp<\/a><div class='clear '><\/div><\/div>","protected":false},"excerpt":{"rendered":"<p>A Prefeitura Municipal de Alagoinhas informa que as fam\u00edlias pr\u00e9-selecionadas para o programa habitacional Minha Casa, Minha Vida foram definidas mediante par\u00e2metros estabelecidos pela Portaria n\u00ba 738\/2024, do Minist\u00e9rio das Cidades. Esse processo segue 11 crit\u00e9rios, que somam na pontua\u00e7\u00e3o, de acordo com o perfil de cada cidad\u00e3o inscrito. As informa\u00e7\u00f5es fornecidas na inscri\u00e7\u00e3o t\u00eam [&hellip;]<\/p>\n","protected":false},"author":1,"featured_media":48407,"comment_status":"closed","ping_status":"closed","sticky":false,"template":"","format":"standard","meta":{"om_disable_all_campaigns":false,"_exactmetrics_skip_tracking":false,"_exactmetrics_sitenote_active":false,"_exactmetrics_sitenote_note":"","_exactmetrics_sitenote_category":0,"footnotes":""},"categories":[38,167],"tags":[],"class_list":["post-48405","post","type-post","status-publish","format-standard","has-post-thumbnail","hentry","category-alagoinhas-e-regiao","category-exclusivas"],"aioseo_notices":[],"_links":{"self":[{"href":"https:\/\/newsinfoco.com.br\/inicio\/wp-json\/wp\/v2\/posts\/48405","targetHints":{"allow":["GET"]}}],"collection":[{"href":"https:\/\/newsinfoco.com.br\/inicio\/wp-json\/wp\/v2\/posts"}],"about":[{"href":"https:\/\/newsinfoco.com.br\/inicio\/wp-json\/wp\/v2\/types\/post"}],"author":[{"embeddable":true,"href":"https:\/\/newsinfoco.com.br\/inicio\/wp-json\/wp\/v2\/users\/1"}],"replies":[{"embeddable":true,"href":"https:\/\/newsinfoco.com.br\/inicio\/wp-json\/wp\/v2\/comments?post=48405"}],"version-history":[{"count":1,"href":"https:\/\/newsinfoco.com.br\/inicio\/wp-json\/wp\/v2\/posts\/48405\/revisions"}],"predecessor-version":[{"id":48408,"href":"https:\/\/newsinfoco.com.br\/inicio\/wp-json\/wp\/v2\/posts\/48405\/revisions\/48408"}],"wp:featuredmedia":[{"embeddable":true,"href":"https:\/\/newsinfoco.com.br\/inicio\/wp-json\/wp\/v2\/media\/48407"}],"wp:attachment":[{"href":"https:\/\/newsinfoco.com.br\/inicio\/wp-json\/wp\/v2\/media?parent=48405"}],"wp:term":[{"taxonomy":"category","embeddable":true,"href":"https:\/\/newsinfoco.com.br\/inicio\/wp-json\/wp\/v2\/categories?post=48405"},{"taxonomy":"post_tag","embeddable":true,"href":"https:\/\/newsinfoco.com.br\/inicio\/wp-json\/wp\/v2\/tags?post=48405"}],"curies":[{"name":"wp","href":"https:\/\/api.w.org\/{rel}","templated":true}]}}