{"id":4841,"date":"2018-06-06T00:23:42","date_gmt":"2018-06-06T03:23:42","guid":{"rendered":"http:\/\/newsinfoco.com.br\/?p=4841"},"modified":"2018-06-06T08:57:21","modified_gmt":"2018-06-06T11:57:21","slug":"chefe-de-gabinete-da-prefeitura-se-reune-com-presidente-da-liga-desportiva-de-alagoinhas-para-discutir-reforma-de-estadio-e-campeonato-da-lda","status":"publish","type":"post","link":"https:\/\/newsinfoco.com.br\/inicio\/chefe-de-gabinete-da-prefeitura-se-reune-com-presidente-da-liga-desportiva-de-alagoinhas-para-discutir-reforma-de-estadio-e-campeonato-da-lda\/","title":{"rendered":"Chefe de Gabinete da prefeitura se re\u00fane com presidente da Liga Desportiva de Alagoinhas para discutir reforma de est\u00e1dio e campeonato da LDA"},"content":{"rendered":"<p style=\"text-align: justify;\">O an\u00fancio da reforma do gramado do est\u00e1dio Antonio Carneiro, o Carneir\u00e3o, feita pela prefeitura na segunda-feira(04) n\u00e3o foi bem digerido por integrantes da Liga Desportiva de Alagoinhas(LDA). O Campeonato da LDA estava prevista para come\u00e7ar ontem, ter\u00e7a-feira(05), e o campo utilizado para os jogos seria justamente o do Carneir\u00e3o. Agora com a reforma do gramado, fica a d\u00favida se ocorrer\u00e1 campeonato e, se houver, quando ir\u00e1 come\u00e7ar.<\/p>\n<p style=\"text-align: justify;\">Dirigentes das equipes inscritas para a competi\u00e7\u00e3o ouvidos pelo News Infoco informaram que tiveram gastos com uniforme, chuteiras, bolas, material administrativo e reclamam da falta de planejamento da prefeitura.<\/p><div class=\"newsi-conteudo_19\" id=\"newsi-4048323613\"><a href=\"https:\/\/www.instagram.com\/prefeituraalagoinhas?igsh=YzgzdDJ1bWR3aWI4\" aria-label=\"SAVE_20251006_221555\"><img loading=\"lazy\" decoding=\"async\" src=\"https:\/\/newsinfoco.com.br\/inicio\/wp-content\/uploads\/2025\/10\/SAVE_20251006_221555-rotated.jpg\" alt=\"\"  srcset=\"https:\/\/newsinfoco.com.br\/inicio\/wp-content\/uploads\/2025\/10\/SAVE_20251006_221555-rotated.jpg 1140w, https:\/\/newsinfoco.com.br\/inicio\/wp-content\/uploads\/2025\/10\/SAVE_20251006_221555-300x52.jpg 300w, https:\/\/newsinfoco.com.br\/inicio\/wp-content\/uploads\/2025\/10\/SAVE_20251006_221555-1024x177.jpg 1024w, https:\/\/newsinfoco.com.br\/inicio\/wp-content\/uploads\/2025\/10\/SAVE_20251006_221555-768x133.jpg 768w, https:\/\/newsinfoco.com.br\/inicio\/wp-content\/uploads\/2025\/10\/SAVE_20251006_221555-600x104.jpg 600w, https:\/\/newsinfoco.com.br\/inicio\/wp-content\/uploads\/2025\/10\/SAVE_20251006_221555-696x120.jpg 696w, https:\/\/newsinfoco.com.br\/inicio\/wp-content\/uploads\/2025\/10\/SAVE_20251006_221555-1068x185.jpg 1068w\" sizes=\"(max-width: 1140px) 100vw, 1140px\" width=\"1140\" height=\"197\"   \/><\/a><\/div>\n<p style=\"text-align: justify;\">Na manh\u00e3 de ontem(05), de acordo com uma fonte ouvida pelo News Infoco, o presidente da LDA, Jandi Lima, se reuniu com o chefe de gabinete da prefeitura de Alagoinhas, Raimundo Queiroz, para tratar do assunto.<\/p>\n<p style=\"text-align: justify;\">Na reuni\u00e3o foi explicado que campeonato da LDA n\u00e3o est\u00e1 cancelado, apenas suspenso. Isso porque a empresa contratada para a reforma do gramado vir\u00e1 \u00e0 Alagoinhas fazer uma an\u00e1lise e apontar\u00e1 a dura\u00e7\u00e3o de tempo do servi\u00e7o e a data de seu inicio. Devido a isso, n\u00e3o est\u00e1 descartada a possibilidade do Carneir\u00e3o ser ainda o palco deste torneio. Tudo vai depender desta an\u00e1lise.<\/p>\n<p style=\"text-align: justify;\">Caso seja necess\u00e1rio o inicio imediato da obra, a prefeitura estaria disposto a dar todo o suporte \u00e0 LDA para que utilize campos alternativos.<\/p>\n<p style=\"text-align: justify;\">Com isso, uma reuni\u00e3o com os 12 clubes da Liga ser\u00e1 feita para decidir se aceitar\u00e3o ou n\u00e3o a proposta da prefeitura.<\/p>\n<p style=\"text-align: justify;\">O diretor da LDA, Luiz Matos, esteve na tarde de ontem na C\u00e2mara Municipal de Alagoinhas e fez uso da tribuna popular. Ele repudiou a decis\u00e3o da administra\u00e7\u00e3o municipal que n\u00e3o levou em considera\u00e7\u00e3o a import\u00e2ncia do est\u00e1dio para a liga do futebol amador, a mais tradicional do munic\u00edpio.<\/p>\n<p style=\"text-align: justify;\">Instado pelo News Infoco a comentar a reuni\u00e3o entre o chefe de gabinete da prefeitura e o presidente da LDA, Matos disse achar bastante improv\u00e1vel que a maioria dos dirigentes dos clubes aceitem a proposta da prefeitura. Segundo ele, isso acarretaria na mudan\u00e7a do calend\u00e1rio e dias de jogos, que foi debatido exaustivamente para agradar a todos.<\/p>\n<p style=\"text-align: justify;\">Diante da indefini\u00e7\u00e3o, o impasse continua.<\/p>\n<h6 style=\"text-align: right;\"><span style=\"color: #999999;\">Por Andr\u00e9 Luiz para o News Infoco<\/span><\/h6>\n<div class='share-to-whatsapp-wrapper'><div class='share-on-whsp'>Share on: <\/div><a data-text='Chefe de Gabinete da prefeitura se re\u00fane com presidente da Liga Desportiva de Alagoinhas para discutir reforma de est\u00e1dio e campeonato da LDA' data-link='https:\/\/newsinfoco.com.br\/inicio\/chefe-de-gabinete-da-prefeitura-se-reune-com-presidente-da-liga-desportiva-de-alagoinhas-para-discutir-reforma-de-estadio-e-campeonato-da-lda\/' class='whatsapp-button whatsapp-share'>WhatsApp<\/a><div class='clear '><\/div><\/div>","protected":false},"excerpt":{"rendered":"<p>O an\u00fancio da reforma do gramado do est\u00e1dio Antonio Carneiro, o Carneir\u00e3o, feita pela prefeitura na segunda-feira(04) n\u00e3o foi bem digerido por integrantes da Liga Desportiva de Alagoinhas(LDA). O Campeonato da LDA estava prevista para come\u00e7ar ontem, ter\u00e7a-feira(05), e o campo utilizado para os jogos seria justamente o do Carneir\u00e3o. Agora com a reforma do [&hellip;]<\/p>\n","protected":false},"author":1,"featured_media":4843,"comment_status":"open","ping_status":"open","sticky":false,"template":"","format":"standard","meta":{"om_disable_all_campaigns":false,"_exactmetrics_skip_tracking":false,"_exactmetrics_sitenote_active":false,"_exactmetrics_sitenote_note":"","_exactmetrics_sitenote_category":0,"footnotes":""},"categories":[38,30],"tags":[],"class_list":["post-4841","post","type-post","status-publish","format-standard","has-post-thumbnail","hentry","category-alagoinhas-e-regiao","category-destaque"],"aioseo_notices":[],"_links":{"self":[{"href":"https:\/\/newsinfoco.com.br\/inicio\/wp-json\/wp\/v2\/posts\/4841","targetHints":{"allow":["GET"]}}],"collection":[{"href":"https:\/\/newsinfoco.com.br\/inicio\/wp-json\/wp\/v2\/posts"}],"about":[{"href":"https:\/\/newsinfoco.com.br\/inicio\/wp-json\/wp\/v2\/types\/post"}],"author":[{"embeddable":true,"href":"https:\/\/newsinfoco.com.br\/inicio\/wp-json\/wp\/v2\/users\/1"}],"replies":[{"embeddable":true,"href":"https:\/\/newsinfoco.com.br\/inicio\/wp-json\/wp\/v2\/comments?post=4841"}],"version-history":[{"count":0,"href":"https:\/\/newsinfoco.com.br\/inicio\/wp-json\/wp\/v2\/posts\/4841\/revisions"}],"wp:featuredmedia":[{"embeddable":true,"href":"https:\/\/newsinfoco.com.br\/inicio\/wp-json\/wp\/v2\/media\/4843"}],"wp:attachment":[{"href":"https:\/\/newsinfoco.com.br\/inicio\/wp-json\/wp\/v2\/media?parent=4841"}],"wp:term":[{"taxonomy":"category","embeddable":true,"href":"https:\/\/newsinfoco.com.br\/inicio\/wp-json\/wp\/v2\/categories?post=4841"},{"taxonomy":"post_tag","embeddable":true,"href":"https:\/\/newsinfoco.com.br\/inicio\/wp-json\/wp\/v2\/tags?post=4841"}],"curies":[{"name":"wp","href":"https:\/\/api.w.org\/{rel}","templated":true}]}}