{"id":48410,"date":"2025-12-09T18:37:21","date_gmt":"2025-12-09T21:37:21","guid":{"rendered":"https:\/\/newsinfoco.com.br\/inicio\/?p=48410"},"modified":"2025-12-09T18:37:21","modified_gmt":"2025-12-09T21:37:21","slug":"banda-marcial-de-alagoinhas-vence-o-campeonato-baiano-de-bandas-e-fanfarras","status":"publish","type":"post","link":"https:\/\/newsinfoco.com.br\/inicio\/banda-marcial-de-alagoinhas-vence-o-campeonato-baiano-de-bandas-e-fanfarras\/","title":{"rendered":"Banda Marcial de Alagoinhas vence o Campeonato Baiano de Bandas e Fanfarras"},"content":{"rendered":"<p>A \u00a0Banda Marcial Tradicional de Alagoinhas consolidou sua hegemonia no cen\u00e1rio musical c\u00edvico ao conquistar, novamente de forma invicta, o Campeonato Baiano de Bandas e Fanfarras 2025. A corpora\u00e7\u00e3o \u00e9 agora tetradecacampe\u00e3 baiana (14 vezes), al\u00e9m de deter um t\u00edtulo nacional, dois vice-campeonatos nacionais e um vice na Copa do Nordeste. A banda, fundada em 1992, competiu na categoria \u201cBanda Marcial com Evolu\u00e7\u00e3o\u201d e foi a grande vencedora das tr\u00eas pra\u00e7as classificat\u00f3rias e da final em 2025, repetindo o feito de 2024.<\/p>\n<p>O Campeonato Baiano, promovido pela Associa\u00e7\u00e3o de Fanfarras e Bandas da Bahia (FAB), com sede em Salvador, ocorreu em tr\u00eas etapas classificat\u00f3rias. A cada etapa, as bandas receberam pontua\u00e7\u00f5es de 10 pontos para o primeiro lugar, 8 para o segundo e terceiro. As tr\u00eas primeiras colocadas avan\u00e7aram para a final, onde a banda de maior pontua\u00e7\u00e3o se apresentou por \u00faltimo.<\/p><div class=\"newsi-conteudo_19\" id=\"newsi-1201722657\"><a href=\"https:\/\/www.instagram.com\/prefeituraalagoinhas?igsh=YzgzdDJ1bWR3aWI4\" aria-label=\"SAVE_20251006_221555\"><img loading=\"lazy\" decoding=\"async\" src=\"https:\/\/newsinfoco.com.br\/inicio\/wp-content\/uploads\/2025\/10\/SAVE_20251006_221555-rotated.jpg\" alt=\"\"  srcset=\"https:\/\/newsinfoco.com.br\/inicio\/wp-content\/uploads\/2025\/10\/SAVE_20251006_221555-rotated.jpg 1140w, https:\/\/newsinfoco.com.br\/inicio\/wp-content\/uploads\/2025\/10\/SAVE_20251006_221555-300x52.jpg 300w, https:\/\/newsinfoco.com.br\/inicio\/wp-content\/uploads\/2025\/10\/SAVE_20251006_221555-1024x177.jpg 1024w, https:\/\/newsinfoco.com.br\/inicio\/wp-content\/uploads\/2025\/10\/SAVE_20251006_221555-768x133.jpg 768w, https:\/\/newsinfoco.com.br\/inicio\/wp-content\/uploads\/2025\/10\/SAVE_20251006_221555-600x104.jpg 600w, https:\/\/newsinfoco.com.br\/inicio\/wp-content\/uploads\/2025\/10\/SAVE_20251006_221555-696x120.jpg 696w, https:\/\/newsinfoco.com.br\/inicio\/wp-content\/uploads\/2025\/10\/SAVE_20251006_221555-1068x185.jpg 1068w\" sizes=\"(max-width: 1140px) 100vw, 1140px\" width=\"1140\" height=\"197\"   \/><\/a><\/div>\n<p>Sete jurados avaliaram o corpo musical com base em aspecto musical: ritmo, afina\u00e7\u00e3o, melodia e harmonia; aspecto evolu\u00e7\u00e3o: coreografia, movimentos uniformes e sincronismo; aspecto apresenta\u00e7\u00e3o: marcha, conserva\u00e7\u00e3o de instrumentos e uniforme, garbo, alinhamento e cobertura. Os aspectos s\u00e3o julgados separadamente, e a premia\u00e7\u00e3o \u00e9 feita com trof\u00e9us para o corpo musical e medalhas para os perif\u00e9ricos, sem premia\u00e7\u00e3o financeira.<\/p>\n<p>Com 33 anos de funda\u00e7\u00e3o e mais de mil pessoas que passaram por suas fileiras, a fanfarra \u00e9 um importante vetor social em Alagoinhas. \u201cMuitos se conheceram ali, se casaram, constitu\u00edram fam\u00edlia, hoje os filhos tocam e j\u00e1 tem netos tocando tamb\u00e9m. \u00c9 uma hist\u00f3ria maravilhosa\u201d, comentou Marcos dos Santos, presidente da banda.<\/p>\n<p>Para o pr\u00f3ximo ano, a banda planeja realizar de um concerto natalino no centro da cidade. \u201cO concerto, com orquestra\u00e7\u00e3o completa e uso do material sinf\u00f4nico, incluir\u00e1 homenagens e m\u00fasicas populares, como as de Roberto Carlos, buscando maior envolvimento da comunidade\u201d, conclui o presidente.<\/p>\n<div align=\"right\">\n<p>&nbsp;<\/p>\n<\/div>\n<div class='share-to-whatsapp-wrapper'><div class='share-on-whsp'>Share on: <\/div><a data-text='Banda Marcial de Alagoinhas vence o Campeonato Baiano de Bandas e Fanfarras' data-link='https:\/\/newsinfoco.com.br\/inicio\/banda-marcial-de-alagoinhas-vence-o-campeonato-baiano-de-bandas-e-fanfarras\/' class='whatsapp-button whatsapp-share'>WhatsApp<\/a><div class='clear '><\/div><\/div>","protected":false},"excerpt":{"rendered":"<p>A \u00a0Banda Marcial Tradicional de Alagoinhas consolidou sua hegemonia no cen\u00e1rio musical c\u00edvico ao conquistar, novamente de forma invicta, o Campeonato Baiano de Bandas e Fanfarras 2025. A corpora\u00e7\u00e3o \u00e9 agora tetradecacampe\u00e3 baiana (14 vezes), al\u00e9m de deter um t\u00edtulo nacional, dois vice-campeonatos nacionais e um vice na Copa do Nordeste. A banda, fundada em [&hellip;]<\/p>\n","protected":false},"author":1,"featured_media":48411,"comment_status":"closed","ping_status":"closed","sticky":false,"template":"","format":"standard","meta":{"om_disable_all_campaigns":false,"_exactmetrics_skip_tracking":false,"_exactmetrics_sitenote_active":false,"_exactmetrics_sitenote_note":"","_exactmetrics_sitenote_category":0,"footnotes":""},"categories":[38,167],"tags":[],"class_list":["post-48410","post","type-post","status-publish","format-standard","has-post-thumbnail","hentry","category-alagoinhas-e-regiao","category-exclusivas"],"aioseo_notices":[],"_links":{"self":[{"href":"https:\/\/newsinfoco.com.br\/inicio\/wp-json\/wp\/v2\/posts\/48410","targetHints":{"allow":["GET"]}}],"collection":[{"href":"https:\/\/newsinfoco.com.br\/inicio\/wp-json\/wp\/v2\/posts"}],"about":[{"href":"https:\/\/newsinfoco.com.br\/inicio\/wp-json\/wp\/v2\/types\/post"}],"author":[{"embeddable":true,"href":"https:\/\/newsinfoco.com.br\/inicio\/wp-json\/wp\/v2\/users\/1"}],"replies":[{"embeddable":true,"href":"https:\/\/newsinfoco.com.br\/inicio\/wp-json\/wp\/v2\/comments?post=48410"}],"version-history":[{"count":1,"href":"https:\/\/newsinfoco.com.br\/inicio\/wp-json\/wp\/v2\/posts\/48410\/revisions"}],"predecessor-version":[{"id":48412,"href":"https:\/\/newsinfoco.com.br\/inicio\/wp-json\/wp\/v2\/posts\/48410\/revisions\/48412"}],"wp:featuredmedia":[{"embeddable":true,"href":"https:\/\/newsinfoco.com.br\/inicio\/wp-json\/wp\/v2\/media\/48411"}],"wp:attachment":[{"href":"https:\/\/newsinfoco.com.br\/inicio\/wp-json\/wp\/v2\/media?parent=48410"}],"wp:term":[{"taxonomy":"category","embeddable":true,"href":"https:\/\/newsinfoco.com.br\/inicio\/wp-json\/wp\/v2\/categories?post=48410"},{"taxonomy":"post_tag","embeddable":true,"href":"https:\/\/newsinfoco.com.br\/inicio\/wp-json\/wp\/v2\/tags?post=48410"}],"curies":[{"name":"wp","href":"https:\/\/api.w.org\/{rel}","templated":true}]}}