{"id":48414,"date":"2025-12-10T11:10:43","date_gmt":"2025-12-10T14:10:43","guid":{"rendered":"https:\/\/newsinfoco.com.br\/inicio\/?p=48414"},"modified":"2025-12-10T20:59:39","modified_gmt":"2025-12-10T23:59:39","slug":"vereadores-luciano-almeida-e-thor-de-ninha-discutem-transparencia-no-programa-minha-casa-minha-vida-entidades","status":"publish","type":"post","link":"https:\/\/newsinfoco.com.br\/inicio\/vereadores-luciano-almeida-e-thor-de-ninha-discutem-transparencia-no-programa-minha-casa-minha-vida-entidades\/","title":{"rendered":"Vereadores Luciano Almeida e Thor de Ninha discutem transpar\u00eancia no programa Minha Casa, Minha Vida \u2013 Entidades"},"content":{"rendered":"<p>Na sess\u00e3o ordin\u00e1ria realizada nesta ter\u00e7a-feira (09), o vereador Luciano Almeida voltou a tratar do programa Minha Casa, Minha Vida \u2013 Entidades, cobrando transpar\u00eancia no processo de sele\u00e7\u00e3o das fam\u00edlias contempladas para os conjuntos habitacionais Ramos 1 e Ramos 2. O parlamentar afirmou que, embora 250 pessoas j\u00e1 tenham sido contempladas, ainda n\u00e3o h\u00e1 informa\u00e7\u00f5es p\u00fablicas sobre como ocorreu a escolha dos benefici\u00e1rios, tampouco sobre o n\u00famero de inscritos ou os crit\u00e9rios adotados.<\/p>\n<p>Em plen\u00e1rio, Luciano destacou que o programa \u00e9 de \u00e2mbito federal e, por isso, deveria ter seguido ampla divulga\u00e7\u00e3o oficial, garantindo igualdade de acesso \u00e0 popula\u00e7\u00e3o. Ele tamb\u00e9m mencionou que, no per\u00edodo eleitoral do ano passado, links de inscri\u00e7\u00e3o circularam em grupos de WhatsApp, conduzidos \u2013 segundo ele \u2013 por pessoas ligadas a atores pol\u00edticos da cidade, o que motivou questionamentos quanto \u00e0 lisura do processo.<\/p><div class=\"newsi-conteudo_19\" id=\"newsi-758193377\"><a href=\"https:\/\/www.instagram.com\/prefeituraalagoinhas?igsh=YzgzdDJ1bWR3aWI4\" aria-label=\"SAVE_20251006_221555\"><img loading=\"lazy\" decoding=\"async\" src=\"https:\/\/newsinfoco.com.br\/inicio\/wp-content\/uploads\/2025\/10\/SAVE_20251006_221555-rotated.jpg\" alt=\"\"  srcset=\"https:\/\/newsinfoco.com.br\/inicio\/wp-content\/uploads\/2025\/10\/SAVE_20251006_221555-rotated.jpg 1140w, https:\/\/newsinfoco.com.br\/inicio\/wp-content\/uploads\/2025\/10\/SAVE_20251006_221555-300x52.jpg 300w, https:\/\/newsinfoco.com.br\/inicio\/wp-content\/uploads\/2025\/10\/SAVE_20251006_221555-1024x177.jpg 1024w, https:\/\/newsinfoco.com.br\/inicio\/wp-content\/uploads\/2025\/10\/SAVE_20251006_221555-768x133.jpg 768w, https:\/\/newsinfoco.com.br\/inicio\/wp-content\/uploads\/2025\/10\/SAVE_20251006_221555-600x104.jpg 600w, https:\/\/newsinfoco.com.br\/inicio\/wp-content\/uploads\/2025\/10\/SAVE_20251006_221555-696x120.jpg 696w, https:\/\/newsinfoco.com.br\/inicio\/wp-content\/uploads\/2025\/10\/SAVE_20251006_221555-1068x185.jpg 1068w\" sizes=\"(max-width: 1140px) 100vw, 1140px\" width=\"1140\" height=\"197\"   \/><\/a><\/div>\n<p>\u201cN\u00f3s n\u00e3o sabemos quantas pessoas se inscreveram, n\u00e3o sabemos como foram selecionadas e nem por quais crit\u00e9rios. O que pedimos \u00e9 transpar\u00eancia. N\u00e3o se trata de acusa\u00e7\u00e3o, mas de esclarecimento. A popula\u00e7\u00e3o precisa ter confian\u00e7a nos programas habitacionais\u201d, afirmou.<\/p>\n<p>Em seguida, o vereador Thor de Ninha ponderou sobre o programa Minha Casa, Minha Vida \u2013 em suas diferentes modalidades -, afirmando que segue o mesmo regras definidas pelo Governo Federal e que o munic\u00edpio n\u00e3o tem autonomia para alterar ou conduzir seus procedimentos internos. Em seguida, ressaltou que os programas habitacionais de interesse social sempre tiveram forte compromisso com crit\u00e9rios t\u00e9cnicos e com a promo\u00e7\u00e3o de direitos.<\/p>\n<p>\u201cO programa tem normas claras, estabelecidas nacionalmente. Antes de associar este tema a qualquer grupo pol\u00edtico, \u00e9 importante conhecer essas regras e compreender como elas funcionam. O nosso papel \u00e9 assegurar que as informa\u00e7\u00f5es sejam disponibilizadas, e isso ser\u00e1 feito\u201d, disse.<\/p>\n<p>Na sequ\u00eancia, o vereador Luciano Almeida pediu a palavra para esclarecer que n\u00e3o atribuiu a nenhuma lideran\u00e7a pol\u00edtica a propriedade do programa ou da entidade respons\u00e1vel pela execu\u00e7\u00e3o, mas que estranhou a presen\u00e7a de pessoas vinculadas a mandatos p\u00fablicos participando da condu\u00e7\u00e3o e das reuni\u00f5es referentes ao empreendimento. Ressaltou ainda que reportagens em n\u00edvel nacional t\u00eam levantado questionamentos sobre a atua\u00e7\u00e3o de algumas entidades que operam o Minha Casa, Minha Vida \u2013 Entidades, o que refor\u00e7a a necessidade de cautela e apura\u00e7\u00e3o.<\/p>\n<p>\u201cEu n\u00e3o afirmei que o programa pertence a ningu\u00e9m. O que causa d\u00favida \u00e9 a participa\u00e7\u00e3o de figuras que ocupam fun\u00e7\u00f5es pol\u00edticas no processo de sele\u00e7\u00e3o. Quem deve esclarecer isso \u00e9 a entidade respons\u00e1vel e quem esteve \u00e0 frente das etapas realizadas na cidade\u201d, defendeu.<\/p>\n<p>Thor encerrou o debate reiterando que todas as informa\u00e7\u00f5es solicitadas ser\u00e3o apresentadas quando a entidade respons\u00e1vel utilizar a tribuna e enfatizou que discutir o tema \u00e9 saud\u00e1vel para a transpar\u00eancia institucional.<\/p>\n<p>\u201cN\u00e3o h\u00e1 qualquer problema em debater. Diverg\u00eancias fazem parte do processo democr\u00e1tico, e todas as respostas ser\u00e3o dadas. Posso discordar do conte\u00fado, mas sempre defenderei o direito de que preocupa\u00e7\u00f5es dessa natureza sejam trazidas para esta Casa\u201d, concluiu.<\/p>\n<p><strong>Ascom \u2013 C\u00e2mara Municipal de Alagoinhas<\/strong><\/p>\n<p><strong>Fotos \u2013 Jh\u00f4 Paz<\/strong><\/p>\n<div class='share-to-whatsapp-wrapper'><div class='share-on-whsp'>Share on: <\/div><a data-text='Vereadores Luciano Almeida e Thor de Ninha discutem transpar\u00eancia no programa Minha Casa, Minha Vida \u2013 Entidades' data-link='https:\/\/newsinfoco.com.br\/inicio\/vereadores-luciano-almeida-e-thor-de-ninha-discutem-transparencia-no-programa-minha-casa-minha-vida-entidades\/' class='whatsapp-button whatsapp-share'>WhatsApp<\/a><div class='clear '><\/div><\/div>","protected":false},"excerpt":{"rendered":"<p>Na sess\u00e3o ordin\u00e1ria realizada nesta ter\u00e7a-feira (09), o vereador Luciano Almeida voltou a tratar do programa Minha Casa, Minha Vida \u2013 Entidades, cobrando transpar\u00eancia no processo de sele\u00e7\u00e3o das fam\u00edlias contempladas para os conjuntos habitacionais Ramos 1 e Ramos 2. O parlamentar afirmou que, embora 250 pessoas j\u00e1 tenham sido contempladas, ainda n\u00e3o h\u00e1 informa\u00e7\u00f5es [&hellip;]<\/p>\n","protected":false},"author":1,"featured_media":48415,"comment_status":"closed","ping_status":"closed","sticky":false,"template":"","format":"standard","meta":{"om_disable_all_campaigns":false,"_exactmetrics_skip_tracking":false,"_exactmetrics_sitenote_active":false,"_exactmetrics_sitenote_note":"","_exactmetrics_sitenote_category":0,"footnotes":""},"categories":[19],"tags":[],"class_list":["post-48414","post","type-post","status-publish","format-standard","has-post-thumbnail","hentry","category-bahia"],"aioseo_notices":[],"_links":{"self":[{"href":"https:\/\/newsinfoco.com.br\/inicio\/wp-json\/wp\/v2\/posts\/48414","targetHints":{"allow":["GET"]}}],"collection":[{"href":"https:\/\/newsinfoco.com.br\/inicio\/wp-json\/wp\/v2\/posts"}],"about":[{"href":"https:\/\/newsinfoco.com.br\/inicio\/wp-json\/wp\/v2\/types\/post"}],"author":[{"embeddable":true,"href":"https:\/\/newsinfoco.com.br\/inicio\/wp-json\/wp\/v2\/users\/1"}],"replies":[{"embeddable":true,"href":"https:\/\/newsinfoco.com.br\/inicio\/wp-json\/wp\/v2\/comments?post=48414"}],"version-history":[{"count":1,"href":"https:\/\/newsinfoco.com.br\/inicio\/wp-json\/wp\/v2\/posts\/48414\/revisions"}],"predecessor-version":[{"id":48416,"href":"https:\/\/newsinfoco.com.br\/inicio\/wp-json\/wp\/v2\/posts\/48414\/revisions\/48416"}],"wp:featuredmedia":[{"embeddable":true,"href":"https:\/\/newsinfoco.com.br\/inicio\/wp-json\/wp\/v2\/media\/48415"}],"wp:attachment":[{"href":"https:\/\/newsinfoco.com.br\/inicio\/wp-json\/wp\/v2\/media?parent=48414"}],"wp:term":[{"taxonomy":"category","embeddable":true,"href":"https:\/\/newsinfoco.com.br\/inicio\/wp-json\/wp\/v2\/categories?post=48414"},{"taxonomy":"post_tag","embeddable":true,"href":"https:\/\/newsinfoco.com.br\/inicio\/wp-json\/wp\/v2\/tags?post=48414"}],"curies":[{"name":"wp","href":"https:\/\/api.w.org\/{rel}","templated":true}]}}