{"id":48417,"date":"2025-12-10T13:33:11","date_gmt":"2025-12-10T16:33:11","guid":{"rendered":"https:\/\/newsinfoco.com.br\/inicio\/?p=48417"},"modified":"2025-12-10T13:33:11","modified_gmt":"2025-12-10T16:33:11","slug":"pre-venda-para-show-de-marisa-monte-na-concha-acustica-comeca-nesta-quarta-10","status":"publish","type":"post","link":"https:\/\/newsinfoco.com.br\/inicio\/pre-venda-para-show-de-marisa-monte-na-concha-acustica-comeca-nesta-quarta-10\/","title":{"rendered":"Pr\u00e9-venda para show de Marisa Monte na Concha Ac\u00fastica come\u00e7a nesta quarta (10)"},"content":{"rendered":"<p>A cantora Marisa Monte vai desembarcar na Concha Ac\u00fastica do Teatro Castro Alves (TCA) em 28 de mar\u00e7o de 2026. A artista trar\u00e1 a Salvador a sua nova turn\u00ea, intitulada \u201c<strong>PHONICA\u201d<\/strong>\u00a0com sua banda e uma orquestra sinf\u00f4nica com 55 m\u00fasicos sob reg\u00eancia do maestro Andr\u00e9 Bachur.<\/p>\n<p>A pr\u00e9-venda exclusiva para o evento come\u00e7ou \u00e0s 12h desta quarta-feira (10). Clientes dos cart\u00f5es BB Visa ter\u00e3o 25% de desconto e parcelamento em at\u00e9 6x sem juros. A abertura de vendas gerais acontece no dia 12 de dezembro, a partir das 14h, com parcelamento em at\u00e9 6x sem juros ou em at\u00e9 10x sem juros, se cliente dos cart\u00f5es BB Visa.<\/p><div class=\"newsi-conteudo_19\" id=\"newsi-777070316\"><a href=\"https:\/\/www.instagram.com\/prefeituraalagoinhas?igsh=YzgzdDJ1bWR3aWI4\" aria-label=\"SAVE_20251006_221555\"><img loading=\"lazy\" decoding=\"async\" src=\"https:\/\/newsinfoco.com.br\/inicio\/wp-content\/uploads\/2025\/10\/SAVE_20251006_221555-rotated.jpg\" alt=\"\"  srcset=\"https:\/\/newsinfoco.com.br\/inicio\/wp-content\/uploads\/2025\/10\/SAVE_20251006_221555-rotated.jpg 1140w, https:\/\/newsinfoco.com.br\/inicio\/wp-content\/uploads\/2025\/10\/SAVE_20251006_221555-300x52.jpg 300w, https:\/\/newsinfoco.com.br\/inicio\/wp-content\/uploads\/2025\/10\/SAVE_20251006_221555-1024x177.jpg 1024w, https:\/\/newsinfoco.com.br\/inicio\/wp-content\/uploads\/2025\/10\/SAVE_20251006_221555-768x133.jpg 768w, https:\/\/newsinfoco.com.br\/inicio\/wp-content\/uploads\/2025\/10\/SAVE_20251006_221555-600x104.jpg 600w, https:\/\/newsinfoco.com.br\/inicio\/wp-content\/uploads\/2025\/10\/SAVE_20251006_221555-696x120.jpg 696w, https:\/\/newsinfoco.com.br\/inicio\/wp-content\/uploads\/2025\/10\/SAVE_20251006_221555-1068x185.jpg 1068w\" sizes=\"(max-width: 1140px) 100vw, 1140px\" width=\"1140\" height=\"197\"   \/><\/a><\/div>\n<p>As vendas ser\u00e3o realizadas pelo site<a href=\"http:\/\/www.ticketsforfun.com.br\/\" target=\"_blank\" rel=\"noopener noreferrer\">\u00a0www.ticketsforfun.com.br<\/a>.<\/p>\n<div>\n<div>\n<div class=\"trv-player-container\">\n<div class=\"trv-wrapper\">\n<div id=\"br_video_player_8d48c9070164bfa9a3dfea147751da9dc3c659f9\" class=\"trvd_video_player trvdinstream\">\n<div class=\"media-player\">\n<div class=\"trv-video\">\n<div id=\"truvid_ima_container33732\" class=\"truvid_ima_container trv-ima-container-hidden\">\n<p>\u201cPhonica \u00e9 um projeto raro, especial e \u00fanico. Viajar com 60 m\u00fasicos e 40 profissionais da cultura e t\u00e9cnicos \u00e9 um desafio log\u00edstico que finalmente conseguimos superar para realizar o sonho de tocar para o p\u00fablico do Nordeste. Estou muito feliz com nosso encontro marcado com a m\u00fasica, a poesia e com a alegria. Em mar\u00e7o estaremos juntos!\u201d, afirmou a cantora sobre a apresenta\u00e7\u00e3o na capital baiana.<\/p>\n<p>Bahia.Ba<\/p>\n<\/div>\n<\/div>\n<\/div>\n<\/div>\n<\/div>\n<\/div>\n<\/div>\n<\/div>\n<div class='share-to-whatsapp-wrapper'><div class='share-on-whsp'>Share on: <\/div><a data-text='Pr\u00e9-venda para show de Marisa Monte na Concha Ac\u00fastica come\u00e7a nesta quarta (10)' data-link='https:\/\/newsinfoco.com.br\/inicio\/pre-venda-para-show-de-marisa-monte-na-concha-acustica-comeca-nesta-quarta-10\/' class='whatsapp-button whatsapp-share'>WhatsApp<\/a><div class='clear '><\/div><\/div>","protected":false},"excerpt":{"rendered":"<p>A cantora Marisa Monte vai desembarcar na Concha Ac\u00fastica do Teatro Castro Alves (TCA) em 28 de mar\u00e7o de 2026. A artista trar\u00e1 a Salvador a sua nova turn\u00ea, intitulada \u201cPHONICA\u201d\u00a0com sua banda e uma orquestra sinf\u00f4nica com 55 m\u00fasicos sob reg\u00eancia do maestro Andr\u00e9 Bachur. A pr\u00e9-venda exclusiva para o evento come\u00e7ou \u00e0s 12h [&hellip;]<\/p>\n","protected":false},"author":1,"featured_media":48418,"comment_status":"closed","ping_status":"closed","sticky":false,"template":"","format":"standard","meta":{"om_disable_all_campaigns":false,"_exactmetrics_skip_tracking":false,"_exactmetrics_sitenote_active":false,"_exactmetrics_sitenote_note":"","_exactmetrics_sitenote_category":0,"footnotes":""},"categories":[19],"tags":[],"class_list":["post-48417","post","type-post","status-publish","format-standard","has-post-thumbnail","hentry","category-bahia"],"aioseo_notices":[],"_links":{"self":[{"href":"https:\/\/newsinfoco.com.br\/inicio\/wp-json\/wp\/v2\/posts\/48417","targetHints":{"allow":["GET"]}}],"collection":[{"href":"https:\/\/newsinfoco.com.br\/inicio\/wp-json\/wp\/v2\/posts"}],"about":[{"href":"https:\/\/newsinfoco.com.br\/inicio\/wp-json\/wp\/v2\/types\/post"}],"author":[{"embeddable":true,"href":"https:\/\/newsinfoco.com.br\/inicio\/wp-json\/wp\/v2\/users\/1"}],"replies":[{"embeddable":true,"href":"https:\/\/newsinfoco.com.br\/inicio\/wp-json\/wp\/v2\/comments?post=48417"}],"version-history":[{"count":1,"href":"https:\/\/newsinfoco.com.br\/inicio\/wp-json\/wp\/v2\/posts\/48417\/revisions"}],"predecessor-version":[{"id":48419,"href":"https:\/\/newsinfoco.com.br\/inicio\/wp-json\/wp\/v2\/posts\/48417\/revisions\/48419"}],"wp:featuredmedia":[{"embeddable":true,"href":"https:\/\/newsinfoco.com.br\/inicio\/wp-json\/wp\/v2\/media\/48418"}],"wp:attachment":[{"href":"https:\/\/newsinfoco.com.br\/inicio\/wp-json\/wp\/v2\/media?parent=48417"}],"wp:term":[{"taxonomy":"category","embeddable":true,"href":"https:\/\/newsinfoco.com.br\/inicio\/wp-json\/wp\/v2\/categories?post=48417"},{"taxonomy":"post_tag","embeddable":true,"href":"https:\/\/newsinfoco.com.br\/inicio\/wp-json\/wp\/v2\/tags?post=48417"}],"curies":[{"name":"wp","href":"https:\/\/api.w.org\/{rel}","templated":true}]}}